{"id":152603,"date":"2022-03-22T16:00:00","date_gmt":"2022-03-22T15:00:00","guid":{"rendered":"http:\/\/www.tucomarca.com\/wordpress\/segunda\/?p=152603"},"modified":"2022-03-22T18:32:26","modified_gmt":"2022-03-22T17:32:26","slug":"conselleria-deducacio-proposa-la-creacio-daules-de-2-3-anys-en-collegis-publics-de-requena","status":"publish","type":"post","link":"https:\/\/tucomarca.whitekongsoftware.com\/ca\/conselleria-deducacio-proposa-la-creacio-daules-de-2-3-anys-en-collegis-publics-de-requena\/","title":{"rendered":"Conselleria d&#8217;Educaci\u00f3 proposa la creaci\u00f3 d&#8217;aules de 2-3 anys en col\u00b7legis p\u00fablics de Requena"},"content":{"rendered":"\n<p class=\"wp-block-paragraph\"><strong>Des de les escoles infantils alerten que la decisi\u00f3 d&#8217;Educaci\u00f3 &#8220;far\u00e0 perillar la continu\u00eftat d&#8217;aquests centres del municipi&#8221;<\/strong><\/p>\n\n\n\n<p class=\"wp-block-paragraph\">La setmana passada els centres infantils autoritzats de Requena (CEI Mafalda i CEI Duendecillos) aix\u00ed com les empreses que gestionen les escoles infantils municipals \u201cLa Glorieta\u201d i \u201cEscola Zorita\u201d van tindre coneixement de l&#8217;arranjament escolar de la Conselleria per al pr\u00f2xim curs en el qual previsiblement es crear\u00e0 una aula de 2-3 anys en el CEIP \u201cSerrano Clavero\u201d i una altra en el CEIP \u201cLucio Gil Fagoaga\u201d. <\/p>\n\n\n\n<p class=\"wp-block-paragraph\">La not\u00edcia &#8220;ha causat gran sorpresa en els centres infantils del municipi, ja que l&#8217;obertura d&#8217;aquestes aules sol fer-se en municipis on la demanda de les fam\u00edlies era superior a l&#8217;oferta, quedant xiquets i xiquetes sense escolaritzar&#8221; segons fonts de les escoles infantils. No obstant aix\u00f2 -afigen-, a Requena, per l&#8217;escassa natalitat d&#8217;aquests \u00faltims anys fa innecess\u00e0ria l&#8217;ampliaci\u00f3 de places en els col\u00b7legis, ja que en els \u00faltims cursos escolars els centres infantils han tingut places vacants gratu\u00eftes&#8221;. <\/p>\n\n\n\n<p class=\"wp-block-paragraph\">Aix\u00f2, unit al fet que &#8220;en el pr\u00f2xim curs tots els centres infantils (p\u00fablics i privats) seran gratu\u00efts en el tram de 2-3 anys (nascuts en 2020), fa que qualsevol fam\u00edlia puga matricular en qualsevol centre d&#8217;educaci\u00f3 infantil ja existent sense cap cost. Si els CEIP obrin les aules previstes, no hi haur\u00e0 suficient demanda per a garantir l&#8217;obertura de totes les aules, amb el que es veuran abocades al tancament d&#8217;aules o fins i tot del propi centre, amb els conseg\u00fcents acomiadaments de treballadores&#8221; afirmen les fonts. <\/p>\n\n\n\n<p class=\"wp-block-paragraph\">Els quatre centres esmentats donen treball a d\u00edhuit dones i dos homes en total i suposen un element de dinamitzaci\u00f3 de l&#8217;economia local, ja que fan \u00fas d&#8217;altres empreses de Requena (cl\u00edniques psicopedag\u00f2giques, servei de neteja, comer\u00e7 local, entre altres), van destacar representants de les escoles infantils. Informa, <strong>Luis Ib\u00e1\u00f1ez<\/strong>.<\/p>\n","protected":false},"excerpt":{"rendered":"<div class=\"mh-excerpt\">Des de les escoles infantils alerten que la decisi\u00f3 d&#8217;Educaci\u00f3 &#8220;far\u00e0 perillar la continu\u00eftat d&#8217;aquests centres del municipi&#8221; La setmana passada els centres infantils autoritzats de Requena (CEI Mafalda i CEI Duendecillos) aix\u00ed com les <a class=\"mh-excerpt-more\" href=\"https:\/\/tucomarca.whitekongsoftware.com\/ca\/conselleria-deducacio-proposa-la-creacio-daules-de-2-3-anys-en-collegis-publics-de-requena\/\" title=\"Conselleria d&#8217;Educaci\u00f3 proposa la creaci\u00f3 d&#8217;aules de 2-3 anys en col\u00b7legis p\u00fablics de Requena\">[+] <\/a><\/div>\n","protected":false},"author":1,"featured_media":122581,"comment_status":"open","ping_status":"open","sticky":false,"template":"","format":"standard","meta":{"footnotes":""},"categories":[10948,10894,10947,10908,10909,10896],"tags":[16610,10910],"class_list":["post-152603","post","type-post","status-publish","format-standard","has-post-thumbnail","category-infraestructuras-ca","category-la-comarca-ca","category-politica","category-requena-ca","category-requena-utiel-ca","category-seccion-ca","tag-guarderias-infantiles-ca","tag-requena-utiel-ca"],"_links":{"self":[{"href":"https:\/\/tucomarca.whitekongsoftware.com\/ca\/wp-json\/wp\/v2\/posts\/152603","targetHints":{"allow":["GET"]}}],"collection":[{"href":"https:\/\/tucomarca.whitekongsoftware.com\/ca\/wp-json\/wp\/v2\/posts"}],"about":[{"href":"https:\/\/tucomarca.whitekongsoftware.com\/ca\/wp-json\/wp\/v2\/types\/post"}],"author":[{"embeddable":true,"href":"https:\/\/tucomarca.whitekongsoftware.com\/ca\/wp-json\/wp\/v2\/users\/1"}],"replies":[{"embeddable":true,"href":"https:\/\/tucomarca.whitekongsoftware.com\/ca\/wp-json\/wp\/v2\/comments?post=152603"}],"version-history":[{"count":0,"href":"https:\/\/tucomarca.whitekongsoftware.com\/ca\/wp-json\/wp\/v2\/posts\/152603\/revisions"}],"wp:featuredmedia":[{"embeddable":true,"href":"https:\/\/tucomarca.whitekongsoftware.com\/ca\/wp-json\/wp\/v2\/media\/122581"}],"wp:attachment":[{"href":"https:\/\/tucomarca.whitekongsoftware.com\/ca\/wp-json\/wp\/v2\/media?parent=152603"}],"wp:term":[{"taxonomy":"category","embeddable":true,"href":"https:\/\/tucomarca.whitekongsoftware.com\/ca\/wp-json\/wp\/v2\/categories?post=152603"},{"taxonomy":"post_tag","embeddable":true,"href":"https:\/\/tucomarca.whitekongsoftware.com\/ca\/wp-json\/wp\/v2\/tags?post=152603"}],"curies":[{"name":"wp","href":"https:\/\/api.w.org\/{rel}","templated":true}]}}