{"id":152409,"date":"2022-03-21T11:16:00","date_gmt":"2022-03-21T10:16:00","guid":{"rendered":"http:\/\/www.tucomarca.com\/wordpress\/segunda\/?p=152409"},"modified":"2022-03-21T14:43:35","modified_gmt":"2022-03-21T13:43:35","slug":"turis-ajorna-les-falles-amb-el-consens-de-les-cinc-comissions-falleres-per-pluja","status":"publish","type":"post","link":"https:\/\/tucomarca.whitekongsoftware.com\/ca\/turis-ajorna-les-falles-amb-el-consens-de-les-cinc-comissions-falleres-per-pluja\/","title":{"rendered":"Tur\u00eds ajorna les falles amb el consens de les cinc comissions falleres per pluja"},"content":{"rendered":"\n<h4 class=\"wp-block-heading\">Se celebraran del 31 de mar\u00e7 al 3 d\u2019abril<\/h4>\n\n\n\n<p class=\"wp-block-paragraph\">En la reuni\u00f3 que han mantingut els presidents de les cinc comissions turisanes (Els Barris, Pla\u00e7a del Mercat, Placeta del Marqu\u00e9s, Avda. Corts Valencianes i L\u2019Antiga Fontanella) amb l\u2019alcalde i president Nat de Junta Local, Eugenio Forta\u00f1a, i Isabel Guaita, Regidora de Cultura i Presidenta Executiva, s\u2019ha acordat que les falles de 2022 ajornen la seua celebraci\u00f3 a la setmana del 30 de mar\u00e7 al 3 d\u2019abril.<\/p>\n\n\n\n<p class=\"wp-block-paragraph\">La previsi\u00f3 meteorol\u00f2gica ha sigut la desencadenant d\u2019esta decisi\u00f3 que s\u2019ha pres per unanimitat. Totes les informacions conegudes fins al moment anuncien l\u2019arribada de noves borrasques que, a m\u00e9s d\u2019originar abundant pluja al llarg de la setmana, no la descarta tampoc per al cap de setmana en qu\u00e8 estava previst celebrar els actes centrals d\u2019estes anhelades falles.<\/p>\n\n\n\n<p class=\"wp-block-paragraph\">Amb esta decisi\u00f3, falleres i fallers de Tur\u00eds desitgen que les falles puguen celebrar-se en total plenitud i tranquil\u00b7litat, amb la m\u00e0xima normalitat possible i sense necessitat d\u2019estar pendents d\u2019un oratge que pot obligar a suspendre o ajornar actes o a no celebrar-los amb la vistositat que s\u2019espera.<\/p>\n\n\n\n<p class=\"wp-block-paragraph\">En principi tot el programa d\u2019actes es trasllada amb els mateixos horaris i llocs establerts en el seu moment, per\u00f2 ajustant-se als dies determinats (del 31 de mar\u00e7 al 3 d\u2019abril).<\/p>\n\n\n\n<p class=\"wp-block-paragraph\">La Junta Local Fallera desitja que esta decisi\u00f3 repercutisca en una celebraci\u00f3 plena, satisfact\u00f2ria i hist\u00f2rica de les nostres falles i que siga beneficiosa tant per al col\u00b7lectiu com per al poble en general.<br><\/p>\n\n\n\n<p class=\"wp-block-paragraph\"><\/p>\n","protected":false},"excerpt":{"rendered":"<div class=\"mh-excerpt\">Se celebraran del 31 de mar\u00e7 al 3 d\u2019abril En la reuni\u00f3 que han mantingut els presidents de les cinc comissions turisanes (Els Barris, Pla\u00e7a del Mercat, Placeta del Marqu\u00e9s, Avda. Corts Valencianes i L\u2019Antiga <a class=\"mh-excerpt-more\" href=\"https:\/\/tucomarca.whitekongsoftware.com\/ca\/turis-ajorna-les-falles-amb-el-consens-de-les-cinc-comissions-falleres-per-pluja\/\" title=\"Tur\u00eds ajorna les falles amb el consens de les cinc comissions falleres per pluja\">[+] <\/a><\/div>\n","protected":false},"author":12,"featured_media":152408,"comment_status":"open","ping_status":"open","sticky":false,"template":"","format":"standard","meta":{"footnotes":""},"categories":[11019,10894,10902,11007,11008,10896,11047],"tags":[16581,16366,11505,11356,11093],"class_list":["post-152409","post","type-post","status-publish","format-standard","has-post-thumbnail","category-agenda-ca","category-la-comarca-ca","category-la-ribera-ca","category-ocio-y-cultura-ca","category-pueblos-en-fiestas-ca","category-seccion-ca","category-turis-ca","tag-fallas-aplazadas-ca","tag-fallas-de-turis-2022-ca","tag-junta-local-fallera-de-turis-ca","tag-ribera-alta-ca","tag-turis-ca"],"_links":{"self":[{"href":"https:\/\/tucomarca.whitekongsoftware.com\/ca\/wp-json\/wp\/v2\/posts\/152409","targetHints":{"allow":["GET"]}}],"collection":[{"href":"https:\/\/tucomarca.whitekongsoftware.com\/ca\/wp-json\/wp\/v2\/posts"}],"about":[{"href":"https:\/\/tucomarca.whitekongsoftware.com\/ca\/wp-json\/wp\/v2\/types\/post"}],"author":[{"embeddable":true,"href":"https:\/\/tucomarca.whitekongsoftware.com\/ca\/wp-json\/wp\/v2\/users\/12"}],"replies":[{"embeddable":true,"href":"https:\/\/tucomarca.whitekongsoftware.com\/ca\/wp-json\/wp\/v2\/comments?post=152409"}],"version-history":[{"count":0,"href":"https:\/\/tucomarca.whitekongsoftware.com\/ca\/wp-json\/wp\/v2\/posts\/152409\/revisions"}],"wp:featuredmedia":[{"embeddable":true,"href":"https:\/\/tucomarca.whitekongsoftware.com\/ca\/wp-json\/wp\/v2\/media\/152408"}],"wp:attachment":[{"href":"https:\/\/tucomarca.whitekongsoftware.com\/ca\/wp-json\/wp\/v2\/media?parent=152409"}],"wp:term":[{"taxonomy":"category","embeddable":true,"href":"https:\/\/tucomarca.whitekongsoftware.com\/ca\/wp-json\/wp\/v2\/categories?post=152409"},{"taxonomy":"post_tag","embeddable":true,"href":"https:\/\/tucomarca.whitekongsoftware.com\/ca\/wp-json\/wp\/v2\/tags?post=152409"}],"curies":[{"name":"wp","href":"https:\/\/api.w.org\/{rel}","templated":true}]}}