{"id":152205,"date":"2022-03-19T10:00:00","date_gmt":"2022-03-19T09:00:00","guid":{"rendered":"http:\/\/www.tucomarca.com\/wordpress\/segunda\/?p=152205"},"modified":"2022-03-19T13:01:52","modified_gmt":"2022-03-19T12:01:52","slug":"ladquisicio-del-cinema-astoria-de-requena-provoca-labando-del-teatre-principal-i-del-teatre-garcia-berlanga-segons-els-populars","status":"publish","type":"post","link":"https:\/\/tucomarca.whitekongsoftware.com\/ca\/ladquisicio-del-cinema-astoria-de-requena-provoca-labando-del-teatre-principal-i-del-teatre-garcia-berlanga-segons-els-populars\/","title":{"rendered":"L&#8217;adquisici\u00f3 del Cinema Astoria de Requena &#8220;provoca l&#8217;aband\u00f3 del Teatre Principal i del Teatre Garc\u00eda Berlanga&#8221;, segons els populars"},"content":{"rendered":"\n<p class=\"wp-block-paragraph\">&#8220;L&#8217;equip de govern centra les seues inversions en l&#8217;adquisici\u00f3 del Cinema Astoria, de Requena, mentre els teatres Principal i Garc\u00eda Berlanga es deterioren sense tindre inversions importants&#8221;, han assegurat fonts dels populars de la localitat.<\/p>\n\n\n\n<p class=\"wp-block-paragraph\">&#8220;L&#8217;equip de govern, en el seu afany de recuperar el Cinema Astoria, deixa en l&#8217;aband\u00f3 els dos teatres del nostre municipi&#8221;, afirmen des del Partit Popular de Requena. &#8220;El teatre Principal, a nom\u00e9s un any per a les eleccions municipals -afigen- veu com no s&#8217;ha complit res del que es prometia en el programa electoral socialista. Ni butaques noves, ni aires condicionats, absolutament gens destacat en el teatre requenense de m\u00e9s de 75 anys&#8221;. Molt prometien &#8220;per a aquest teatre des del Partit Socialista, per\u00f2 una vegada aconseguida la majoria absoluta en el govern res queda d&#8217;aqueixes promeses&#8221;, diuen les fonts.<\/p>\n\n\n\n<p class=\"wp-block-paragraph\">Per part seua, el teatre Garcia Berlanga, encara que la seua \u00faltima reforma siga de 2007, &#8220;veu tamb\u00e9 una deterioraci\u00f3 de falta de manteniment, principalment en humitats i l&#8217;al\u00e7ament del paper decoratiu que posseeix.<\/p>\n\n\n\n<p class=\"wp-block-paragraph\">Per al Partit Popular \u00e9s &#8220;imprescindible que les nostres instal\u00b7lacions municipals compten amb un bon manteniment&#8221;, expliquen des del primer partit de l&#8217;oposici\u00f3 en el consistori requenense. &#8220;No podem -agreguen- tornar a veure com es posa en perill la vida dels seus usuaris, com va passar per culpa de la falta de manteniment per part de l&#8217;ajuntament en la Fonda del Vi. No es pot invertir en el que no es t\u00e9, per a abandonar el que tenim&#8221;. Informa, <strong>Luis Ib\u00e1\u00f1e<\/strong>z.<\/p>\n","protected":false},"excerpt":{"rendered":"<div class=\"mh-excerpt\">&#8220;L&#8217;equip de govern centra les seues inversions en l&#8217;adquisici\u00f3 del Cinema Astoria, de Requena, mentre els teatres Principal i Garc\u00eda Berlanga es deterioren sense tindre inversions importants&#8221;, han assegurat fonts dels populars de la localitat. <a class=\"mh-excerpt-more\" href=\"https:\/\/tucomarca.whitekongsoftware.com\/ca\/ladquisicio-del-cinema-astoria-de-requena-provoca-labando-del-teatre-principal-i-del-teatre-garcia-berlanga-segons-els-populars\/\" title=\"L&#8217;adquisici\u00f3 del Cinema Astoria de Requena &#8220;provoca l&#8217;aband\u00f3 del Teatre Principal i del Teatre Garc\u00eda Berlanga&#8221;, segons els populars\">[+] <\/a><\/div>\n","protected":false},"author":1,"featured_media":152203,"comment_status":"open","ping_status":"open","sticky":false,"template":"","format":"standard","meta":{"footnotes":""},"categories":[10948,10894,10947,10908,10909,10896,10897],"tags":[11344,11099,10910,11900],"class_list":["post-152205","post","type-post","status-publish","format-standard","has-post-thumbnail","category-infraestructuras-ca","category-la-comarca-ca","category-politica","category-requena-ca","category-requena-utiel-ca","category-seccion-ca","category-sucesos-la-comarca-ca","tag-pp-ca","tag-requena-ca","tag-requena-utiel-ca","tag-teatro-ca"],"_links":{"self":[{"href":"https:\/\/tucomarca.whitekongsoftware.com\/ca\/wp-json\/wp\/v2\/posts\/152205","targetHints":{"allow":["GET"]}}],"collection":[{"href":"https:\/\/tucomarca.whitekongsoftware.com\/ca\/wp-json\/wp\/v2\/posts"}],"about":[{"href":"https:\/\/tucomarca.whitekongsoftware.com\/ca\/wp-json\/wp\/v2\/types\/post"}],"author":[{"embeddable":true,"href":"https:\/\/tucomarca.whitekongsoftware.com\/ca\/wp-json\/wp\/v2\/users\/1"}],"replies":[{"embeddable":true,"href":"https:\/\/tucomarca.whitekongsoftware.com\/ca\/wp-json\/wp\/v2\/comments?post=152205"}],"version-history":[{"count":0,"href":"https:\/\/tucomarca.whitekongsoftware.com\/ca\/wp-json\/wp\/v2\/posts\/152205\/revisions"}],"wp:featuredmedia":[{"embeddable":true,"href":"https:\/\/tucomarca.whitekongsoftware.com\/ca\/wp-json\/wp\/v2\/media\/152203"}],"wp:attachment":[{"href":"https:\/\/tucomarca.whitekongsoftware.com\/ca\/wp-json\/wp\/v2\/media?parent=152205"}],"wp:term":[{"taxonomy":"category","embeddable":true,"href":"https:\/\/tucomarca.whitekongsoftware.com\/ca\/wp-json\/wp\/v2\/categories?post=152205"},{"taxonomy":"post_tag","embeddable":true,"href":"https:\/\/tucomarca.whitekongsoftware.com\/ca\/wp-json\/wp\/v2\/tags?post=152205"}],"curies":[{"name":"wp","href":"https:\/\/api.w.org\/{rel}","templated":true}]}}