{"id":152178,"date":"2022-03-19T08:00:00","date_gmt":"2022-03-19T07:00:00","guid":{"rendered":"http:\/\/www.tucomarca.com\/wordpress\/segunda\/?p=152178"},"modified":"2022-03-19T12:33:46","modified_gmt":"2022-03-19T11:33:46","slug":"ava-asaja-reivindica-este-diumenge-20-de-marc-a-madrid-politiques-contra-la-crisi-de-rendibilitat-de-lagricultura-valenciana","status":"publish","type":"post","link":"https:\/\/tucomarca.whitekongsoftware.com\/ca\/ava-asaja-reivindica-este-diumenge-20-de-marc-a-madrid-politiques-contra-la-crisi-de-rendibilitat-de-lagricultura-valenciana\/","title":{"rendered":"AVA-Asaja reivindica este diumenge, 20 de mar\u00e7, a Madrid pol\u00edtiques contra la crisi de rendibilitat de l&#8217;agricultura valenciana"},"content":{"rendered":"\n<p class=\"wp-block-paragraph\">L&#8217;Associaci\u00f3 Valenciana d&#8217;Agricultors (AVA-ASAJA) acudir\u00e0 a la gran manifestaci\u00f3 del medi rural, convocada diumenge que ve 20 de mar\u00e7 a Madrid sota el lema \u2018Junts pel Camp\u2019, per a reivindicar a les diferents administracions \u201cpol\u00edtiques immediates i contundents contra la insostenible crisi de rendibilitat que arrosseguen els agricultors i ramaders de la Comunitat Valenciana i que situen a aquesta regi\u00f3 l\u00edder d&#8217;Espanya i possiblement d&#8217;Europa en terres agr\u00e0ries deixades de cultivar amb prop de 165.000 hect\u00e0rees\u201d.<\/p>\n\n\n\n<p class=\"wp-block-paragraph\">AVA-ASAJA aprofundir\u00e0 en la taula reivindicativa reclamada durant la recent manifestaci\u00f3 del sector agrari, que va reunir el 25 de febrer a Val\u00e8ncia a 8.000 persones i m\u00e9s de 250 tractors. Entre les demandes de l&#8217;organitzaci\u00f3 agr\u00e0ria destaquen el compliment rigor\u00f3s de la Llei de la Cadena Aliment\u00e0ria \u2013perseguint la venda a p\u00e8rdues i els preus en origen per davall dels costos de producci\u00f3, els quals han de ser fixats per un organisme p\u00fablic de refer\u00e8ncia\u2013; defensa de la prefer\u00e8ncia comunit\u00e0ria i la revisi\u00f3 dels acords amb pa\u00efsos tercers per a imposar reciprocitat i complementarietat; m\u00e9s recursos per a evitar l&#8217;entrada de plagues i malalties; estrat\u00e8gies de lluita i compensaci\u00f3 per danys de plagues i malalties importades; un nou sistema nacional d&#8217;assegurances agr\u00e0ries adaptat a les necessitats dels agricultors i ramaders, aix\u00ed com implantar una asseguran\u00e7a de costos\/ingressos agraris; adaptar la reforma laboral a la temporalitat de les campanyes agr\u00e0ries; revisi\u00f3 del Codi Penal i augment de recursos per a millorar la lluita contra els robatoris; Llei Emerg\u00e8ncia per danys de fauna salvatge; o major inversi\u00f3 en obres hidr\u00e0uliques, entre altres reivindicacions.<br>Aix\u00ed mateix, AVA-ASAJA sumar\u00e0 a la petici\u00f3 de mesures extraordin\u00e0ries per a alleujar l&#8217;escalada de costos de producci\u00f3 agropecuaris \u2013sobretot de l&#8217;energia el\u00e8ctrica, els combustibles, els fertilitzants i els pinsos per a alimentaci\u00f3 animal\u2013 \u201cun canvi de rumb dr\u00e0stic en les pol\u00edtiques agr\u00e0ries europees i espanyoles per a garantir l&#8217;autoprove\u00efment alimentari i no continuar depenent de pa\u00efsos tercers com Ucra\u00efna per al subministrament de mat\u00e8ries primeres essencials tant per a l&#8217;activitat a peu de camp com per al conjunt de la cadena agroaliment\u00e0ria\u201d.<br>Agricultors, ramaders, ca\u00e7adors i diferents entitats rurals se sumaran a la manifestaci\u00f3 del 20 de mar\u00e7 a Madrid a trav\u00e9s d&#8217;autobusos, trens i vehicles particulars. AVA-ASAJA facilitar\u00e0 l&#8217;assist\u00e8ncia mitjan\u00e7ant la contractaci\u00f3 d&#8217;autobusos que partiran des de diversos municipis valencians. Les persones interessades a acudir poden informar-se al tel\u00e8fon 963 804 606 o preguntar als seus delegats locals.<br>La mobilitzaci\u00f3 t\u00e9 previst partir des de la Pla\u00e7a d&#8217;Atocha a les 11 del mat\u00ed, per a continuar pel Passeig del Prat i Passeig de la Castellana i finalitzar en la font de Sant Joan de la Creu, a l&#8217;altura del Ministeri per a la Transici\u00f3 Ecol\u00f2gica i Repte Demogr\u00e0fic (MITECO), on es dur\u00e0 a terme la lectura del manifest que recull les reivindicacions de tots els convocants: ASAJA, COAG, UPA, Real Federaci\u00f3 Espanyola de Ca\u00e7a (RFEC), Oficina Nacional de la Ca\u00e7a (*ONC), Alian\u00e7a Rural, Uni\u00f3 de Criadors del Bou de L\u00eddia (UCTL), Federaci\u00f3 Nacional de Comunitats de Regants d&#8217;Espanya (FENACORE) i Cooperatives Agro-aliment\u00e0ries. Informa, <strong>Luis Ib\u00e1\u00f1ez<\/strong>.<\/p>\n","protected":false},"excerpt":{"rendered":"<div class=\"mh-excerpt\">L&#8217;Associaci\u00f3 Valenciana d&#8217;Agricultors (AVA-ASAJA) acudir\u00e0 a la gran manifestaci\u00f3 del medi rural, convocada diumenge que ve 20 de mar\u00e7 a Madrid sota el lema \u2018Junts pel Camp\u2019, per a reivindicar a les diferents administracions \u201cpol\u00edtiques <a class=\"mh-excerpt-more\" href=\"https:\/\/tucomarca.whitekongsoftware.com\/ca\/ava-asaja-reivindica-este-diumenge-20-de-marc-a-madrid-politiques-contra-la-crisi-de-rendibilitat-de-lagricultura-valenciana\/\" title=\"AVA-Asaja reivindica este diumenge, 20 de mar\u00e7, a Madrid pol\u00edtiques contra la crisi de rendibilitat de l&#8217;agricultura valenciana\">[+] <\/a><\/div>\n","protected":false},"author":1,"featured_media":152176,"comment_status":"open","ping_status":"open","sticky":false,"template":"","format":"standard","meta":{"footnotes":""},"categories":[10890,11019,10905,10951,10892,11046,10898,10948,10963,10894,10904,10912,10902,10903,10947,10909,10896,10897],"tags":[11309,11924,13933,10910],"class_list":["post-152178","post","type-post","status-publish","format-standard","has-post-thumbnail","category-ademus","category-agenda-ca","category-agricultura-la-comarca-ca","category-ayora-cofrentes-ca","category-camp-de-turia-ca","category-los-serranos-ca","category-ventana-ca","category-infraestructuras-ca","category-la-canal-de-navarres-ca","category-la-comarca-ca","category-sin-categorizar-ca","category-la-hoya-ca","category-la-ribera-ca","category-medio-ambiente-la-comarca-ca","category-politica","category-requena-utiel-ca","category-seccion-ca","category-sucesos-la-comarca-ca","tag-agricultura-ca","tag-ava-asaja-ca","tag-campo-ca","tag-requena-utiel-ca"],"_links":{"self":[{"href":"https:\/\/tucomarca.whitekongsoftware.com\/ca\/wp-json\/wp\/v2\/posts\/152178","targetHints":{"allow":["GET"]}}],"collection":[{"href":"https:\/\/tucomarca.whitekongsoftware.com\/ca\/wp-json\/wp\/v2\/posts"}],"about":[{"href":"https:\/\/tucomarca.whitekongsoftware.com\/ca\/wp-json\/wp\/v2\/types\/post"}],"author":[{"embeddable":true,"href":"https:\/\/tucomarca.whitekongsoftware.com\/ca\/wp-json\/wp\/v2\/users\/1"}],"replies":[{"embeddable":true,"href":"https:\/\/tucomarca.whitekongsoftware.com\/ca\/wp-json\/wp\/v2\/comments?post=152178"}],"version-history":[{"count":0,"href":"https:\/\/tucomarca.whitekongsoftware.com\/ca\/wp-json\/wp\/v2\/posts\/152178\/revisions"}],"wp:featuredmedia":[{"embeddable":true,"href":"https:\/\/tucomarca.whitekongsoftware.com\/ca\/wp-json\/wp\/v2\/media\/152176"}],"wp:attachment":[{"href":"https:\/\/tucomarca.whitekongsoftware.com\/ca\/wp-json\/wp\/v2\/media?parent=152178"}],"wp:term":[{"taxonomy":"category","embeddable":true,"href":"https:\/\/tucomarca.whitekongsoftware.com\/ca\/wp-json\/wp\/v2\/categories?post=152178"},{"taxonomy":"post_tag","embeddable":true,"href":"https:\/\/tucomarca.whitekongsoftware.com\/ca\/wp-json\/wp\/v2\/tags?post=152178"}],"curies":[{"name":"wp","href":"https:\/\/api.w.org\/{rel}","templated":true}]}}