{"id":152089,"date":"2022-03-18T08:10:00","date_gmt":"2022-03-18T07:10:00","guid":{"rendered":"http:\/\/www.tucomarca.com\/wordpress\/segunda\/?p=152089"},"modified":"2022-03-18T12:03:59","modified_gmt":"2022-03-18T11:03:59","slug":"lajuntament-de-xest-agraeix-la-labor-dea-i-de-aire-net-durant-aquests-anys-de-reivindicacio-per-a-acabar-amb-la-crema-de-residus-perillosos-a-bunyol","status":"publish","type":"post","link":"https:\/\/tucomarca.whitekongsoftware.com\/ca\/lajuntament-de-xest-agraeix-la-labor-dea-i-de-aire-net-durant-aquests-anys-de-reivindicacio-per-a-acabar-amb-la-crema-de-residus-perillosos-a-bunyol\/","title":{"rendered":"L&#8217;Ajuntament de Xest agraeix la labor d&#8217;EA i de Aire Net durant aquests anys de reivindicaci\u00f3 per a acabar amb la crema de residus perillosos a Bunyol"},"content":{"rendered":"\n<p class=\"wp-block-paragraph\">Davant el recent anunci per part de la nova propiet\u00e0ria de la cementera de Bunyol, Cimsa Ciments Espa\u00f1a SAU, sobre la seua ren\u00fancia volunt\u00e0ria a la incineraci\u00f3 de residus perillosos en les seues instal\u00b7lacions, l&#8217;Ajuntament de Xest celebra que cessament aquest tipus de crema que estava duent-se a terme per part de Cemex Espa\u00f1a SA durant m\u00e9s de 15 anys i agraeix la labor realitzada per part de les entitats implicades a reivindicar que es revocara aquesta pr\u00e0ctica que generava subst\u00e0ncies nocives per a la salut humana.<\/p>\n\n\n\n<p class=\"wp-block-paragraph\">La petici\u00f3 de cessament de la incineraci\u00f3 de residus perillosos era una vella reivindicaci\u00f3 de la Plataforma Aire Net Bunyol-Xiva que comptava amb el suport de l&#8217;Ajuntament de Xest i altres consistoris de la comarca. Des de 2011 hi ha hagut un poder\u00f3s moviment social d&#8217;oposici\u00f3 a aquesta pr\u00e0ctica, amb nombroses mobilitzacions, presentacions d&#8217;al\u00b7legacions i manifestos.<\/p>\n\n\n\n<p class=\"wp-block-paragraph\">\u201cEncara que finalment la decisi\u00f3 de rescindir la crema d&#8217;aquests residus perillosos ha sigut presa per la pr\u00f2pia empresa, cal posar en valor i agrair el treball que s&#8217;ha desenvolupat des d&#8217;Ecologistes en Acci\u00f3 i la Plataforma Aire Net per a fer el m\u00e9s extensiva possible la protesta, i concretament vull destacar la labor realitzada per Carlos Arribas, responsable de Residus d&#8217;Ecologistes en Acci\u00f3, qui ha oferit assessorament durant tot el proc\u00e9s, i per Jorgina Gil, pel seu treball de coordinaci\u00f3 al capdavant de la plataforma\u201d, ha manifestat la regidora de Sanitat, M\u00aa \u00c1ngeles Llorente. \u201cAquesta \u00e9s una vict\u00f2ria de mobilitat ciutadana que demostra que si la protesta \u00e9s justa i la proposta est\u00e0 ben fonamentada, acaba imposant-se la ra\u00f3\u201d.<\/p>\n","protected":false},"excerpt":{"rendered":"<div class=\"mh-excerpt\">Davant el recent anunci per part de la nova propiet\u00e0ria de la cementera de Bunyol, Cimsa Ciments Espa\u00f1a SAU, sobre la seua ren\u00fancia volunt\u00e0ria a la incineraci\u00f3 de residus perillosos en les seues instal\u00b7lacions, l&#8217;Ajuntament <a class=\"mh-excerpt-more\" href=\"https:\/\/tucomarca.whitekongsoftware.com\/ca\/lajuntament-de-xest-agraeix-la-labor-dea-i-de-aire-net-durant-aquests-anys-de-reivindicacio-per-a-acabar-amb-la-crema-de-residus-perillosos-a-bunyol\/\" title=\"L&#8217;Ajuntament de Xest agraeix la labor d&#8217;EA i de Aire Net durant aquests anys de reivindicaci\u00f3 per a acabar amb la crema de residus perillosos a Bunyol\">[+] <\/a><\/div>\n","protected":false},"author":1,"featured_media":152090,"comment_status":"open","ping_status":"open","sticky":false,"template":"","format":"standard","meta":{"footnotes":""},"categories":[10911,10948,10894,10904,10912,10903,10947,10896,10897,10974],"tags":[10913,11071,16462,10914,12166],"class_list":["post-152089","post","type-post","status-publish","format-standard","has-post-thumbnail","category-bunol-ca","category-infraestructuras-ca","category-la-comarca-ca","category-sin-categorizar-ca","category-la-hoya-ca","category-medio-ambiente-la-comarca-ca","category-politica","category-seccion-ca","category-sucesos-la-comarca-ca","category-cheste-ca","tag-bunol-ca","tag-cheste","tag-incineracion-ca","tag-la-hoya-de-bunol-chiva-ca","tag-medio-ambiente-ca"],"_links":{"self":[{"href":"https:\/\/tucomarca.whitekongsoftware.com\/ca\/wp-json\/wp\/v2\/posts\/152089","targetHints":{"allow":["GET"]}}],"collection":[{"href":"https:\/\/tucomarca.whitekongsoftware.com\/ca\/wp-json\/wp\/v2\/posts"}],"about":[{"href":"https:\/\/tucomarca.whitekongsoftware.com\/ca\/wp-json\/wp\/v2\/types\/post"}],"author":[{"embeddable":true,"href":"https:\/\/tucomarca.whitekongsoftware.com\/ca\/wp-json\/wp\/v2\/users\/1"}],"replies":[{"embeddable":true,"href":"https:\/\/tucomarca.whitekongsoftware.com\/ca\/wp-json\/wp\/v2\/comments?post=152089"}],"version-history":[{"count":0,"href":"https:\/\/tucomarca.whitekongsoftware.com\/ca\/wp-json\/wp\/v2\/posts\/152089\/revisions"}],"wp:featuredmedia":[{"embeddable":true,"href":"https:\/\/tucomarca.whitekongsoftware.com\/ca\/wp-json\/wp\/v2\/media\/152090"}],"wp:attachment":[{"href":"https:\/\/tucomarca.whitekongsoftware.com\/ca\/wp-json\/wp\/v2\/media?parent=152089"}],"wp:term":[{"taxonomy":"category","embeddable":true,"href":"https:\/\/tucomarca.whitekongsoftware.com\/ca\/wp-json\/wp\/v2\/categories?post=152089"},{"taxonomy":"post_tag","embeddable":true,"href":"https:\/\/tucomarca.whitekongsoftware.com\/ca\/wp-json\/wp\/v2\/tags?post=152089"}],"curies":[{"name":"wp","href":"https:\/\/api.w.org\/{rel}","templated":true}]}}