{"id":151664,"date":"2022-03-15T18:30:00","date_gmt":"2022-03-15T17:30:00","guid":{"rendered":"http:\/\/www.tucomarca.com\/wordpress\/segunda\/?p=151664"},"modified":"2022-03-15T19:01:29","modified_gmt":"2022-03-15T18:01:29","slug":"sanidad-notifica-19-defuncions-4-768-nous-casos-de-coronavirus-i-5-716-altes-en-la-comunitat-valenciana-des-de-lultima-actualitzacio","status":"publish","type":"post","link":"https:\/\/tucomarca.whitekongsoftware.com\/ca\/sanidad-notifica-19-defuncions-4-768-nous-casos-de-coronavirus-i-5-716-altes-en-la-comunitat-valenciana-des-de-lultima-actualitzacio\/","title":{"rendered":"Sanitat notifica 19 defuncions, 4.768 nous casos de coronavirus i 5.716 altes en la Comunitat Valenciana des de l&#8217;\u00faltima actualitzaci\u00f3"},"content":{"rendered":"\n<p class=\"wp-block-paragraph\"><strong>Per prov\u00edncies: 388 a Castell\u00f3, 1.547 a Alacant i 2.833 a Val\u00e8ncia<\/strong><\/p>\n\n\n\n<p class=\"wp-block-paragraph\"><strong>Els hospitals valencians tenen 512 persones ingressades, 46 d&#8217;elles en l&#8217;UCI<\/strong><\/p>\n\n\n\n<p class=\"wp-block-paragraph\">La Conselleria de Sanitat Universal i Salut P\u00fablica ha notificat un total de 4.768 nous casos de coronavirus confirmats per prova PCR o a trav\u00e9s de test d&#8217;ant\u00edgens des de l&#8217;\u00faltima actualitzaci\u00f3. D&#8217;aquesta manera, la xifra total de positius se situa en 1.320.286 persones. Els nous casos per prov\u00edncies s\u00f3n 388 a Castell\u00f3 (158.379 en total), 1.547 a Alacant (459.980) i 2.833 a Val\u00e8ncia (701.923). La xifra de casos no assignats es mant\u00e9 en 4.<\/p>\n\n\n\n<p class=\"wp-block-paragraph\">Respecte al nombre d&#8217;altes, s&#8217;han registrat 5.716. Aix\u00ed, el nombre de persones que han superat la malaltia des que va comen\u00e7ar la pand\u00e8mia en la Comunitat Valenciana \u00e9s d&#8217;1.307.135. Per prov\u00edncies, les altes es distribueixen aix\u00ed: 157.274 a Castell\u00f3, 454.606 a Alacant i 695.196 a Val\u00e8ncia. El total d&#8217;altes no assignades es mant\u00e9 en 59.<\/p>\n\n\n\n<p class=\"wp-block-paragraph\">Els hospitals valencians tenen, actualment, 512 persones ingressades, 46 d&#8217;elles en l&#8217;UCI: 71 a la prov\u00edncia de Castell\u00f3, 4 en UCI; 159 a la prov\u00edncia d&#8217;Alacant, 16 d&#8217;elles en l&#8217;UCI; i 282 a la prov\u00edncia de Val\u00e8ncia, 26 en UCI.<\/p>\n\n\n\n<p class=\"wp-block-paragraph\">S&#8217;han notificat 19 defuncions per coronavirus des de l&#8217;\u00faltima actualitzaci\u00f3, tots ells en els \u00faltims 7 dies, excepte un el mes de gener i un altre el mes de febrer. Es tracta de 7 dones d&#8217;entre 59 i 97 anys; i 12 homes d&#8217;entre 60 i 100 anys. El total de decessos des de l&#8217;inici de la pand\u00e8mia ascendeix a 9.125: 1.055 a la prov\u00edncia de Castell\u00f3, 3.478 en la d&#8217;Alacant i 4.592 en la de Val\u00e8ncia.<\/p>\n\n\n\n<p class=\"wp-block-paragraph\">D&#8217;acord amb les dades registrades, en aquests moments hi ha 15.467 casos actius, la qual cosa suposa un 1,16% del total de positius.<\/p>\n","protected":false},"excerpt":{"rendered":"<div class=\"mh-excerpt\">Per prov\u00edncies: 388 a Castell\u00f3, 1.547 a Alacant i 2.833 a Val\u00e8ncia Els hospitals valencians tenen 512 persones ingressades, 46 d&#8217;elles en l&#8217;UCI La Conselleria de Sanitat Universal i Salut P\u00fablica ha notificat un total <a class=\"mh-excerpt-more\" href=\"https:\/\/tucomarca.whitekongsoftware.com\/ca\/sanidad-notifica-19-defuncions-4-768-nous-casos-de-coronavirus-i-5-716-altes-en-la-comunitat-valenciana-des-de-lultima-actualitzacio\/\" title=\"Sanitat notifica 19 defuncions, 4.768 nous casos de coronavirus i 5.716 altes en la Comunitat Valenciana des de l&#8217;\u00faltima actualitzaci\u00f3\">[+] <\/a><\/div>\n","protected":false},"author":1,"featured_media":146478,"comment_status":"open","ping_status":"open","sticky":false,"template":"","format":"standard","meta":{"footnotes":""},"categories":[12202,10898,10948,10894,10904,10903,10947,10896,10897],"tags":[11939,11940,11199,16215,13963,13932],"class_list":["post-151664","post","type-post","status-publish","format-standard","has-post-thumbnail","category-covid-19-ca","category-ventana-ca","category-infraestructuras-ca","category-la-comarca-ca","category-sin-categorizar-ca","category-medio-ambiente-la-comarca-ca","category-politica","category-seccion-ca","category-sucesos-la-comarca-ca","tag-coronavirus-ca","tag-covid-19-ca","tag-la-comunitat-ca","tag-sexta-ola-ca","tag-vacunacion-ca","tag-vacunas-ca"],"_links":{"self":[{"href":"https:\/\/tucomarca.whitekongsoftware.com\/ca\/wp-json\/wp\/v2\/posts\/151664","targetHints":{"allow":["GET"]}}],"collection":[{"href":"https:\/\/tucomarca.whitekongsoftware.com\/ca\/wp-json\/wp\/v2\/posts"}],"about":[{"href":"https:\/\/tucomarca.whitekongsoftware.com\/ca\/wp-json\/wp\/v2\/types\/post"}],"author":[{"embeddable":true,"href":"https:\/\/tucomarca.whitekongsoftware.com\/ca\/wp-json\/wp\/v2\/users\/1"}],"replies":[{"embeddable":true,"href":"https:\/\/tucomarca.whitekongsoftware.com\/ca\/wp-json\/wp\/v2\/comments?post=151664"}],"version-history":[{"count":0,"href":"https:\/\/tucomarca.whitekongsoftware.com\/ca\/wp-json\/wp\/v2\/posts\/151664\/revisions"}],"wp:featuredmedia":[{"embeddable":true,"href":"https:\/\/tucomarca.whitekongsoftware.com\/ca\/wp-json\/wp\/v2\/media\/146478"}],"wp:attachment":[{"href":"https:\/\/tucomarca.whitekongsoftware.com\/ca\/wp-json\/wp\/v2\/media?parent=151664"}],"wp:term":[{"taxonomy":"category","embeddable":true,"href":"https:\/\/tucomarca.whitekongsoftware.com\/ca\/wp-json\/wp\/v2\/categories?post=151664"},{"taxonomy":"post_tag","embeddable":true,"href":"https:\/\/tucomarca.whitekongsoftware.com\/ca\/wp-json\/wp\/v2\/tags?post=151664"}],"curies":[{"name":"wp","href":"https:\/\/api.w.org\/{rel}","templated":true}]}}