{"id":151554,"date":"2022-03-14T10:07:00","date_gmt":"2022-03-14T09:07:00","guid":{"rendered":"http:\/\/www.tucomarca.com\/wordpress\/segunda\/?p=151554"},"modified":"2022-03-14T21:35:30","modified_gmt":"2022-03-14T20:35:30","slug":"finalizan-los-actos-programados-con-motivo-del-8m-en-cheste","status":"publish","type":"post","link":"https:\/\/tucomarca.whitekongsoftware.com\/ca\/finalizan-los-actos-programados-con-motivo-del-8m-en-cheste\/","title":{"rendered":"Finalitzen els actes programats amb motiu del 8M a Xest"},"content":{"rendered":"\n<h4 class=\"wp-block-heading\">El passat cap de setmana van finalitzar els actes programats amb motiu de la celebraci\u00f3 del Dia Internacional de la Dona des de la regidoria d&#8217;Igualtat<\/h4>\n\n\n\n<figure class=\"wp-block-image size-large\"><img loading=\"lazy\" decoding=\"async\" width=\"1024\" height=\"682\" src=\"http:\/\/www.tucomarca.com\/wordpress\/segunda\/wp-content\/uploads\/2022\/03\/Cheste_Charla8M-1024x682.jpg\" alt=\"\" class=\"wp-image-151551\" srcset=\"https:\/\/tucomarca.whitekongsoftware.com\/wp-content\/uploads\/2022\/03\/Cheste_Charla8M-1024x682.jpg 1024w, https:\/\/tucomarca.whitekongsoftware.com\/wp-content\/uploads\/2022\/03\/Cheste_Charla8M-300x200.jpg 300w, https:\/\/tucomarca.whitekongsoftware.com\/wp-content\/uploads\/2022\/03\/Cheste_Charla8M-768x512.jpg 768w, https:\/\/tucomarca.whitekongsoftware.com\/wp-content\/uploads\/2022\/03\/Cheste_Charla8M.jpg 1181w\" sizes=\"auto, (max-width: 1024px) 100vw, 1024px\" \/><\/figure>\n\n\n\n<p class=\"wp-block-paragraph\">El divendres, 11 de mar\u00e7, el sal\u00f3 de plens de l&#8217;Ajuntament va acollir una xarra-col\u00b7loqui sobre orat\u00f2ria i apoderament de les dones, a c\u00e0rrec de l&#8217;actriu i formadora en orat\u00f2ria Reyes Ruiz Rivas. La xarrada va comptar amb la participaci\u00f3 del soci\u00f2leg i consultor pol\u00edtic Joan Gon\u00e7ales i Nogueroles i amb la pres\u00e8ncia de l&#8217;alcalde de Xest, Jos\u00e9 Morell, i del regidor d&#8217;Igualtat, Ra\u00fal Mota. \u201cAquesta \u00e9s la primera sessi\u00f3 d&#8217;un cicle de xarrades peri\u00f2diques que posarem en marxa pr\u00f2ximament des de la regidoria d&#8217;Igualtat amb l&#8217;objectiu de crear un espai de comunicaci\u00f3 en el qual poder parlar sobre diversitat i igualtat\u201d, ha anunciat Mota.<\/p>\n\n\n\n<p class=\"wp-block-paragraph\">En la sesi\u00f3n se abordaron temas relacionados con el lenguaje inclusivo, la perspectiva de g\u00e9nero en pol\u00edticas, la conciliaci\u00f3n personal, la sonoridad, la equidad y la igualdad, entre otros. Adem\u00e1s, en la l\u00ednea del tema principal de la charla, la oratoria y el empoderamiento de la mujer, se expusieron los problemas m\u00e1s comunes a la hora de hablar en p\u00fablico.<\/p>\n\n\n\n<p class=\"wp-block-paragraph\">El domingo, 13 de marzo, finalizaban los actos con motivo del 8M con una partida de pelota valenciana femenina, programada desde las concejal\u00edas de Deportes e Igualdad del Ayuntamiento de Cheste y la Federaci\u00f3n de Pelota Valenciana. El juego estuvo protagonizado por las pilotaris Victoria y Amparo, de rojo, y M\u00f3nica e Irene, de azul, dejando un marcador de 31-41 a favor del equipo azul. \u201cLo importante de la partida de hoy es nuestra apuesta por el deporte femenino y por la igualdad en el \u00e1mbito deportivo, de hecho, seg\u00fan nos han hecho saber desde la Federaci\u00f3n de Pelota Valenciana, Cheste es uno de los municipios que m\u00e1s partidas de pelota femenina ha programado y seguiremos haci\u00e9ndolo\u201d, apuntaba el concejal de Deportes, Francisco Llorens.<\/p>\n\n\n\n<p class=\"wp-block-paragraph\">La partida tambi\u00e9n cont\u00f3 con la presencia de representantes de las fallas locales.<\/p>\n","protected":false},"excerpt":{"rendered":"<div class=\"mh-excerpt\">El passat cap de setmana van finalitzar els actes programats amb motiu de la celebraci\u00f3 del Dia Internacional de la Dona des de la regidoria d&#8217;Igualtat El divendres, 11 de mar\u00e7, el sal\u00f3 de plens <a class=\"mh-excerpt-more\" href=\"https:\/\/tucomarca.whitekongsoftware.com\/ca\/finalizan-los-actos-programados-con-motivo-del-8m-en-cheste\/\" title=\"Finalitzen els actes programats amb motiu del 8M a Xest\">[+] <\/a><\/div>\n","protected":false},"author":12,"featured_media":151549,"comment_status":"open","ping_status":"open","sticky":false,"template":"","format":"standard","meta":{"footnotes":""},"categories":[11003,10948,10894,10912,11009,10947,10896,10974],"tags":[11508,11071,10914,11616],"class_list":["post-151554","post","type-post","status-publish","format-standard","has-post-thumbnail","category-sports","category-infraestructuras-ca","category-la-comarca-ca","category-la-hoya-ca","category-polideportivo-ca","category-politica","category-seccion-ca","category-cheste-ca","tag-8m-ca","tag-cheste","tag-la-hoya-de-bunol-chiva-ca","tag-pelota-valenciana-ca"],"_links":{"self":[{"href":"https:\/\/tucomarca.whitekongsoftware.com\/ca\/wp-json\/wp\/v2\/posts\/151554","targetHints":{"allow":["GET"]}}],"collection":[{"href":"https:\/\/tucomarca.whitekongsoftware.com\/ca\/wp-json\/wp\/v2\/posts"}],"about":[{"href":"https:\/\/tucomarca.whitekongsoftware.com\/ca\/wp-json\/wp\/v2\/types\/post"}],"author":[{"embeddable":true,"href":"https:\/\/tucomarca.whitekongsoftware.com\/ca\/wp-json\/wp\/v2\/users\/12"}],"replies":[{"embeddable":true,"href":"https:\/\/tucomarca.whitekongsoftware.com\/ca\/wp-json\/wp\/v2\/comments?post=151554"}],"version-history":[{"count":0,"href":"https:\/\/tucomarca.whitekongsoftware.com\/ca\/wp-json\/wp\/v2\/posts\/151554\/revisions"}],"wp:featuredmedia":[{"embeddable":true,"href":"https:\/\/tucomarca.whitekongsoftware.com\/ca\/wp-json\/wp\/v2\/media\/151549"}],"wp:attachment":[{"href":"https:\/\/tucomarca.whitekongsoftware.com\/ca\/wp-json\/wp\/v2\/media?parent=151554"}],"wp:term":[{"taxonomy":"category","embeddable":true,"href":"https:\/\/tucomarca.whitekongsoftware.com\/ca\/wp-json\/wp\/v2\/categories?post=151554"},{"taxonomy":"post_tag","embeddable":true,"href":"https:\/\/tucomarca.whitekongsoftware.com\/ca\/wp-json\/wp\/v2\/tags?post=151554"}],"curies":[{"name":"wp","href":"https:\/\/api.w.org\/{rel}","templated":true}]}}