{"id":151523,"date":"2022-03-14T11:00:00","date_gmt":"2022-03-14T10:00:00","guid":{"rendered":"http:\/\/www.tucomarca.com\/wordpress\/segunda\/?p=151523"},"modified":"2022-03-14T21:27:08","modified_gmt":"2022-03-14T20:27:08","slug":"el-teatre-liceu-de-xest-acull-un-concert-del-conservatori-professional-de-musica-sant-rafael-de-bunyol","status":"publish","type":"post","link":"https:\/\/tucomarca.whitekongsoftware.com\/ca\/el-teatre-liceu-de-xest-acull-un-concert-del-conservatori-professional-de-musica-sant-rafael-de-bunyol\/","title":{"rendered":"El teatre Liceu de Xest acull un concert del Conservatori Professional de M\u00fasica Sant Rafael de Bunyol"},"content":{"rendered":"\n<p class=\"wp-block-paragraph\">Divendres passat, 11 de mar\u00e7, la Banda Juvenil i la Banda Simf\u00f2nica del Conservatori Professional de M\u00fasica Sant Rafael de Bunyol van oferir un concert en el teatre Liceu de Xest.<\/p>\n\n\n\n<p class=\"wp-block-paragraph\">La regidora de Cultura, M\u00aa \u00c1ngeles Llorente, va donar la benvinguda al p\u00fablic assistent i a les dues agrupacions que van protagonitzar el concert, destacant que el conservatori professional de m\u00fasica Sant Rafael de Bunyol \u00e9s l&#8217;\u00fanic existent en La Foia, sent un referent en l&#8217;educaci\u00f3 i formaci\u00f3 musical a la comarca. \u201c\u00c9s per a mi un honor presentar aquest concert per diverses raons. En primer lloc, perqu\u00e8 gran part de la meua traject\u00f2ria professional com a mestra va transc\u00f3rrer a Bunyol, durant 30 anys, i molts dels meus alumnes i alumnes eren i s\u00f3n m\u00fasics i m\u00fasiques. En segon lloc, perqu\u00e8 hui celebrem un acte que s&#8217;anava a realitzar fa dos anys, just quan va comen\u00e7ar la pand\u00e8mia, i que va ser el primer a cancel\u00b7lar-se; amb el que reprenem aix\u00ed un projecte m\u00fasic-pedag\u00f2gic que prepara als nostres joves en la seua carrera professional, entre ells varis chestanos i chestanas. En tercer lloc, perqu\u00e8 hui coincideixen dos esdeveniments importants i certament desgraciats: la mem\u00f2ria dels atemptats d&#8217;anit i el frac\u00e0s de les negociacions de la guerra d&#8217;Ucra\u00efna. Per aix\u00f2 m&#8217;agradaria dedicar unes paraules de record a totes les persones que pateixen els efectes de les guerres. En aquest any 2022 hi ha en el m\u00f3n 65 guerres actives i aix\u00f2 \u00e9s una vergonya per a la humanitat\u201d, va manifestar la regidora.&nbsp;<\/p>\n\n\n\n<p class=\"wp-block-paragraph\">A continuaci\u00f3, Llorente va presentar el programa oferit per les dues agrupacions del conservatori. \u201cLa m\u00fasica \u00e9s ambaixadora de la pau, \u00e9s sensibilitat i cor obert, aix\u00ed que procedim a sentir-nos part d&#8217;una humanitat millor\u201d, conclo\u00efa.<\/p>\n\n\n\n<p class=\"wp-block-paragraph\">En la primera part del concert, sota la batuta de Carlos Out\u00f3n Benito, la Banda Juvenil va interpretar Ye Banks and Braes O\u2019Bonnie Doon, de Perci Grainger; Yorkshire Ballad, de James Barnes; Canterbury Cl\u00f3rale, de Jan Van Der Roost; Overture Aura Lee, de Michel Van Delft; Return of the Vinkings, de Bert Appermont; i The Tempest, de Robert W. Smith. Per part seua, la banda simf\u00f2nica, dirigida per Eduardo Carrascosa Carrascosa, va interpretar el pasdoble de concert Font Negra, d&#8217;\u00d3scar Navarro; Oberture for Woodwinds, de Philip Sparke; i Second Symphony for Wind Orchestra \u201cThe Creation\u201d, de David Penad\u00e9s-Fasanar.<\/p>\n\n\n\n<figure class=\"wp-block-gallery columns-2 is-cropped wp-block-gallery-1 is-layout-flex wp-block-gallery-is-layout-flex\"><ul class=\"blocks-gallery-grid\"><li class=\"blocks-gallery-item\"><figure><img loading=\"lazy\" decoding=\"async\" width=\"1024\" height=\"682\" src=\"http:\/\/www.tucomarca.com\/wordpress\/segunda\/wp-content\/uploads\/2022\/03\/Cheste_Conservatorio05-1024x682.jpg\" alt=\"\" data-id=\"151522\" data-full-url=\"http:\/\/www.tucomarca.com\/wordpress\/segunda\/wp-content\/uploads\/2022\/03\/Cheste_Conservatorio05.jpg\" data-link=\"http:\/\/www.tucomarca.com\/wordpress\/segunda\/ca\/?attachment_id=151522\" class=\"wp-image-151522\" srcset=\"https:\/\/tucomarca.whitekongsoftware.com\/wp-content\/uploads\/2022\/03\/Cheste_Conservatorio05-1024x682.jpg 1024w, https:\/\/tucomarca.whitekongsoftware.com\/wp-content\/uploads\/2022\/03\/Cheste_Conservatorio05-300x200.jpg 300w, https:\/\/tucomarca.whitekongsoftware.com\/wp-content\/uploads\/2022\/03\/Cheste_Conservatorio05-768x512.jpg 768w, https:\/\/tucomarca.whitekongsoftware.com\/wp-content\/uploads\/2022\/03\/Cheste_Conservatorio05.jpg 1181w\" sizes=\"auto, (max-width: 1024px) 100vw, 1024px\" \/><\/figure><\/li><li class=\"blocks-gallery-item\"><figure><img loading=\"lazy\" decoding=\"async\" width=\"1024\" height=\"682\" src=\"http:\/\/www.tucomarca.com\/wordpress\/segunda\/wp-content\/uploads\/2022\/03\/Cheste_Conservatorio01-1024x682.jpg\" alt=\"\" data-id=\"151514\" data-full-url=\"http:\/\/www.tucomarca.com\/wordpress\/segunda\/wp-content\/uploads\/2022\/03\/Cheste_Conservatorio01.jpg\" data-link=\"http:\/\/www.tucomarca.com\/wordpress\/segunda\/ca\/?attachment_id=151514\" class=\"wp-image-151514\" srcset=\"https:\/\/tucomarca.whitekongsoftware.com\/wp-content\/uploads\/2022\/03\/Cheste_Conservatorio01-1024x682.jpg 1024w, https:\/\/tucomarca.whitekongsoftware.com\/wp-content\/uploads\/2022\/03\/Cheste_Conservatorio01-300x200.jpg 300w, https:\/\/tucomarca.whitekongsoftware.com\/wp-content\/uploads\/2022\/03\/Cheste_Conservatorio01-768x512.jpg 768w, https:\/\/tucomarca.whitekongsoftware.com\/wp-content\/uploads\/2022\/03\/Cheste_Conservatorio01.jpg 1181w\" sizes=\"auto, (max-width: 1024px) 100vw, 1024px\" \/><\/figure><\/li><li class=\"blocks-gallery-item\"><figure><img loading=\"lazy\" decoding=\"async\" width=\"1024\" height=\"682\" src=\"http:\/\/www.tucomarca.com\/wordpress\/segunda\/wp-content\/uploads\/2022\/03\/Cheste_Conservatorio04-1024x682.jpg\" alt=\"\" data-id=\"151520\" data-full-url=\"http:\/\/www.tucomarca.com\/wordpress\/segunda\/wp-content\/uploads\/2022\/03\/Cheste_Conservatorio04.jpg\" data-link=\"http:\/\/www.tucomarca.com\/wordpress\/segunda\/ca\/?attachment_id=151520\" class=\"wp-image-151520\" srcset=\"https:\/\/tucomarca.whitekongsoftware.com\/wp-content\/uploads\/2022\/03\/Cheste_Conservatorio04-1024x682.jpg 1024w, https:\/\/tucomarca.whitekongsoftware.com\/wp-content\/uploads\/2022\/03\/Cheste_Conservatorio04-300x200.jpg 300w, https:\/\/tucomarca.whitekongsoftware.com\/wp-content\/uploads\/2022\/03\/Cheste_Conservatorio04-768x512.jpg 768w, https:\/\/tucomarca.whitekongsoftware.com\/wp-content\/uploads\/2022\/03\/Cheste_Conservatorio04.jpg 1181w\" sizes=\"auto, (max-width: 1024px) 100vw, 1024px\" \/><\/figure><\/li><li class=\"blocks-gallery-item\"><figure><img loading=\"lazy\" decoding=\"async\" width=\"1024\" height=\"682\" src=\"http:\/\/www.tucomarca.com\/wordpress\/segunda\/wp-content\/uploads\/2022\/03\/Cheste_Conservatorio02-1024x682.jpg\" alt=\"\" data-id=\"151516\" data-full-url=\"http:\/\/www.tucomarca.com\/wordpress\/segunda\/wp-content\/uploads\/2022\/03\/Cheste_Conservatorio02.jpg\" data-link=\"http:\/\/www.tucomarca.com\/wordpress\/segunda\/ca\/?attachment_id=151516\" class=\"wp-image-151516\" srcset=\"https:\/\/tucomarca.whitekongsoftware.com\/wp-content\/uploads\/2022\/03\/Cheste_Conservatorio02-1024x682.jpg 1024w, https:\/\/tucomarca.whitekongsoftware.com\/wp-content\/uploads\/2022\/03\/Cheste_Conservatorio02-300x200.jpg 300w, https:\/\/tucomarca.whitekongsoftware.com\/wp-content\/uploads\/2022\/03\/Cheste_Conservatorio02-768x512.jpg 768w, https:\/\/tucomarca.whitekongsoftware.com\/wp-content\/uploads\/2022\/03\/Cheste_Conservatorio02.jpg 1181w\" sizes=\"auto, (max-width: 1024px) 100vw, 1024px\" \/><\/figure><\/li><li class=\"blocks-gallery-item\"><figure><img loading=\"lazy\" decoding=\"async\" width=\"1024\" height=\"682\" src=\"http:\/\/www.tucomarca.com\/wordpress\/segunda\/wp-content\/uploads\/2022\/03\/Cheste_Conservatorio06-1024x682.jpg\" alt=\"\" data-id=\"151512\" data-full-url=\"http:\/\/www.tucomarca.com\/wordpress\/segunda\/wp-content\/uploads\/2022\/03\/Cheste_Conservatorio06.jpg\" data-link=\"http:\/\/www.tucomarca.com\/wordpress\/segunda\/ca\/?attachment_id=151512\" class=\"wp-image-151512\" srcset=\"https:\/\/tucomarca.whitekongsoftware.com\/wp-content\/uploads\/2022\/03\/Cheste_Conservatorio06-1024x682.jpg 1024w, https:\/\/tucomarca.whitekongsoftware.com\/wp-content\/uploads\/2022\/03\/Cheste_Conservatorio06-300x200.jpg 300w, https:\/\/tucomarca.whitekongsoftware.com\/wp-content\/uploads\/2022\/03\/Cheste_Conservatorio06-768x512.jpg 768w, https:\/\/tucomarca.whitekongsoftware.com\/wp-content\/uploads\/2022\/03\/Cheste_Conservatorio06.jpg 1181w\" sizes=\"auto, (max-width: 1024px) 100vw, 1024px\" \/><\/figure><\/li><li class=\"blocks-gallery-item\"><figure><img loading=\"lazy\" decoding=\"async\" width=\"1024\" height=\"682\" src=\"http:\/\/www.tucomarca.com\/wordpress\/segunda\/wp-content\/uploads\/2022\/03\/Cheste_Conservatorio03-1024x682.jpg\" alt=\"\" data-id=\"151518\" data-full-url=\"http:\/\/www.tucomarca.com\/wordpress\/segunda\/wp-content\/uploads\/2022\/03\/Cheste_Conservatorio03.jpg\" data-link=\"http:\/\/www.tucomarca.com\/wordpress\/segunda\/ca\/?attachment_id=151518\" class=\"wp-image-151518\" srcset=\"https:\/\/tucomarca.whitekongsoftware.com\/wp-content\/uploads\/2022\/03\/Cheste_Conservatorio03-1024x682.jpg 1024w, https:\/\/tucomarca.whitekongsoftware.com\/wp-content\/uploads\/2022\/03\/Cheste_Conservatorio03-300x200.jpg 300w, https:\/\/tucomarca.whitekongsoftware.com\/wp-content\/uploads\/2022\/03\/Cheste_Conservatorio03-768x512.jpg 768w, https:\/\/tucomarca.whitekongsoftware.com\/wp-content\/uploads\/2022\/03\/Cheste_Conservatorio03.jpg 1181w\" sizes=\"auto, (max-width: 1024px) 100vw, 1024px\" \/><\/figure><\/li><\/ul><\/figure>\n","protected":false},"excerpt":{"rendered":"<div class=\"mh-excerpt\">Divendres passat, 11 de mar\u00e7, la Banda Juvenil i la Banda Simf\u00f2nica del Conservatori Professional de M\u00fasica Sant Rafael de Bunyol van oferir un concert en el teatre Liceu de Xest. La regidora de Cultura, <a class=\"mh-excerpt-more\" href=\"https:\/\/tucomarca.whitekongsoftware.com\/ca\/el-teatre-liceu-de-xest-acull-un-concert-del-conservatori-professional-de-musica-sant-rafael-de-bunyol\/\" title=\"El teatre Liceu de Xest acull un concert del Conservatori Professional de M\u00fasica Sant Rafael de Bunyol\">[+] <\/a><\/div>\n","protected":false},"author":12,"featured_media":151512,"comment_status":"open","ping_status":"open","sticky":false,"template":"","format":"gallery","meta":{"footnotes":""},"categories":[10911,11005,10894,10912,11007,10896,10974],"tags":[11071,11293,14677,10914,12986],"class_list":["post-151523","post","type-post","status-publish","format-gallery","has-post-thumbnail","category-bunol-ca","category-canal-musica","category-la-comarca-ca","category-la-hoya-ca","category-ocio-y-cultura-ca","category-seccion-ca","category-cheste-ca","tag-cheste","tag-conservatorio-bunol-ca","tag-conservatorio-san-rafael-ca","tag-la-hoya-de-bunol-chiva-ca","tag-teatro-liceo-ca","post_format-post-format-gallery"],"_links":{"self":[{"href":"https:\/\/tucomarca.whitekongsoftware.com\/ca\/wp-json\/wp\/v2\/posts\/151523","targetHints":{"allow":["GET"]}}],"collection":[{"href":"https:\/\/tucomarca.whitekongsoftware.com\/ca\/wp-json\/wp\/v2\/posts"}],"about":[{"href":"https:\/\/tucomarca.whitekongsoftware.com\/ca\/wp-json\/wp\/v2\/types\/post"}],"author":[{"embeddable":true,"href":"https:\/\/tucomarca.whitekongsoftware.com\/ca\/wp-json\/wp\/v2\/users\/12"}],"replies":[{"embeddable":true,"href":"https:\/\/tucomarca.whitekongsoftware.com\/ca\/wp-json\/wp\/v2\/comments?post=151523"}],"version-history":[{"count":0,"href":"https:\/\/tucomarca.whitekongsoftware.com\/ca\/wp-json\/wp\/v2\/posts\/151523\/revisions"}],"wp:featuredmedia":[{"embeddable":true,"href":"https:\/\/tucomarca.whitekongsoftware.com\/ca\/wp-json\/wp\/v2\/media\/151512"}],"wp:attachment":[{"href":"https:\/\/tucomarca.whitekongsoftware.com\/ca\/wp-json\/wp\/v2\/media?parent=151523"}],"wp:term":[{"taxonomy":"category","embeddable":true,"href":"https:\/\/tucomarca.whitekongsoftware.com\/ca\/wp-json\/wp\/v2\/categories?post=151523"},{"taxonomy":"post_tag","embeddable":true,"href":"https:\/\/tucomarca.whitekongsoftware.com\/ca\/wp-json\/wp\/v2\/tags?post=151523"}],"curies":[{"name":"wp","href":"https:\/\/api.w.org\/{rel}","templated":true}]}}