{"id":151313,"date":"2022-03-13T10:00:00","date_gmt":"2022-03-13T09:00:00","guid":{"rendered":"http:\/\/www.tucomarca.com\/wordpress\/segunda\/?p=151313"},"modified":"2022-03-13T14:35:04","modified_gmt":"2022-03-13T13:35:04","slug":"el-consell-regulador-de-requena-utiel-participa-amb-huit-cellers-en-la-seua-primera-fira-internacional-despres-de-linici-pandemia","status":"publish","type":"post","link":"https:\/\/tucomarca.whitekongsoftware.com\/ca\/el-consell-regulador-de-requena-utiel-participa-amb-huit-cellers-en-la-seua-primera-fira-internacional-despres-de-linici-pandemia\/","title":{"rendered":"El Consell Regulador de Requena-Utiel participa amb huit cellers en la seua primera fira internacional despr\u00e9s de l&#8217;inici pand\u00e8mia"},"content":{"rendered":"\n<p class=\"wp-block-paragraph\">La Denominaci\u00f3 d&#8217;Origen Utiel-Requena participa en Foodex Japan 2022, acci\u00f3 que s&#8217;emmarca en una campanya internacional per a promocionar els vins d&#8217;aquesta demarcaci\u00f3, posant gran \u00e8mfasi\u00a0 en els vins de varietat Boval. Els cellers presents en la fira de la m\u00e0 del Consell Regulador i el ICEX s\u00f3n: Celler Vera de Estenas, BVC, Barraques Carrascal, Covi\u00f1as, De Moya, Domini de la Vega, Faustino Rivero Ulecia i Finca Sant Blas. La fira est\u00e0 tenint lloc del 8 a l&#8217;11 de mar\u00e7 i l&#8217;estand agrupat est\u00e0 situat en el pavell\u00f3 Espanya del ICEX, l&#8217;Institut Espanyol de Comer\u00e7 Exterior (Illa A, estands 1F30.09 fins a 1F30.02).\u00a0Tast de vins per a professionalsAhir dimecres es van realitzar dos tastos de vins de la varietat Boval, l&#8217;estendard m\u00e9s potent d&#8217;aquesta DO. Els assistents van ser p\u00fablic professional i els vins que van provar van ser: Boval de Estenas, El Mascle Superior, Les Dues Ces Negre, Adnos Boval Alta Expressi\u00f3, Justina, Boval en Calma, Audi\u00e8ncia Boval Negre i Finca Sant Blas Bobal. El tast va estar dirigit per l&#8217;ambaixador de la Denominaci\u00f3 d&#8217;Origen Utiel-Requena al Jap\u00f3, Takayuki Kikuchi, qui representa el c\u00e0rrec des de 2021, i organitzada per la consultora i experta en vi, Yoshiko Akehi.\u00a0L&#8217;assist\u00e8ncia a fires internacionals estaven pausades per la pand\u00e8mia i ara a poc a poc es repr\u00e9n aquesta activitat, si b\u00e9 encara amb elevades restriccions sanit\u00e0ries. Per als cellers, aquesta fira \u00e9s un escenari potent perqu\u00e8 Foodex \u00e9s la major fira agroaliment\u00e0ria del Jap\u00f3 el p\u00fablic de la qual \u00e9s exclusivament professional. La DO Utiel-Requena, que ja va participar en aquesta fira en 2019 per primera vegada i ha realitzat diverses activitats de promoci\u00f3 en 2020 a Osaka i T\u00f2quio i 2021 amb maridatges i tastos, alimenta la promoci\u00f3 en fira amb la difusi\u00f3 d&#8217;informaci\u00f3 sobre la Denominaci\u00f3 d&#8217;Origen entre el p\u00fablic nip\u00f3.\u00a0Informa, <strong>Luis Ib\u00e1\u00f1ez<\/strong>.<br>\u00a0<br><\/p>\n","protected":false},"excerpt":{"rendered":"<div class=\"mh-excerpt\">La Denominaci\u00f3 d&#8217;Origen Utiel-Requena participa en Foodex Japan 2022, acci\u00f3 que s&#8217;emmarca en una campanya internacional per a promocionar els vins d&#8217;aquesta demarcaci\u00f3, posant gran \u00e8mfasi\u00a0 en els vins de varietat Boval. Els cellers presents <a class=\"mh-excerpt-more\" href=\"https:\/\/tucomarca.whitekongsoftware.com\/ca\/el-consell-regulador-de-requena-utiel-participa-amb-huit-cellers-en-la-seua-primera-fira-internacional-despres-de-linici-pandemia\/\" title=\"El Consell Regulador de Requena-Utiel participa amb huit cellers en la seua primera fira internacional despr\u00e9s de l&#8217;inici pand\u00e8mia\">[+] <\/a><\/div>\n","protected":false},"author":1,"featured_media":151310,"comment_status":"open","ping_status":"open","sticky":false,"template":"","format":"standard","meta":{"footnotes":""},"categories":[10905,11030,11031,11006,11032,11054,11055,10948,10894,11056,10908,10909,11057,10896,11058,11059,11060,11061],"tags":[12747,10910,12673],"class_list":["post-151313","post","type-post","status-publish","format-standard","has-post-thumbnail","category-agricultura-la-comarca-ca","category-campo-arcis-ca","category-camporrobles-ca","category-canal-vinos","category-caudete-ca","category-chera-ca","category-fuenterrobles-ca","category-infraestructuras-ca","category-la-comarca-ca","category-las-cuevas-ca","category-requena-ca","category-requena-utiel-ca","category-san-antonio-ca","category-seccion-ca","category-sinarcas-ca","category-utiel-ca","category-venta-del-moro-ca","category-villargordo-del-cabriel-ca","tag-do-utiel-requena-ca","tag-requena-utiel-ca","tag-vinos-2-ca"],"_links":{"self":[{"href":"https:\/\/tucomarca.whitekongsoftware.com\/ca\/wp-json\/wp\/v2\/posts\/151313","targetHints":{"allow":["GET"]}}],"collection":[{"href":"https:\/\/tucomarca.whitekongsoftware.com\/ca\/wp-json\/wp\/v2\/posts"}],"about":[{"href":"https:\/\/tucomarca.whitekongsoftware.com\/ca\/wp-json\/wp\/v2\/types\/post"}],"author":[{"embeddable":true,"href":"https:\/\/tucomarca.whitekongsoftware.com\/ca\/wp-json\/wp\/v2\/users\/1"}],"replies":[{"embeddable":true,"href":"https:\/\/tucomarca.whitekongsoftware.com\/ca\/wp-json\/wp\/v2\/comments?post=151313"}],"version-history":[{"count":0,"href":"https:\/\/tucomarca.whitekongsoftware.com\/ca\/wp-json\/wp\/v2\/posts\/151313\/revisions"}],"wp:featuredmedia":[{"embeddable":true,"href":"https:\/\/tucomarca.whitekongsoftware.com\/ca\/wp-json\/wp\/v2\/media\/151310"}],"wp:attachment":[{"href":"https:\/\/tucomarca.whitekongsoftware.com\/ca\/wp-json\/wp\/v2\/media?parent=151313"}],"wp:term":[{"taxonomy":"category","embeddable":true,"href":"https:\/\/tucomarca.whitekongsoftware.com\/ca\/wp-json\/wp\/v2\/categories?post=151313"},{"taxonomy":"post_tag","embeddable":true,"href":"https:\/\/tucomarca.whitekongsoftware.com\/ca\/wp-json\/wp\/v2\/tags?post=151313"}],"curies":[{"name":"wp","href":"https:\/\/api.w.org\/{rel}","templated":true}]}}