{"id":151300,"date":"2022-03-13T09:00:00","date_gmt":"2022-03-13T08:00:00","guid":{"rendered":"http:\/\/www.tucomarca.com\/wordpress\/segunda\/?p=151300"},"modified":"2022-03-13T14:26:58","modified_gmt":"2022-03-13T13:26:58","slug":"la-ribera-rebra-72-milions-deuros-de-la-diputacio-en-el-primer-lliurament-del-fons-de-cooperacio","status":"publish","type":"post","link":"https:\/\/tucomarca.whitekongsoftware.com\/ca\/la-ribera-rebra-72-milions-deuros-de-la-diputacio-en-el-primer-lliurament-del-fons-de-cooperacio\/","title":{"rendered":"La Ribera rebr\u00e0 7,2 milions d&#8217;euros de la Diputaci\u00f3 en el primer lliurament del Fons de Cooperaci\u00f3"},"content":{"rendered":"\n<h4 class=\"wp-block-heading\"><strong>La corporaci\u00f3 triplica l&#8217;assignaci\u00f3 del Consell als municipis valencians gr\u00e0cies a una dotaci\u00f3 extraordin\u00e0ria via super\u00e0vit que eleva l&#8217;aportaci\u00f3 global al Fons d&#8217;enguany a 60 milions d&#8217;euros<\/strong><\/h4>\n\n\n\n<h4 class=\"wp-block-heading\"><strong>Dels primers 40 milions, 5,2 es repartiran a la Ribera Alta, des dels 442.000 euros d&#8217;Alzira als 60.000 de Cotes; i dos milions a la Ribera Baixa, amb m\u00e9s de 300.000 per a Sueca i Cullera<\/strong><\/h4>\n\n\n\n<p class=\"wp-block-paragraph\">La Ribera rebr\u00e0 7.262.962 euros de la Diputaci\u00f3 de Val\u00e8ncia en el primer lliurament del Fons de Cooperaci\u00f3 Municipal que la instituci\u00f3 provincial realitzar\u00e0 als ajuntaments en el marc d&#8217;este pla conjunt amb la Generalitat. La partida forma part dels 40 milions d&#8217;euros pressupostats inicialment en els comptes de 2022, als quals la Diputaci\u00f3 sumar\u00e0 una dotaci\u00f3 extraordin\u00e0ria de 20 milions d&#8217;euros via super\u00e0vit, amb la qual tornar\u00e0 a triplicar l&#8217;assignaci\u00f3 del Consell al Fons per als municipis valencians.<\/p>\n\n\n\n<p class=\"wp-block-paragraph\">El primer lliurament del fons provincial concedix a la Ribera Alta 5.252.667 euros dels 40 milions pressupostats per als 266 municipis de la prov\u00edncia i les tres entitats locals menors. En funci\u00f3 de la poblaci\u00f3 i amb criteris correctors en favor dels ajuntaments amb menys recursos, el repartiment a la comarca deixar\u00e0 442.000 euros a Alzira, que supera els 44.000 habitants; 351.000 a Algemes\u00ed, amb un cens de poc m\u00e9s de 27.000 persones; i 314.000 euros a Carcaixent, amb vora 20.000 habitants. Entre els menys poblats, Sellent i Cotes, rebran al voltant de 60.000 euros.<\/p>\n\n\n\n<p class=\"wp-block-paragraph\">La Ribera Baixa compta amb una assignaci\u00f3 global de 2.010.295 euros, dels quals 340.000 arribaran a Sueca i els seus 25.000 habitants, i 326.000 a Cullera, el cens del qual frega les 23.000 persones. Quant als menys poblats, El Mareny de Barraquetes, entitat local menor de Sueca amb 744 habitants, comptar\u00e0 amb 74.000 euros. A m\u00e9s, Almussafes arriba als 200.000 en este primer lliurament provincial del Fons de Cooperaci\u00f3 i altres quatre municipis de la comarca, Sollana, Albalat de la Ribera, Corbera i Poliny\u00e0 del X\u00faquer, superen els 100.000 euros.<\/p>\n\n\n\n<p class=\"wp-block-paragraph\"><strong>Una eina eficient<\/strong><\/p>\n\n\n\n<p class=\"wp-block-paragraph\">El president de la Diputaci\u00f3, Toni Gaspar, recorda que el Fons de Cooperaci\u00f3 Municipal \u201c\u00e9s una eina que no sols posa de manifest la import\u00e0ncia de la col\u00b7laboraci\u00f3 institucional, sin\u00f3 que ha demostrat ser un instrument molt efica\u00e7 perqu\u00e8 les ajudes arriben de manera \u00e0gil i directa als ajuntaments, eliminant burocr\u00e0cia i permetent destinar els diners tant a inversi\u00f3 com a despesa corrent\u201d.<\/p>\n\n\n\n<p class=\"wp-block-paragraph\">Un any m\u00e9s, la instituci\u00f3 que dirigix Gaspar confirma la seua aposta per este Fons i les ajudes directes als municipis. El responsable d&#8217;Hisenda, Vicent Mascarell, explica que inicialment \u201ces duplica l&#8217;aportaci\u00f3 de la Generalitat a la prov\u00edncia i, en \u00faltima inst\u00e0ncia, es triplicar\u00e0 amb una assignaci\u00f3 extraordin\u00e0ria de 20 milions d&#8217;euros extreta del super\u00e0vit del passat any, que tamb\u00e9 reserva una partida de 10 milions d&#8217;euros per a l&#8217;ampliaci\u00f3 i construcci\u00f3 de centres socials en el marc del \u2018Pla Convivint\u2019\u201d.<\/p>\n\n\n\n<p class=\"wp-block-paragraph\">L&#8217;\u00e0rea provincial d&#8217;Hisenda t\u00e9 ja preparat el repartiment dels primers 40 milions de l&#8217;aportaci\u00f3 al Fons, inclosos en el pressupost de la Diputaci\u00f3 per a 2022. Per comarques, destaquen els 6,1 milions d&#8217;euros que rebran els municipis de l&#8217;Horta Sud; els m\u00e9s de cinc milions que arribaran a les localitats de la Ribera Alta i l&#8217;Horta Nord; i els quatre milions assignats a la Safor.<\/p>\n\n\n\n<p class=\"wp-block-paragraph\"><\/p>\n","protected":false},"excerpt":{"rendered":"<div class=\"mh-excerpt\">La corporaci\u00f3 triplica l&#8217;assignaci\u00f3 del Consell als municipis valencians gr\u00e0cies a una dotaci\u00f3 extraordin\u00e0ria via super\u00e0vit que eleva l&#8217;aportaci\u00f3 global al Fons d&#8217;enguany a 60 milions d&#8217;euros Dels primers 40 milions, 5,2 es repartiran a <a class=\"mh-excerpt-more\" href=\"https:\/\/tucomarca.whitekongsoftware.com\/ca\/la-ribera-rebra-72-milions-deuros-de-la-diputacio-en-el-primer-lliurament-del-fons-de-cooperacio\/\" title=\"La Ribera rebr\u00e0 7,2 milions d&#8217;euros de la Diputaci\u00f3 en el primer lliurament del Fons de Cooperaci\u00f3\">[+] <\/a><\/div>\n","protected":false},"author":12,"featured_media":104921,"comment_status":"open","ping_status":"open","sticky":false,"template":"","format":"standard","meta":{"footnotes":""},"categories":[10986,10990,10898,10948,10995,10894,10902,10947,10896],"tags":[11246,16538,11356],"class_list":["post-151300","post","type-post","status-publish","format-standard","has-post-thumbnail","category-benicull-ca","category-carlet-ca","category-ventana-ca","category-infraestructuras-ca","category-lalcudia-ca","category-la-comarca-ca","category-la-ribera-ca","category-politica","category-seccion-ca","tag-diputacio-de-valencia-ca","tag-fondo-de-cooperacion-de-diputacion-y-generalitat-ca","tag-ribera-alta-ca"],"_links":{"self":[{"href":"https:\/\/tucomarca.whitekongsoftware.com\/ca\/wp-json\/wp\/v2\/posts\/151300","targetHints":{"allow":["GET"]}}],"collection":[{"href":"https:\/\/tucomarca.whitekongsoftware.com\/ca\/wp-json\/wp\/v2\/posts"}],"about":[{"href":"https:\/\/tucomarca.whitekongsoftware.com\/ca\/wp-json\/wp\/v2\/types\/post"}],"author":[{"embeddable":true,"href":"https:\/\/tucomarca.whitekongsoftware.com\/ca\/wp-json\/wp\/v2\/users\/12"}],"replies":[{"embeddable":true,"href":"https:\/\/tucomarca.whitekongsoftware.com\/ca\/wp-json\/wp\/v2\/comments?post=151300"}],"version-history":[{"count":0,"href":"https:\/\/tucomarca.whitekongsoftware.com\/ca\/wp-json\/wp\/v2\/posts\/151300\/revisions"}],"wp:featuredmedia":[{"embeddable":true,"href":"https:\/\/tucomarca.whitekongsoftware.com\/ca\/wp-json\/wp\/v2\/media\/104921"}],"wp:attachment":[{"href":"https:\/\/tucomarca.whitekongsoftware.com\/ca\/wp-json\/wp\/v2\/media?parent=151300"}],"wp:term":[{"taxonomy":"category","embeddable":true,"href":"https:\/\/tucomarca.whitekongsoftware.com\/ca\/wp-json\/wp\/v2\/categories?post=151300"},{"taxonomy":"post_tag","embeddable":true,"href":"https:\/\/tucomarca.whitekongsoftware.com\/ca\/wp-json\/wp\/v2\/tags?post=151300"}],"curies":[{"name":"wp","href":"https:\/\/api.w.org\/{rel}","templated":true}]}}