{"id":151286,"date":"2022-03-11T20:00:00","date_gmt":"2022-03-11T19:00:00","guid":{"rendered":"http:\/\/www.tucomarca.com\/wordpress\/segunda\/?p=151286"},"modified":"2022-03-13T13:47:14","modified_gmt":"2022-03-13T12:47:14","slug":"csif-alerta-dagressions-i-robatoris-en-centres-de-salut-i-afirma-que-les-denuncies-representen-una-xicoteta-part-del-total","status":"publish","type":"post","link":"https:\/\/tucomarca.whitekongsoftware.com\/ca\/csif-alerta-dagressions-i-robatoris-en-centres-de-salut-i-afirma-que-les-denuncies-representen-una-xicoteta-part-del-total\/","title":{"rendered":"CSIF alerta d&#8217;agressions i robatoris en centres de salut i afirma que les den\u00fancies representen una xicoteta part del total"},"content":{"rendered":"\n<h4 class=\"wp-block-heading\">El sindicat posa Alzira II com a exemple d&#8217;inseguretat i exigeix a Conselleria celebrar el Dia contres les Agressions amb mesures urgents com m\u00e9s mitjans i l\u00ednies telef\u00f2niques<\/h4>\n\n\n\n<p class=\"wp-block-paragraph\">El sindicat CSIF assenyala que les 615 agressions f\u00edsiques i verbals recollides per Conselleria de Sanitat en 2021 en la seua mem\u00f2ria de prevenci\u00f3 de riscos representen una xicoteta part de les quals ocorren, ja que la majoria no es denuncia. El sindicat alerta d&#8217;un increment d&#8217;agressions i robatoris en els centres de salut, i avisa que la saturaci\u00f3 laboral i la falta de l\u00ednies telef\u00f2niques agreugen la tensi\u00f3 i el risc.<br>La Central Sindical Independent i de Funcionaris (CSIF) posa com a exemple del que est\u00e0 ocorrent el centre sanitari integrat Alzira II, que at\u00e9n el dia a al voltant d&#8217;un miler d&#8217;usuaris entre els qui acudeixen amb cita i els qui van a urg\u00e8ncies. En aquest recinte, que \u00fanicament compta amb una l\u00ednia d&#8217;atenci\u00f3 telef\u00f2nica, en l&#8217;\u00faltim any s&#8217;ha produ\u00eft una agressi\u00f3 f\u00edsica i dos verbals denunciades, a m\u00e9s de furts en les consultes en els quals no es va poder identificar a qui els va fer i una detenci\u00f3 per robatori.<br>La central sindical explica que els professionals del centre afronten aquesta situaci\u00f3 sense assessorament jur\u00eddic en cas de denunciar i sabent que no disposen de protecci\u00f3 de vigil\u00e0ncia de seguretat a la porta del recinte. Aquesta circumst\u00e0ncia arriba a provocar fins i tot petici\u00f3 de canvi de centre de treball. Tampoc el departament de salut informa els delegats de prevenci\u00f3 d&#8217;aquests incidents. Aquest context retrau, en general, als professionals de denunciar les agressions.<br>El sindicat recalca que aquests fets es multipliquen en nombrosos centres de salut, malgrat haver insistit a Conselleria, tant per escrit com en taules de negociaci\u00f3, en la necessitat d&#8217;establir vigil\u00e0ncia de seguretat, de realitzar campanyes de sensibilitzaci\u00f3 sota la premissa de \u201ccuida a qui et cuida\u201d o de refor\u00e7ar l&#8217;atenci\u00f3 al pacient amb m\u00e9s personal i l\u00ednies telef\u00f2niques per a agilitar els processos i reduir la possibilitat de situacions de tensi\u00f3.<br>CSIF insisteix que els 615 casos recollits en la mem\u00f2ria de Conselleria de Sanitat \u00fanicament representen \u201cla punta de l&#8217;iceberg\u201d. D&#8217;aqueixa dada, el sindicat posa l&#8217;accent que tres de cada quatre agressions les pateixen dones professionals de la sanitat valenciana, ja que en total sumen 465 dels 615 casos que Sanitat inclou en el seu informe.<br>La central sindical espera que la celebraci\u00f3, dem\u00e0 12 de mar\u00e7, del Dia Europeu contra les Agressions en l&#8217;\u00c0mbit Sanitari, constitu\u00efsca un esper\u00f3 per a Conselleria per a adoptar mesures urgents. Referent a aix\u00f2 sol\u00b7licita millor planificaci\u00f3 i organitzaci\u00f3 sanit\u00e0ria, amb un augment de plantilles i un pressupost concorde a les necessitats reals.<br>CSIF, en aquesta l\u00ednia, insisteix en canvis normatius i administratius dirigits a agressors, campanyes de conscienciaci\u00f3, dotaci\u00f3 de personal de seguretat en els centres d&#8217;atenci\u00f3 prim\u00e0ria, amb prioritat per als m\u00e9s conflictius, instal\u00b7laci\u00f3 i recomanacions del Bot\u00f3 SOS, major pres\u00e8ncia en centres sanitaris d&#8217;interlocutors policials, suport jur\u00eddic i suport psicol\u00f2gic als professionals agredits i plans efectius contra les agressions a personal de la sanitat per a minorar els riscos.<\/p>\n\n\n\n<p class=\"wp-block-paragraph\"><\/p>\n","protected":false},"excerpt":{"rendered":"<div class=\"mh-excerpt\">El sindicat posa Alzira II com a exemple d&#8217;inseguretat i exigeix a Conselleria celebrar el Dia contres les Agressions amb mesures urgents com m\u00e9s mitjans i l\u00ednies telef\u00f2niques El sindicat CSIF assenyala que les 615 <a class=\"mh-excerpt-more\" href=\"https:\/\/tucomarca.whitekongsoftware.com\/ca\/csif-alerta-dagressions-i-robatoris-en-centres-de-salut-i-afirma-que-les-denuncies-representen-una-xicoteta-part-del-total\/\" title=\"CSIF alerta d&#8217;agressions i robatoris en centres de salut i afirma que les den\u00fancies representen una xicoteta part del total\">[+] <\/a><\/div>\n","protected":false},"author":12,"featured_media":151285,"comment_status":"open","ping_status":"open","sticky":false,"template":"","format":"standard","meta":{"footnotes":""},"categories":[10889,11010,10898,10948,10894,10902,10947,10896,10897],"tags":[16548,16549,12165,11345,14095,11356],"class_list":["post-151286","post","type-post","status-publish","format-standard","has-post-thumbnail","category-alzira-cat","category-canal-salud","category-ventana-ca","category-infraestructuras-ca","category-la-comarca-ca","category-la-ribera-ca","category-politica","category-seccion-ca","category-sucesos-la-comarca-ca","tag-agresiones-y-robos-ca","tag-alzira-ii-ca","tag-conselleria-de-sanitat-ca","tag-csif-ca","tag-departamento-de-salud-de-la-ribera-ca","tag-ribera-alta-ca"],"_links":{"self":[{"href":"https:\/\/tucomarca.whitekongsoftware.com\/ca\/wp-json\/wp\/v2\/posts\/151286","targetHints":{"allow":["GET"]}}],"collection":[{"href":"https:\/\/tucomarca.whitekongsoftware.com\/ca\/wp-json\/wp\/v2\/posts"}],"about":[{"href":"https:\/\/tucomarca.whitekongsoftware.com\/ca\/wp-json\/wp\/v2\/types\/post"}],"author":[{"embeddable":true,"href":"https:\/\/tucomarca.whitekongsoftware.com\/ca\/wp-json\/wp\/v2\/users\/12"}],"replies":[{"embeddable":true,"href":"https:\/\/tucomarca.whitekongsoftware.com\/ca\/wp-json\/wp\/v2\/comments?post=151286"}],"version-history":[{"count":0,"href":"https:\/\/tucomarca.whitekongsoftware.com\/ca\/wp-json\/wp\/v2\/posts\/151286\/revisions"}],"wp:featuredmedia":[{"embeddable":true,"href":"https:\/\/tucomarca.whitekongsoftware.com\/ca\/wp-json\/wp\/v2\/media\/151285"}],"wp:attachment":[{"href":"https:\/\/tucomarca.whitekongsoftware.com\/ca\/wp-json\/wp\/v2\/media?parent=151286"}],"wp:term":[{"taxonomy":"category","embeddable":true,"href":"https:\/\/tucomarca.whitekongsoftware.com\/ca\/wp-json\/wp\/v2\/categories?post=151286"},{"taxonomy":"post_tag","embeddable":true,"href":"https:\/\/tucomarca.whitekongsoftware.com\/ca\/wp-json\/wp\/v2\/tags?post=151286"}],"curies":[{"name":"wp","href":"https:\/\/api.w.org\/{rel}","templated":true}]}}