{"id":151125,"date":"2022-03-10T12:08:00","date_gmt":"2022-03-10T11:08:00","guid":{"rendered":"http:\/\/www.tucomarca.com\/wordpress\/segunda\/?p=151125"},"modified":"2022-03-10T18:59:17","modified_gmt":"2022-03-10T17:59:17","slug":"riba-roja-cedeix-una-parcella-de-1-958-m2-a-sanitat-per-a-construir-un-centre-de-salut-una-area-de-rehabilitacio-i-un-punt-samu","status":"publish","type":"post","link":"https:\/\/tucomarca.whitekongsoftware.com\/ca\/riba-roja-cedeix-una-parcella-de-1-958-m2-a-sanitat-per-a-construir-un-centre-de-salut-una-area-de-rehabilitacio-i-un-punt-samu\/","title":{"rendered":"Riba-roja cedeix una parcel\u00b7la de 1.958 m2 a Sanitat per a construir un centre de salut, una \u00e0rea de rehabilitaci\u00f3 i un punt Samu"},"content":{"rendered":"\n<h4 class=\"wp-block-heading\">El ple aprova la cessi\u00f3 per al futur centre sanitari en Pacadar&nbsp;<\/h4>\n\n\n\n<figure class=\"wp-block-image size-large\"><img loading=\"lazy\" decoding=\"async\" width=\"1024\" height=\"576\" src=\"http:\/\/www.tucomarca.com\/wordpress\/segunda\/wp-content\/uploads\/2022\/03\/RibaTerrenosCSalud2-1024x576.jpg\" alt=\"\" class=\"wp-image-151124\" srcset=\"https:\/\/tucomarca.whitekongsoftware.com\/wp-content\/uploads\/2022\/03\/RibaTerrenosCSalud2-1024x576.jpg 1024w, https:\/\/tucomarca.whitekongsoftware.com\/wp-content\/uploads\/2022\/03\/RibaTerrenosCSalud2-300x169.jpg 300w, https:\/\/tucomarca.whitekongsoftware.com\/wp-content\/uploads\/2022\/03\/RibaTerrenosCSalud2-768x432.jpg 768w, https:\/\/tucomarca.whitekongsoftware.com\/wp-content\/uploads\/2022\/03\/RibaTerrenosCSalud2-678x381.jpg 678w, https:\/\/tucomarca.whitekongsoftware.com\/wp-content\/uploads\/2022\/03\/RibaTerrenosCSalud2.jpg 1181w\" sizes=\"auto, (max-width: 1024px) 100vw, 1024px\" \/><\/figure>\n\n\n\n<p class=\"wp-block-paragraph\">El ple de l&#8217;Ajuntament de Riba-roja de T\u00faria ha aprovat la cessi\u00f3 d&#8217;una parcel\u00b7la de 1.958 metres quadrats d&#8217;extensi\u00f3 a la conselleria de Sanitat Universal sobre la qual es construir\u00e0 el centre de salut, una \u00e0rea de rehabilitaci\u00f3 i un punt Samu en l&#8217;\u00e0rea oest del terme municipal, en la zona de Pacadar. La proposta del govern del PSPV ha comptat amb els vots a favor d&#8217;Esquerra Unida i Comprom\u00eds, mentre que el Partit Popular, Ciutadans, Podem Riba-roja Pot i Vox s&#8217;han abstingut.&nbsp;<\/p>\n\n\n\n<p class=\"wp-block-paragraph\">La parcel\u00b7la est\u00e0 classificada com a s\u00f2l urbanitzable residencial, inclosa en el sector del Calvari i qualificada com a s\u00f2l dotacional assistencial de la xarxa prim\u00e0ria de Riba-roja de T\u00faria. La incorporaci\u00f3 d&#8217;aquest solar a l&#8217;inventari municipal forma part del proc\u00e9s administratiu previst en el qual s&#8217;inclou la construcci\u00f3 del centre de salut, una \u00e0rea de rehabilitaci\u00f3 i punt d&#8217;ambul\u00e0ncies Samu (Servei d\u2019Atenci\u00f3 M\u00e8dica Urgent).&nbsp;<\/p>\n\n\n\n<p class=\"wp-block-paragraph\">L&#8217;Ajuntament de Riba-roja de T\u00faria ha aportat ja el pla de situaci\u00f3, la qualificaci\u00f3 urban\u00edstica vigent, el pl\u00e0nol d&#8217;empla\u00e7ament, servituds i serveis urban\u00edstics de la parcel\u00b7la, a m\u00e9s dels informes de les companyies subministradores sobre les instal\u00b7lacions, un informe urban\u00edstic del solar i un informe de viabilitat sobre la implantaci\u00f3 del centre sanitari.&nbsp;<\/p>\n\n\n\n<p class=\"wp-block-paragraph\">El govern municipal, a m\u00e9s, ha esmenat algunes de les peticions de la Generalitat com la finalitzaci\u00f3 de la urbanitzaci\u00f3 del vial amb l&#8217;execuci\u00f3 del ferm de la cal\u00e7ada, el despla\u00e7ament dels punts d&#8217;enllumenat situats a l&#8217;interior de la parcel\u00b7la, el desmantellament de la xarxa de reg existent i un informe del departament de salut sobre la viabilitat d&#8217;aquest.<\/p>\n\n\n\n<p class=\"wp-block-paragraph\">A m\u00e9s, s&#8217;ha acordat l&#8217;elevaci\u00f3 de la corresponent escriptura p\u00fablica i la seua inscripci\u00f3 en el registre de la Propietat de Benaguasil i ha rebut el benepl\u00e0cit sobre la cessi\u00f3 de la parcel\u00b7la en un informe de l&#8217;arquitecta municipal. La parcel\u00b7la \u00e9s considerada un b\u00e9 demanial de servei p\u00fablic que permetr\u00e0 destinar-la a un \u00fas d&#8217;una altra administraci\u00f3 i transmetre-li la titularitat d&#8217;aquests.&nbsp;<\/p>\n\n\n\n<p class=\"wp-block-paragraph\">Aquest centre de salut s&#8217;encarregar\u00e0 de cobrir la demanda assistencial de les urbanitzacions i de l&#8217;\u00e0rea oest del nucli urb\u00e0 de Riba-roja de T\u00faria despr\u00e9s d&#8217;obtindre uns terrenys de 50.000 metres quadrats mitjan\u00e7ant una compra aprovada pel ple municipal a mitjan passat any 2021. Els terrenys sobre els quals es consolidaran les futures instal\u00b7lacions sanit\u00e0ries formaven part del programa d&#8217;actuaci\u00f3 integrada (PAI) en el qual es preveia la construcci\u00f3 de 555 habitatges i que es va anul\u00b7lar despr\u00e9s de l&#8217;incompliment de l&#8217;urbanitzador.&nbsp;<\/p>\n\n\n\n<p class=\"wp-block-paragraph\">L&#8217;estudi de la conselleria de Sanitat Universal preveu que el centre de salut de Riba-roja de T\u00faria atendr\u00e0 els habitants del nucli urb\u00e0, a les urbanitzacions del terme municipal gr\u00e0cies a les rondes de circumval\u00b7laci\u00f3 que vertebren la localitat i als habitatges disseminats existents, i amb la possibilitat que, en un futur, fins i tot, el centre de salut es puga ampliar en funci\u00f3 de les necessitats.&nbsp;<\/p>\n\n\n\n<p class=\"wp-block-paragraph\">El centre de salut estar\u00e0 dotat 3 metges de fam\u00edlia, 3 infermeres, 1 pediatre, 1 fisioterapeuta, altres 2 auxiliars d&#8217;infermeria -1 d&#8217;ells de la unitat de rehabilitaci\u00f3-, 1 auxiliar administratiu i, finalment, 1 zelador. Cal recordar que el fisioterapeuta i l&#8217;auxiliar d&#8217;infermeria de la unitat de rehabilitaci\u00f3 estan situats, actualment, en un edifici proporcionat per l&#8217;ajuntament.&nbsp;<\/p>\n\n\n\n<p class=\"wp-block-paragraph\">L&#8217;alcalde de Riba-roja de T\u00faria, Robert Raga, ha afirmat que amb la cessi\u00f3 dels terrenys \u201ces compleix un pas administratiu m\u00e9s en el comprom\u00eds d&#8217;aquest equip de govern per millorar i ampliar les prestacions sanit\u00e0ries en el nostre municipi al mateix temps que es fa realitat el comprom\u00eds del president de la Generalitat, Ximo Puig, que va realitzar l&#8217;any 2015 de dur-lo a terme en el menor temps possible\u201d.&nbsp;<\/p>\n\n\n\n<p class=\"wp-block-paragraph\">Cal recordar que l&#8217;actual centre de salut de Riba-roja de T\u00faria es va construir l&#8217;any 2000 en ple nucli urb\u00e0, per\u00f2 a la meitat d&#8217;un barranc, amb comunicacions d&#8217;acc\u00e9s deficients i amb un tal\u00fas en la part posterior d&#8217;aquest. Per aix\u00f2, l&#8217;ajuntament va eliminar el tal\u00fas l&#8217;any 2016 i va millorar notablement els accessos per als pacients i usuaris.<\/p>\n\n\n\n<p class=\"wp-block-paragraph\"><\/p>\n","protected":false},"excerpt":{"rendered":"<div class=\"mh-excerpt\">El ple aprova la cessi\u00f3 per al futur centre sanitari en Pacadar&nbsp; El ple de l&#8217;Ajuntament de Riba-roja de T\u00faria ha aprovat la cessi\u00f3 d&#8217;una parcel\u00b7la de 1.958 metres quadrats d&#8217;extensi\u00f3 a la conselleria de <a class=\"mh-excerpt-more\" href=\"https:\/\/tucomarca.whitekongsoftware.com\/ca\/riba-roja-cedeix-una-parcella-de-1-958-m2-a-sanitat-per-a-construir-un-centre-de-salut-una-area-de-rehabilitacio-i-un-punt-samu\/\" title=\"Riba-roja cedeix una parcel\u00b7la de 1.958 m2 a Sanitat per a construir un centre de salut, una \u00e0rea de rehabilitaci\u00f3 i un punt Samu\">[+] <\/a><\/div>\n","protected":false},"author":12,"featured_media":151122,"comment_status":"open","ping_status":"open","sticky":false,"template":"","format":"standard","meta":{"footnotes":""},"categories":[10892,10948,10894,10947,10906,10896],"tags":[10899,12439,12165,15024],"class_list":["post-151125","post","type-post","status-publish","format-standard","has-post-thumbnail","category-camp-de-turia-ca","category-infraestructuras-ca","category-la-comarca-ca","category-politica","category-riba-roja-ca","category-seccion-ca","tag-camp-de-turia-ca","tag-centro-de-salud-ca","tag-conselleria-de-sanitat-ca","tag-riba-roja-de-turia-ca"],"_links":{"self":[{"href":"https:\/\/tucomarca.whitekongsoftware.com\/ca\/wp-json\/wp\/v2\/posts\/151125","targetHints":{"allow":["GET"]}}],"collection":[{"href":"https:\/\/tucomarca.whitekongsoftware.com\/ca\/wp-json\/wp\/v2\/posts"}],"about":[{"href":"https:\/\/tucomarca.whitekongsoftware.com\/ca\/wp-json\/wp\/v2\/types\/post"}],"author":[{"embeddable":true,"href":"https:\/\/tucomarca.whitekongsoftware.com\/ca\/wp-json\/wp\/v2\/users\/12"}],"replies":[{"embeddable":true,"href":"https:\/\/tucomarca.whitekongsoftware.com\/ca\/wp-json\/wp\/v2\/comments?post=151125"}],"version-history":[{"count":0,"href":"https:\/\/tucomarca.whitekongsoftware.com\/ca\/wp-json\/wp\/v2\/posts\/151125\/revisions"}],"wp:featuredmedia":[{"embeddable":true,"href":"https:\/\/tucomarca.whitekongsoftware.com\/ca\/wp-json\/wp\/v2\/media\/151122"}],"wp:attachment":[{"href":"https:\/\/tucomarca.whitekongsoftware.com\/ca\/wp-json\/wp\/v2\/media?parent=151125"}],"wp:term":[{"taxonomy":"category","embeddable":true,"href":"https:\/\/tucomarca.whitekongsoftware.com\/ca\/wp-json\/wp\/v2\/categories?post=151125"},{"taxonomy":"post_tag","embeddable":true,"href":"https:\/\/tucomarca.whitekongsoftware.com\/ca\/wp-json\/wp\/v2\/tags?post=151125"}],"curies":[{"name":"wp","href":"https:\/\/api.w.org\/{rel}","templated":true}]}}