{"id":151108,"date":"2022-03-09T19:00:00","date_gmt":"2022-03-09T18:00:00","guid":{"rendered":"http:\/\/www.tucomarca.com\/wordpress\/segunda\/?p=151108"},"modified":"2022-03-10T09:43:43","modified_gmt":"2022-03-10T08:43:43","slug":"sanitat-notifica-2-154-nous-casos-de-coronavirus-i-3-032-altes-en-la-comunitat-valenciana","status":"publish","type":"post","link":"https:\/\/tucomarca.whitekongsoftware.com\/ca\/sanitat-notifica-2-154-nous-casos-de-coronavirus-i-3-032-altes-en-la-comunitat-valenciana\/","title":{"rendered":"Sanitat notifica 2.154 nous casos de coronavirus i 3.032 altes en la Comunitat Valenciana"},"content":{"rendered":"\n<h4 class=\"wp-block-heading\">Per prov\u00edncies, s&#8217;han registrat 148 positius a Castell\u00f3, 556 a Alacant i 1.450 a Val\u00e8ncia<\/h4>\n\n\n\n<h4 class=\"wp-block-heading\">Els hospitals valencians tenen 578 persones ingressades, 62 d&#8217;elles en l&#8217;UCI<\/h4>\n\n\n\n<p class=\"wp-block-paragraph\">La Conselleria de Sanitat Universal i Salut P\u00fablica ha notificat un total de 2.154 nous casos de coronavirus confirmats per prova PCR o a trav\u00e9s de test d&#8217;ant\u00edgens. Amb aquesta actualitzaci\u00f3, la xifra total de positius se situa en 1.311.133 persones. Els nous casos per prov\u00edncies s\u00f3n 148 a Castell\u00f3 (157.702 en total), 556 a Alacant (457.139) i 1.450 a Val\u00e8ncia (696.288). La xifra de casos no assignats es mant\u00e9 en 4.<\/p>\n\n\n\n<p class=\"wp-block-paragraph\">Respecte al nombre d&#8217;altes, s&#8217;han registrat 3.032. D&#8217;aquesta manera, el nombre de persones que han superat la malaltia des que va comen\u00e7ar la pand\u00e8mia en la Comunitat Valenciana \u00e9s d&#8217;1.295.822. Per prov\u00edncies, les altes es distribueixen aix\u00ed: 156.247 a Castell\u00f3, 451.295 a Alacant i 688.221 a Val\u00e8ncia. El total d&#8217;altes no assignades es mant\u00e9 en 59.<\/p>\n\n\n\n<p class=\"wp-block-paragraph\">Els hospitals valencians tenen, actualment 578 persones ingressades, 62 d&#8217;elles en l&#8217;UCI: 85 a la prov\u00edncia de Castell\u00f3, 4 en UCI; 181 a la prov\u00edncia d&#8217;Alacant, 20 d&#8217;elles en l&#8217;UCI; i 312 a la prov\u00edncia de Val\u00e8ncia, 38 en UCI.<\/p>\n\n\n\n<p class=\"wp-block-paragraph\">S&#8217;han notificat 6 defuncions per coronavirus des de l&#8217;\u00faltima actualitzaci\u00f3, tots amb data de defunci\u00f3 en els \u00faltims 7 dies, excepte un en l&#8217;\u00faltima setmana de febrer i un altre al gener. Es tracta de 2 dones de 82 i 88 anys i 4 homes d&#8217;entre 78 i 96 anys. El total de decessos des de l&#8217;inici de la pand\u00e8mia ascendeix a 9.096: 1.052 a la prov\u00edncia de Castell\u00f3, 3.469 en la d&#8217;Alacant i 4.575 en la de Val\u00e8ncia.<\/p>\n\n\n\n<p class=\"wp-block-paragraph\">D&#8217;acord amb les dades registrades, en aquests moments hi ha 17.656 casos actius, la qual cosa suposa un 1,33% del total de positius.<\/p>\n","protected":false},"excerpt":{"rendered":"<div class=\"mh-excerpt\">Per prov\u00edncies, s&#8217;han registrat 148 positius a Castell\u00f3, 556 a Alacant i 1.450 a Val\u00e8ncia Els hospitals valencians tenen 578 persones ingressades, 62 d&#8217;elles en l&#8217;UCI La Conselleria de Sanitat Universal i Salut P\u00fablica ha <a class=\"mh-excerpt-more\" href=\"https:\/\/tucomarca.whitekongsoftware.com\/ca\/sanitat-notifica-2-154-nous-casos-de-coronavirus-i-3-032-altes-en-la-comunitat-valenciana\/\" title=\"Sanitat notifica 2.154 nous casos de coronavirus i 3.032 altes en la Comunitat Valenciana\">[+] <\/a><\/div>\n","protected":false},"author":12,"featured_media":143477,"comment_status":"open","ping_status":"open","sticky":false,"template":"","format":"standard","meta":{"footnotes":""},"categories":[11010,12202,10898,10948,10894,10904,10903,10947,10896,10897],"tags":[12165,11939,11940,13477],"class_list":["post-151108","post","type-post","status-publish","format-standard","has-post-thumbnail","category-canal-salud","category-covid-19-ca","category-ventana-ca","category-infraestructuras-ca","category-la-comarca-ca","category-sin-categorizar-ca","category-medio-ambiente-la-comarca-ca","category-politica","category-seccion-ca","category-sucesos-la-comarca-ca","tag-conselleria-de-sanitat-ca","tag-coronavirus-ca","tag-covid-19-ca","tag-datos-de-contagios-ca"],"_links":{"self":[{"href":"https:\/\/tucomarca.whitekongsoftware.com\/ca\/wp-json\/wp\/v2\/posts\/151108","targetHints":{"allow":["GET"]}}],"collection":[{"href":"https:\/\/tucomarca.whitekongsoftware.com\/ca\/wp-json\/wp\/v2\/posts"}],"about":[{"href":"https:\/\/tucomarca.whitekongsoftware.com\/ca\/wp-json\/wp\/v2\/types\/post"}],"author":[{"embeddable":true,"href":"https:\/\/tucomarca.whitekongsoftware.com\/ca\/wp-json\/wp\/v2\/users\/12"}],"replies":[{"embeddable":true,"href":"https:\/\/tucomarca.whitekongsoftware.com\/ca\/wp-json\/wp\/v2\/comments?post=151108"}],"version-history":[{"count":0,"href":"https:\/\/tucomarca.whitekongsoftware.com\/ca\/wp-json\/wp\/v2\/posts\/151108\/revisions"}],"wp:featuredmedia":[{"embeddable":true,"href":"https:\/\/tucomarca.whitekongsoftware.com\/ca\/wp-json\/wp\/v2\/media\/143477"}],"wp:attachment":[{"href":"https:\/\/tucomarca.whitekongsoftware.com\/ca\/wp-json\/wp\/v2\/media?parent=151108"}],"wp:term":[{"taxonomy":"category","embeddable":true,"href":"https:\/\/tucomarca.whitekongsoftware.com\/ca\/wp-json\/wp\/v2\/categories?post=151108"},{"taxonomy":"post_tag","embeddable":true,"href":"https:\/\/tucomarca.whitekongsoftware.com\/ca\/wp-json\/wp\/v2\/tags?post=151108"}],"curies":[{"name":"wp","href":"https:\/\/api.w.org\/{rel}","templated":true}]}}