{"id":151057,"date":"2022-03-10T08:55:00","date_gmt":"2022-03-10T07:55:00","guid":{"rendered":"http:\/\/www.tucomarca.com\/wordpress\/segunda\/?p=151057"},"modified":"2022-03-10T09:52:10","modified_gmt":"2022-03-10T08:52:10","slug":"tot-preparat-per-a-celebrar-les-falles-a-xest","status":"publish","type":"post","link":"https:\/\/tucomarca.whitekongsoftware.com\/ca\/tot-preparat-per-a-celebrar-les-falles-a-xest\/","title":{"rendered":"Tot preparat per a celebrar les Falles a Xest"},"content":{"rendered":"\n<p class=\"wp-block-paragraph\">L&#8217;Ajuntament de Xest i les falles locals han col\u00b7laborat per a preparar el programa d&#8217;actes de les Falles 2022. El passat 26 de febrer es va donar el tret d&#8217;eixida amb una emotiva Gala Fallera Solid\u00e0ria en l&#8217;es va realitzar la lectura del preg\u00f3 de les festes, donant a con\u00e9ixer les activitats previstes.&nbsp;<\/p>\n\n\n\n<p class=\"wp-block-paragraph\">Aix\u00ed, el pr\u00f2xim 18 de mar\u00e7 les dues falles locals, Falla Ind\u00fastria i Comer\u00e7 i Falla Barri de l&#8217;Alegria, participaran en un cercaviles que arrancar\u00e0 a les 12.00 h. des del carrer Xiva i que acabar\u00e0 amb una masclet\u00e1, a les 14.30 h., en la pla\u00e7a Doctor Cajal. La jornada es tancar\u00e0 amb la tradicional ofrena de flors, que donar\u00e0 principi a les 18.30 h. a l&#8217;esgl\u00e9sia Sant Lluc Evangelista.<\/p>\n\n\n\n<p class=\"wp-block-paragraph\">El dia 19 de mar\u00e7, de nou els fallers i les falleres de Xest lluiran els seus vestits en un cercaviles, fins a arribar a l&#8217;esgl\u00e9sia, on se celebrar\u00e0 la missa en honor a San Jos\u00e9. A les 14.30 h. tornar\u00e0 a disparar-se una masclet\u00e1 des de la pla\u00e7a Doctor Cajal.&nbsp;<\/p>\n\n\n\n<p class=\"wp-block-paragraph\">Per a posar el fermall final a la festa, aqueix mateix dia a la vesprada, a les 18.30 h., donar\u00e0 principi la Cavalcada de San Jos\u00e9, on desfilaran carros tradicionals per a evocar les primeres cavalcades falleres de la localitat, realitzades en els anys 40. \u201cAquesta \u00e9s una de les novetats d&#8217;aquesta edici\u00f3, hem preparat una cavalcada molt especial que pret\u00e9n posar el focus en la nostra forma caracter\u00edstica de celebrar les festes Josefinas; amb l&#8217;objectiu que la nostra cavalcada siga declarada B\u00e9 d&#8217;Inter\u00e9s Tur\u00edstic\u201d, ha manifestat el regidor de Festes, Ra\u00fal Mota.<\/p>\n\n\n\n<p class=\"wp-block-paragraph\">Com mana la tradici\u00f3, les falles finalitzaran amb la crem\u00e1, a partir de les 23.00 h.<\/p>\n","protected":false},"excerpt":{"rendered":"<div class=\"mh-excerpt\">L&#8217;Ajuntament de Xest i les falles locals han col\u00b7laborat per a preparar el programa d&#8217;actes de les Falles 2022. El passat 26 de febrer es va donar el tret d&#8217;eixida amb una emotiva Gala Fallera <a class=\"mh-excerpt-more\" href=\"https:\/\/tucomarca.whitekongsoftware.com\/ca\/tot-preparat-per-a-celebrar-les-falles-a-xest\/\" title=\"Tot preparat per a celebrar les Falles a Xest\">[+] <\/a><\/div>\n","protected":false},"author":12,"featured_media":151055,"comment_status":"open","ping_status":"open","sticky":false,"template":"","format":"standard","meta":{"footnotes":""},"categories":[11019,10894,10912,11007,11008,10896,10974],"tags":[11071,16524,10914],"class_list":["post-151057","post","type-post","status-publish","format-standard","has-post-thumbnail","category-agenda-ca","category-la-comarca-ca","category-la-hoya-ca","category-ocio-y-cultura-ca","category-pueblos-en-fiestas-ca","category-seccion-ca","category-cheste-ca","tag-cheste","tag-fallas-cheste-2022-ca","tag-la-hoya-de-bunol-chiva-ca"],"_links":{"self":[{"href":"https:\/\/tucomarca.whitekongsoftware.com\/ca\/wp-json\/wp\/v2\/posts\/151057","targetHints":{"allow":["GET"]}}],"collection":[{"href":"https:\/\/tucomarca.whitekongsoftware.com\/ca\/wp-json\/wp\/v2\/posts"}],"about":[{"href":"https:\/\/tucomarca.whitekongsoftware.com\/ca\/wp-json\/wp\/v2\/types\/post"}],"author":[{"embeddable":true,"href":"https:\/\/tucomarca.whitekongsoftware.com\/ca\/wp-json\/wp\/v2\/users\/12"}],"replies":[{"embeddable":true,"href":"https:\/\/tucomarca.whitekongsoftware.com\/ca\/wp-json\/wp\/v2\/comments?post=151057"}],"version-history":[{"count":0,"href":"https:\/\/tucomarca.whitekongsoftware.com\/ca\/wp-json\/wp\/v2\/posts\/151057\/revisions"}],"wp:featuredmedia":[{"embeddable":true,"href":"https:\/\/tucomarca.whitekongsoftware.com\/ca\/wp-json\/wp\/v2\/media\/151055"}],"wp:attachment":[{"href":"https:\/\/tucomarca.whitekongsoftware.com\/ca\/wp-json\/wp\/v2\/media?parent=151057"}],"wp:term":[{"taxonomy":"category","embeddable":true,"href":"https:\/\/tucomarca.whitekongsoftware.com\/ca\/wp-json\/wp\/v2\/categories?post=151057"},{"taxonomy":"post_tag","embeddable":true,"href":"https:\/\/tucomarca.whitekongsoftware.com\/ca\/wp-json\/wp\/v2\/tags?post=151057"}],"curies":[{"name":"wp","href":"https:\/\/api.w.org\/{rel}","templated":true}]}}