{"id":151044,"date":"2022-03-09T12:00:00","date_gmt":"2022-03-09T11:00:00","guid":{"rendered":"http:\/\/www.tucomarca.com\/wordpress\/segunda\/?p=151044"},"modified":"2022-03-09T19:15:58","modified_gmt":"2022-03-09T18:15:58","slug":"csif-denuncia-lagressio-a-una-doctora-a-alzira-i-exigeix-mesures-urgents-amb-la-finalitat-de-protegir-el-personal-de-sanitat","status":"publish","type":"post","link":"https:\/\/tucomarca.whitekongsoftware.com\/ca\/csif-denuncia-lagressio-a-una-doctora-a-alzira-i-exigeix-mesures-urgents-amb-la-finalitat-de-protegir-el-personal-de-sanitat\/","title":{"rendered":"CSIF denuncia l&#8217;agressi\u00f3 a una doctora a Alzira i exigeix mesures urgents amb la finalitat de protegir el personal de sanitat"},"content":{"rendered":"\n<h4 class=\"wp-block-heading\">El sindicat assenyala que va ser atacada per una pacient i els seus acompanyants i reclama a Conselleria vigil\u00e0ncia de seguretat en els centres de salut i campanyes de sensibilitzaci\u00f3<\/h4>\n\n\n\n<p class=\"wp-block-paragraph\">CSIF denuncia l&#8217;agressi\u00f3 patida per una afiliada en el seu lloc de treball en un centre de salut d&#8217;Alzira. La treballadora, que desenvolupa la seua labor com a metge en el departament de salut de la Ribera, ha patit agressi\u00f3 tant f\u00edsica com verbal per part d&#8217;una pacient i els seus dos acompanyants. El sindicat reclama amb urg\u00e8ncia a Conselleria mesures de seguretat per a protegir el personal de sanitat.&nbsp;<br>La Central Sindical Independent i de Funcionaris (CSIF) ve avisant des de fa temps de la situaci\u00f3 insostenible i del repunt d&#8217;amenaces i situacions de tensi\u00f3 en hospitals i, sobretot, en centres de salut. Per aqueix motiu la central sindical ha exigit amb reiteraci\u00f3 vigilants de seguretat i campanyes de sensibilitzaci\u00f3 per a \u201ccuidar a qui et cuida\u201d.<br>El sindicat CSIF explica que la situaci\u00f3 ha arribat a l&#8217;agressi\u00f3 f\u00edsica, amb den\u00fancia interposada davant el Cos Nacional de Policia, en un centre de salut d&#8217;Alzira. All\u00ed una de les doctores va cridar a una pacient perqu\u00e8 entrara en consulta. En indicar al seu acompanyant que romanguera fora, tal com estableixen els protocols covid, aquesta es va negar dient que la persona que anava a ser atesa no sap espanyol. Despr\u00e9s de respondre la doctora que l&#8217;idioma no seria problema, la pacient va comen\u00e7ar a cridar i a insultar a la facultativa.<br>La central sindical assenyala que tot seguit la doctora va ser agarrada pels dos bra\u00e7os i sacsada, tal com ha deixat const\u00e0ncia en la den\u00fancia interposada. Davant l&#8217;agressi\u00f3, que es va produir davant d&#8217;altres pacients, va demanar ajuda a la zeladora i li va dir que telefonara a la Policia Nacional. L&#8217;agressora i els seus dos acompanyants van marxar corrent. La doctora va haver de prendre&#8217;s antiiflamatorios i ansiol\u00edtics per a poder continuar amb el seu treball en patir, a causa de l&#8217;agressi\u00f3, cervicalgia i ansiendad.<br>El sindicat apunta que els fets no van acabar ac\u00ed, ja que uns 15 minuts despr\u00e9s que marxaren els agents de Policia Nacional \u201cacudeix una dona \u00e0rab que vestia jaqueta de color rosa i pregunta a la zeladora els noms dels metges de gu\u00e0rdia. Despr\u00e9s d&#8217;insistir-li i negar-se la zeladora, li ha dit, amb to amena\u00e7ador, \u201cja m&#8217;assabentar\u00e9 del nom dels metges i del teu tamb\u00e9\u201d, tal com consta en el comunicat tramitat davant Conselleria.<br>La central sindical va instar al gener per escrit a Sanitat, sense obtindre encara resposta, al fet que informara i explicara quines mesures pensa adoptar davant els insults i agressions que es reprodueixen en atenci\u00f3 prim\u00e0ria. La central sindical va fer aquesta petici\u00f3 en un escrit en el qual avisava de la situaci\u00f3, a causa de la saturaci\u00f3 actual i falta de mitjans, \u201cextremadament greu\u201d en la citada atenci\u00f3 prim\u00e0ria.<br>El sindicat assenyala que l&#8217;ocorregut a principis d&#8217;aquest mes de mar\u00e7 en un centre de salut de la localitat d&#8217;Alzira es produeix en un context de creixent tensi\u00f3. Per aqueix motiu insisteix i urgeix a Conselleria de Sanitat a adoptar mesures immediates perqu\u00e8 fets com el succe\u00eft i denunciat no es reprodu\u00efsquen en altres recintes sanitaris.<\/p>\n","protected":false},"excerpt":{"rendered":"<div class=\"mh-excerpt\">El sindicat assenyala que va ser atacada per una pacient i els seus acompanyants i reclama a Conselleria vigil\u00e0ncia de seguretat en els centres de salut i campanyes de sensibilitzaci\u00f3 CSIF denuncia l&#8217;agressi\u00f3 patida per <a class=\"mh-excerpt-more\" href=\"https:\/\/tucomarca.whitekongsoftware.com\/ca\/csif-denuncia-lagressio-a-una-doctora-a-alzira-i-exigeix-mesures-urgents-amb-la-finalitat-de-protegir-el-personal-de-sanitat\/\" title=\"CSIF denuncia l&#8217;agressi\u00f3 a una doctora a Alzira i exigeix mesures urgents amb la finalitat de protegir el personal de sanitat\">[+] <\/a><\/div>\n","protected":false},"author":12,"featured_media":151043,"comment_status":"open","ping_status":"open","sticky":false,"template":"","format":"standard","meta":{"footnotes":""},"categories":[10889,11010,10898,10948,10894,10902,10947,10896,10897],"tags":[16180,11192,11345,14095],"class_list":["post-151044","post","type-post","status-publish","format-standard","has-post-thumbnail","category-alzira-cat","category-canal-salud","category-ventana-ca","category-infraestructuras-ca","category-la-comarca-ca","category-la-ribera-ca","category-politica","category-seccion-ca","category-sucesos-la-comarca-ca","tag-agresion-ca","tag-alzira-ca","tag-csif-ca","tag-departamento-de-salud-de-la-ribera-ca"],"_links":{"self":[{"href":"https:\/\/tucomarca.whitekongsoftware.com\/ca\/wp-json\/wp\/v2\/posts\/151044","targetHints":{"allow":["GET"]}}],"collection":[{"href":"https:\/\/tucomarca.whitekongsoftware.com\/ca\/wp-json\/wp\/v2\/posts"}],"about":[{"href":"https:\/\/tucomarca.whitekongsoftware.com\/ca\/wp-json\/wp\/v2\/types\/post"}],"author":[{"embeddable":true,"href":"https:\/\/tucomarca.whitekongsoftware.com\/ca\/wp-json\/wp\/v2\/users\/12"}],"replies":[{"embeddable":true,"href":"https:\/\/tucomarca.whitekongsoftware.com\/ca\/wp-json\/wp\/v2\/comments?post=151044"}],"version-history":[{"count":0,"href":"https:\/\/tucomarca.whitekongsoftware.com\/ca\/wp-json\/wp\/v2\/posts\/151044\/revisions"}],"wp:featuredmedia":[{"embeddable":true,"href":"https:\/\/tucomarca.whitekongsoftware.com\/ca\/wp-json\/wp\/v2\/media\/151043"}],"wp:attachment":[{"href":"https:\/\/tucomarca.whitekongsoftware.com\/ca\/wp-json\/wp\/v2\/media?parent=151044"}],"wp:term":[{"taxonomy":"category","embeddable":true,"href":"https:\/\/tucomarca.whitekongsoftware.com\/ca\/wp-json\/wp\/v2\/categories?post=151044"},{"taxonomy":"post_tag","embeddable":true,"href":"https:\/\/tucomarca.whitekongsoftware.com\/ca\/wp-json\/wp\/v2\/tags?post=151044"}],"curies":[{"name":"wp","href":"https:\/\/api.w.org\/{rel}","templated":true}]}}