{"id":150989,"date":"2022-03-08T20:00:00","date_gmt":"2022-03-08T19:00:00","guid":{"rendered":"http:\/\/www.tucomarca.com\/wordpress\/segunda\/?p=150989"},"modified":"2022-03-08T21:09:40","modified_gmt":"2022-03-08T20:09:40","slug":"sanitat-notifica-1-975-nous-casos-de-coronavirus-i-3-408-altes-en-la-comunitat-valenciana","status":"publish","type":"post","link":"https:\/\/tucomarca.whitekongsoftware.com\/ca\/sanitat-notifica-1-975-nous-casos-de-coronavirus-i-3-408-altes-en-la-comunitat-valenciana\/","title":{"rendered":"Sanitat notifica 1.975 nous casos de coronavirus i 3.408 altes en la Comunitat Valenciana"},"content":{"rendered":"\n<h4 class=\"wp-block-heading\">Per prov\u00edncies: 205 cas s&#8217;han registrat a Castell\u00f3, 524 a Alacant i 1.246 a Val\u00e8ncia<\/h4>\n\n\n\n<h4 class=\"wp-block-heading\">Els hospitals valencians tenen 628 persones ingressades, 68 d&#8217;elles en l&#8217;UCI<\/h4>\n\n\n\n<p class=\"wp-block-paragraph\">La Conselleria de Sanitat Universal i Salut P\u00fablica ha notificat un total de 1.975 nous casos de coronavirus confirmats per prova PCR o a trav\u00e9s de test d&#8217;ant\u00edgens. Amb aquesta actualitzaci\u00f3, la xifra total de positius se situa en 1.308.979 persones. Els nous casos per prov\u00edncies s\u00f3n 205 a Castell\u00f3 (157.554 en total), 524 a Alacant (456.583) i 1.246 a Val\u00e8ncia (694.838). La xifra de casos no assignats es mant\u00e9 en 4.<\/p>\n\n\n\n<p class=\"wp-block-paragraph\">Respecte al nombre d&#8217;altes, s&#8217;han registrat 3.408. D&#8217;aquesta manera, el nombre de persones que han superat la malaltia des que va comen\u00e7ar la pand\u00e8mia en la Comunitat Valenciana \u00e9s d&#8217;1.292.790. Per prov\u00edncies, les altes es distribueixen aix\u00ed: 155.984 a Castell\u00f3, 450.424 a Alacant i 686.323 a Val\u00e8ncia. El total d&#8217;altes no assignades es mant\u00e9 en 59.<\/p>\n\n\n\n<p class=\"wp-block-paragraph\">Els hospitals valencians tenen, actualment 628 persones ingressades, 68 d&#8217;elles en l&#8217;UCI: 89 s&#8217;han comptabilitzat a la prov\u00edncia de Castell\u00f3, 5 en UCI; 206 a la prov\u00edncia d&#8217;Alacant, 22 d&#8217;elles en l&#8217;UCI; i 333 a la prov\u00edncia de Val\u00e8ncia, 41 en UCI.<\/p>\n\n\n\n<p class=\"wp-block-paragraph\">S&#8217;han notificat 12 defuncions per coronavirus des de l&#8217;\u00faltima actualitzaci\u00f3, tots amb data de defunci\u00f3 en els \u00faltims 7 dies excepte un que \u00e9s de l&#8217;\u00faltima setmana de febrer. Es tracta de 4 dones d&#8217;entre 81 i 98 anys i 8 homes d&#8217;entre 66 i 95 anys. El total de decessos des de l&#8217;inici de la pand\u00e8mia ascendeix a 9.090: 1.051 a la prov\u00edncia de Castell\u00f3, 3.466 en la d&#8217;Alacant i 4.573 en la de Val\u00e8ncia.<\/p>\n\n\n\n<p class=\"wp-block-paragraph\">D&#8217;acord amb les dades registrades, en aquests moments hi ha 18.540 casos actius, la qual cosa suposa un 1,40% del total de positius.<\/p>\n\n\n\n<p class=\"wp-block-paragraph\"><\/p>\n","protected":false},"excerpt":{"rendered":"<div class=\"mh-excerpt\">Per prov\u00edncies: 205 cas s&#8217;han registrat a Castell\u00f3, 524 a Alacant i 1.246 a Val\u00e8ncia Els hospitals valencians tenen 628 persones ingressades, 68 d&#8217;elles en l&#8217;UCI La Conselleria de Sanitat Universal i Salut P\u00fablica ha <a class=\"mh-excerpt-more\" href=\"https:\/\/tucomarca.whitekongsoftware.com\/ca\/sanitat-notifica-1-975-nous-casos-de-coronavirus-i-3-408-altes-en-la-comunitat-valenciana\/\" title=\"Sanitat notifica 1.975 nous casos de coronavirus i 3.408 altes en la Comunitat Valenciana\">[+] <\/a><\/div>\n","protected":false},"author":12,"featured_media":144789,"comment_status":"open","ping_status":"open","sticky":false,"template":"","format":"standard","meta":{"footnotes":""},"categories":[11010,10898,10948,10894,10904,10903,10947,10896,10897],"tags":[12165,11939,11940,13477,16061],"class_list":["post-150989","post","type-post","status-publish","format-standard","has-post-thumbnail","category-canal-salud","category-ventana-ca","category-infraestructuras-ca","category-la-comarca-ca","category-sin-categorizar-ca","category-medio-ambiente-la-comarca-ca","category-politica","category-seccion-ca","category-sucesos-la-comarca-ca","tag-conselleria-de-sanitat-ca","tag-coronavirus-ca","tag-covid-19-ca","tag-datos-de-contagios-ca","tag-omicron-ca"],"_links":{"self":[{"href":"https:\/\/tucomarca.whitekongsoftware.com\/ca\/wp-json\/wp\/v2\/posts\/150989","targetHints":{"allow":["GET"]}}],"collection":[{"href":"https:\/\/tucomarca.whitekongsoftware.com\/ca\/wp-json\/wp\/v2\/posts"}],"about":[{"href":"https:\/\/tucomarca.whitekongsoftware.com\/ca\/wp-json\/wp\/v2\/types\/post"}],"author":[{"embeddable":true,"href":"https:\/\/tucomarca.whitekongsoftware.com\/ca\/wp-json\/wp\/v2\/users\/12"}],"replies":[{"embeddable":true,"href":"https:\/\/tucomarca.whitekongsoftware.com\/ca\/wp-json\/wp\/v2\/comments?post=150989"}],"version-history":[{"count":0,"href":"https:\/\/tucomarca.whitekongsoftware.com\/ca\/wp-json\/wp\/v2\/posts\/150989\/revisions"}],"wp:featuredmedia":[{"embeddable":true,"href":"https:\/\/tucomarca.whitekongsoftware.com\/ca\/wp-json\/wp\/v2\/media\/144789"}],"wp:attachment":[{"href":"https:\/\/tucomarca.whitekongsoftware.com\/ca\/wp-json\/wp\/v2\/media?parent=150989"}],"wp:term":[{"taxonomy":"category","embeddable":true,"href":"https:\/\/tucomarca.whitekongsoftware.com\/ca\/wp-json\/wp\/v2\/categories?post=150989"},{"taxonomy":"post_tag","embeddable":true,"href":"https:\/\/tucomarca.whitekongsoftware.com\/ca\/wp-json\/wp\/v2\/tags?post=150989"}],"curies":[{"name":"wp","href":"https:\/\/api.w.org\/{rel}","templated":true}]}}