{"id":150979,"date":"2022-03-08T17:12:00","date_gmt":"2022-03-08T16:12:00","guid":{"rendered":"http:\/\/www.tucomarca.com\/wordpress\/segunda\/?p=150979"},"modified":"2022-03-08T20:35:10","modified_gmt":"2022-03-08T19:35:10","slug":"el-balco-faller-de-valencia-turisme-reuneix-agents-de-viatges-nacionals-i-empresaris-turistics-locals","status":"publish","type":"post","link":"https:\/\/tucomarca.whitekongsoftware.com\/ca\/el-balco-faller-de-valencia-turisme-reuneix-agents-de-viatges-nacionals-i-empresaris-turistics-locals\/","title":{"rendered":"El balc\u00f3 faller de Val\u00e8ncia Turisme reuneix agents de viatges nacionals i empresaris tur\u00edstics locals"},"content":{"rendered":"\n<h4 class=\"wp-block-heading\">Empreses de la Comunitat de Madrid i la Comunitat Valenciana han participat aquest mat\u00ed en una sessi\u00f3 de treball experiencial amb representants empresarials de destinacions tur\u00edstiques de la prov\u00edncia<\/h4>\n\n\n\n<p class=\"wp-block-paragraph\">Val\u00e8ncia Turisme ha reunit hui un total de 16 ag\u00e8ncies de viatges de la Comunidad Aut\u00f3noma de Madrid i la Comunitat Valenciana amb empresaris d&#8217;alguns de les principals destinacions tur\u00edstiques de la prov\u00edncia, al seu balc\u00f3 faller de la Pla\u00e7a de l&#8217;Ajuntament de Val\u00e8ncia, dos anys despr\u00e9s del comen\u00e7ament d&#8217;aquesta acci\u00f3 promocional en format experiencial, que va quedar interrompuda per la pand\u00e8mia.<\/p>\n\n\n\n<p class=\"wp-block-paragraph\">En la trobada han participat el diputat de Turisme de la Diputaci\u00f3 de Val\u00e8ncia, Jordi Mayor; el secretari auton\u00f2mic de Turisme, Francesc Colomer; i el regidor de Turisme de l&#8217;Ajuntament de Val\u00e8ncia, Emiliano Garc\u00eda. Tamb\u00e9 han assistit el president de la Diputaci\u00f3, Toni Gaspar, i el vicepresident primer de la corporaci\u00f3, Carlos Fern\u00e1ndez Bielsa.<\/p>\n\n\n\n<p class=\"wp-block-paragraph\">La jornada s&#8217;ha emmarcat en l&#8217;estrat\u00e8gia de Val\u00e8ncia Turisme de coordinar destinacions i empreses de productes tur\u00edstics per a incrementar la projecci\u00f3 de l&#8217;oferta tur\u00edstica de la prov\u00edncia.&nbsp;<\/p>\n\n\n\n<p class=\"wp-block-paragraph\">\u201cEs tracta d&#8217;un workshop experiencial en el qual, coincidint amb els preliminars d&#8217;una festa tan universal com les Falles, se cerca generar sinergies entre les destinacions de platja i interior que participen, aix\u00ed com amb els empresaris del sector, amb la finalitat de potenciar la desestacionalitzaci\u00f3 de l&#8217;oferta tur\u00edstica de la prov\u00edncia\u201d, ha explicat el diputat Jordi Mayor.&nbsp;<\/p>\n\n\n\n<p class=\"wp-block-paragraph\">Les destinacions tur\u00edstiques valencianes participants en aquesta sessi\u00f3 han sigut Cullera, Gandia, Tierra Bobal, Bu\u00f1ol, Manises, Sagunt, Val\u00e8ncia, Oliva i la Mancomunitat de la Vall d&#8217;Albaida.<\/p>\n\n\n\n<p class=\"wp-block-paragraph\">La jornada tamb\u00e9 ha tingut un component gastron\u00f2mic, ja que els assistents han pogut gaudir d&#8217;una tradicional \u201cpicaeta\u201d al balc\u00f3 en acabar la sessi\u00f3 de treball, com a exponent dels productes locals i posada en valor, alhora, dels seus professionals.&nbsp;<\/p>\n\n\n\n<p class=\"wp-block-paragraph\"><br><strong>Dia Internacional de la Dona<\/strong><br>&nbsp;<\/p>\n\n\n\n<p class=\"wp-block-paragraph\"><br>Al final de la seua intervenci\u00f3, el diputat de Turisme ha donat pas a la projecci\u00f3 del v\u00eddeo realitzat per Val\u00e8ncia Turisme, amb la col\u00b7laboraci\u00f3 de nombroses dones treballadores actualment en el sector tur\u00edstic de la prov\u00edncia, i titulat \u201cEls dones del nostre turisme\u201d.&nbsp;<\/p>\n\n\n\n<p class=\"wp-block-paragraph\"><br>Amb aquest v\u00eddeo, l&#8217;\u00e0rea de Turisme de la Diputaci\u00f3 de Val\u00e8ncia ha volgut \u201chomenatjar a totes les dones protagonistes del turisme a la prov\u00edncia de Val\u00e8ncia, per la seua labor di\u00e0ria en el sector\u201d, amb motiu de la celebraci\u00f3 del Dia Internacional de la Dona.<\/p>\n","protected":false},"excerpt":{"rendered":"<div class=\"mh-excerpt\">Empreses de la Comunitat de Madrid i la Comunitat Valenciana han participat aquest mat\u00ed en una sessi\u00f3 de treball experiencial amb representants empresarials de destinacions tur\u00edstiques de la prov\u00edncia Val\u00e8ncia Turisme ha reunit hui un <a class=\"mh-excerpt-more\" href=\"https:\/\/tucomarca.whitekongsoftware.com\/ca\/el-balco-faller-de-valencia-turisme-reuneix-agents-de-viatges-nacionals-i-empresaris-turistics-locals\/\" title=\"El balc\u00f3 faller de Val\u00e8ncia Turisme reuneix agents de viatges nacionals i empresaris tur\u00edstics locals\">[+] <\/a><\/div>\n","protected":false},"author":12,"featured_media":150978,"comment_status":"open","ping_status":"open","sticky":false,"template":"","format":"standard","meta":{"footnotes":""},"categories":[10898,10948,10894,10904,11007,10896],"tags":[16511,16512,11404],"class_list":["post-150979","post","type-post","status-publish","format-standard","has-post-thumbnail","category-ventana-ca","category-infraestructuras-ca","category-la-comarca-ca","category-sin-categorizar-ca","category-ocio-y-cultura-ca","category-seccion-ca","tag-balcon-fallero-ca","tag-empresas-turisticas-locales-ca","tag-valencia-turisme-ca"],"_links":{"self":[{"href":"https:\/\/tucomarca.whitekongsoftware.com\/ca\/wp-json\/wp\/v2\/posts\/150979","targetHints":{"allow":["GET"]}}],"collection":[{"href":"https:\/\/tucomarca.whitekongsoftware.com\/ca\/wp-json\/wp\/v2\/posts"}],"about":[{"href":"https:\/\/tucomarca.whitekongsoftware.com\/ca\/wp-json\/wp\/v2\/types\/post"}],"author":[{"embeddable":true,"href":"https:\/\/tucomarca.whitekongsoftware.com\/ca\/wp-json\/wp\/v2\/users\/12"}],"replies":[{"embeddable":true,"href":"https:\/\/tucomarca.whitekongsoftware.com\/ca\/wp-json\/wp\/v2\/comments?post=150979"}],"version-history":[{"count":0,"href":"https:\/\/tucomarca.whitekongsoftware.com\/ca\/wp-json\/wp\/v2\/posts\/150979\/revisions"}],"wp:featuredmedia":[{"embeddable":true,"href":"https:\/\/tucomarca.whitekongsoftware.com\/ca\/wp-json\/wp\/v2\/media\/150978"}],"wp:attachment":[{"href":"https:\/\/tucomarca.whitekongsoftware.com\/ca\/wp-json\/wp\/v2\/media?parent=150979"}],"wp:term":[{"taxonomy":"category","embeddable":true,"href":"https:\/\/tucomarca.whitekongsoftware.com\/ca\/wp-json\/wp\/v2\/categories?post=150979"},{"taxonomy":"post_tag","embeddable":true,"href":"https:\/\/tucomarca.whitekongsoftware.com\/ca\/wp-json\/wp\/v2\/tags?post=150979"}],"curies":[{"name":"wp","href":"https:\/\/api.w.org\/{rel}","templated":true}]}}