{"id":150864,"date":"2022-03-08T10:57:00","date_gmt":"2022-03-08T09:57:00","guid":{"rendered":"http:\/\/www.tucomarca.com\/wordpress\/segunda\/?p=150864"},"modified":"2022-03-08T13:45:42","modified_gmt":"2022-03-08T12:45:42","slug":"el-jutjat-sentencia-a-favor-de-lajuntament-de-bunyol-perque-desallotge-als-okupes-duns-habitatges-del-castell","status":"publish","type":"post","link":"https:\/\/tucomarca.whitekongsoftware.com\/ca\/el-jutjat-sentencia-a-favor-de-lajuntament-de-bunyol-perque-desallotge-als-okupes-duns-habitatges-del-castell\/","title":{"rendered":"El jutjat sentencia a favor de l&#8217;Ajuntament de Bunyol perqu\u00e8 desallotge als okupes d&#8217;uns habitatges del castell"},"content":{"rendered":"\n<h4 class=\"wp-block-heading\">Despr\u00e9s de comptar amb ordre d&#8217;enderrocament es va procedir al desallotjament d&#8217;aquestes persones i a tapiar el seu acc\u00e9s per a evitar que cap altra persona puga accedir a aquests habitatges que es troben en molt mal estat.&nbsp;<\/h4>\n\n\n\n<figure class=\"wp-block-image size-large\"><img loading=\"lazy\" decoding=\"async\" width=\"765\" height=\"1024\" src=\"http:\/\/www.tucomarca.com\/wordpress\/segunda\/wp-content\/uploads\/2022\/03\/BunolOcupa2-765x1024.jpg\" alt=\"\" class=\"wp-image-150857\" srcset=\"https:\/\/tucomarca.whitekongsoftware.com\/wp-content\/uploads\/2022\/03\/BunolOcupa2-765x1024.jpg 765w, https:\/\/tucomarca.whitekongsoftware.com\/wp-content\/uploads\/2022\/03\/BunolOcupa2-224x300.jpg 224w, https:\/\/tucomarca.whitekongsoftware.com\/wp-content\/uploads\/2022\/03\/BunolOcupa2-768x1027.jpg 768w, https:\/\/tucomarca.whitekongsoftware.com\/wp-content\/uploads\/2022\/03\/BunolOcupa2-1148x1536.jpg 1148w, https:\/\/tucomarca.whitekongsoftware.com\/wp-content\/uploads\/2022\/03\/BunolOcupa2.jpg 1196w\" sizes=\"auto, (max-width: 765px) 100vw, 765px\" \/><\/figure>\n\n\n\n<p class=\"wp-block-paragraph\">Despr\u00e9s de l&#8217;ocupaci\u00f3 il\u00b7legal de diverses persones en una de les cases del Castell de la localitat, el Consistori de la localitat, despr\u00e9s d&#8217;interposar una den\u00fancia, es va personar en el Jutjat i finalment la sent\u00e8ncia ha sigut favorable per a aquest ajuntament, segons confirma Mar\u00eda Vall\u00e9s, regidora d&#8217;Interior de l&#8217;Ajuntament de Bunyol.&nbsp;<br>\u201cAmb l&#8217;ordre d&#8217;enderrocament l&#8217;Ajuntament ja ha pogut desallotjar a aquestes persones. Despr\u00e9s d&#8217;actuaci\u00f3 de la Policia Local i amb ajuda de la Brigada Municipal, aquests habitatges que es troben en molt mala situaci\u00f3, han sigut tapiades, evitant aix\u00ed que cap altra persona accedisca a elles\u201d, va destacar Vall\u00e9s.<br>L&#8217;edil d&#8217;Interior bu\u00f1olense ha recordat que aquests habitatges, que s\u00f3n propietat de l&#8217;Ajuntament, comptaven amb ordre d&#8217;enderrocament i que, igual que qualsevol altre ve\u00ed que tinga persones que estiguen ocupant el seu habitatge de manera il\u00b7legal, ha hagut de denunciar i acudir a un Jutjat.<\/p>\n","protected":false},"excerpt":{"rendered":"<div class=\"mh-excerpt\">Despr\u00e9s de comptar amb ordre d&#8217;enderrocament es va procedir al desallotjament d&#8217;aquestes persones i a tapiar el seu acc\u00e9s per a evitar que cap altra persona puga accedir a aquests habitatges que es troben en <a class=\"mh-excerpt-more\" href=\"https:\/\/tucomarca.whitekongsoftware.com\/ca\/el-jutjat-sentencia-a-favor-de-lajuntament-de-bunyol-perque-desallotge-als-okupes-duns-habitatges-del-castell\/\" title=\"El jutjat sentencia a favor de l&#8217;Ajuntament de Bunyol perqu\u00e8 desallotge als okupes d&#8217;uns habitatges del castell\">[+] <\/a><\/div>\n","protected":false},"author":12,"featured_media":150860,"comment_status":"open","ping_status":"open","sticky":false,"template":"","format":"standard","meta":{"footnotes":""},"categories":[10911,10898,10894,10912,10947,10896,10897],"tags":[10913,16500,10914,16501,16502],"class_list":["post-150864","post","type-post","status-publish","format-standard","has-post-thumbnail","category-bunol-ca","category-ventana-ca","category-la-comarca-ca","category-la-hoya-ca","category-politica","category-seccion-ca","category-sucesos-la-comarca-ca","tag-bunol-ca","tag-desalojo-ca","tag-la-hoya-de-bunol-chiva-ca","tag-ocupacion-ilegal-ca","tag-sentencia-favorable-ca"],"_links":{"self":[{"href":"https:\/\/tucomarca.whitekongsoftware.com\/ca\/wp-json\/wp\/v2\/posts\/150864","targetHints":{"allow":["GET"]}}],"collection":[{"href":"https:\/\/tucomarca.whitekongsoftware.com\/ca\/wp-json\/wp\/v2\/posts"}],"about":[{"href":"https:\/\/tucomarca.whitekongsoftware.com\/ca\/wp-json\/wp\/v2\/types\/post"}],"author":[{"embeddable":true,"href":"https:\/\/tucomarca.whitekongsoftware.com\/ca\/wp-json\/wp\/v2\/users\/12"}],"replies":[{"embeddable":true,"href":"https:\/\/tucomarca.whitekongsoftware.com\/ca\/wp-json\/wp\/v2\/comments?post=150864"}],"version-history":[{"count":0,"href":"https:\/\/tucomarca.whitekongsoftware.com\/ca\/wp-json\/wp\/v2\/posts\/150864\/revisions"}],"wp:featuredmedia":[{"embeddable":true,"href":"https:\/\/tucomarca.whitekongsoftware.com\/ca\/wp-json\/wp\/v2\/media\/150860"}],"wp:attachment":[{"href":"https:\/\/tucomarca.whitekongsoftware.com\/ca\/wp-json\/wp\/v2\/media?parent=150864"}],"wp:term":[{"taxonomy":"category","embeddable":true,"href":"https:\/\/tucomarca.whitekongsoftware.com\/ca\/wp-json\/wp\/v2\/categories?post=150864"},{"taxonomy":"post_tag","embeddable":true,"href":"https:\/\/tucomarca.whitekongsoftware.com\/ca\/wp-json\/wp\/v2\/tags?post=150864"}],"curies":[{"name":"wp","href":"https:\/\/api.w.org\/{rel}","templated":true}]}}