{"id":150766,"date":"2022-03-07T18:00:00","date_gmt":"2022-03-07T17:00:00","guid":{"rendered":"http:\/\/www.tucomarca.com\/wordpress\/segunda\/?p=150766"},"modified":"2022-03-07T19:11:19","modified_gmt":"2022-03-07T18:11:19","slug":"sanitat-notifica-2-931-nous-casos-de-coronavirus-11-defuncions-i-4-858-altes-en-la-comunitat-valenciana","status":"publish","type":"post","link":"https:\/\/tucomarca.whitekongsoftware.com\/ca\/sanitat-notifica-2-931-nous-casos-de-coronavirus-11-defuncions-i-4-858-altes-en-la-comunitat-valenciana\/","title":{"rendered":"Sanitat notifica 2.931 nous casos de coronavirus, 11 defuncions i 4.858 altes en la Comunitat Valenciana"},"content":{"rendered":"\n<p class=\"wp-block-paragraph\"><strong>Per prov\u00edncies, es registren 258 nous casos a Castell\u00f3, 1.065 a Alacant i 1.608 a Val\u00e8ncia<\/strong><\/p>\n\n\n\n<p class=\"wp-block-paragraph\"><strong>Els hospitals valencians tenen 653 persones ingressades, 77 d&#8217;elles en l&#8217;UCI<\/strong><\/p>\n\n\n\n<p class=\"wp-block-paragraph\">La Conselleria de Sanitat Universal i Salut P\u00fablica ha notificat un total de 2.931 nous casos de coronavirus confirmats per prova PCR o a trav\u00e9s de test d&#8217;ant\u00edgens. Amb aquesta actualitzaci\u00f3, la xifra total de positius se situa en 1.307.004 persones. Els nous casos per prov\u00edncies s\u00f3n 258 a Castell\u00f3 (157.349 en total), 1.065 a Alacant (456.059) i 1.608 a Val\u00e8ncia (693.592). La xifra de casos no assignats es mant\u00e9 en 4.<\/p>\n\n\n\n<p class=\"wp-block-paragraph\">Respecte al nombre d&#8217;altes, s&#8217;han registrat 4.858. D&#8217;aquesta manera, el nombre de persones que han superat la malaltia des que va comen\u00e7ar la pand\u00e8mia en la Comunitat Valenciana \u00e9s d&#8217;1.289.382. Per prov\u00edncies, les altes es distribueixen aix\u00ed: 155.660 a Castell\u00f3, 449.475 a Alacant i 684.188 a Val\u00e8ncia. El total d&#8217;altes no assignades es mant\u00e9 en 59.<\/p>\n\n\n\n<p class=\"wp-block-paragraph\">Els hospitals valencians tenen, actualment 653 persones ingressades, 77 d&#8217;elles en l&#8217;UCI: 87 a la prov\u00edncia de Castell\u00f3, 6 en UCI; 209 a la prov\u00edncia d&#8217;Alacant, 26 d&#8217;elles en l&#8217;UCI; i 357 a la prov\u00edncia de Val\u00e8ncia, 45 en UCI.<\/p>\n\n\n\n<p class=\"wp-block-paragraph\">S&#8217;han notificat 11 defuncions per coronavirus des de l&#8217;\u00faltima actualitzaci\u00f3, tots amb data de defunci\u00f3 en els \u00faltims 7 dies excepte dos que s\u00f3n de l&#8217;\u00faltima setmana de febrer. Es tracta de 8 dones de 82 a 98 anys i 3 homes d&#8217;entre 73 i 97 anys. El total de decessos des de l&#8217;inici de la pand\u00e8mia ascendeix a 9.078: 1.050 a la prov\u00edncia de Castell\u00f3, 3.461 en la d&#8217;Alacant i 4.567 en la de Val\u00e8ncia.<\/p>\n\n\n\n<p class=\"wp-block-paragraph\">D&#8217;acord amb les dades registrades, en aquests moments hi ha 19.985 casos actius, la qual cosa suposa un 1,52% del total de positius.<\/p>\n","protected":false},"excerpt":{"rendered":"<div class=\"mh-excerpt\">Per prov\u00edncies, es registren 258 nous casos a Castell\u00f3, 1.065 a Alacant i 1.608 a Val\u00e8ncia Els hospitals valencians tenen 653 persones ingressades, 77 d&#8217;elles en l&#8217;UCI La Conselleria de Sanitat Universal i Salut P\u00fablica <a class=\"mh-excerpt-more\" href=\"https:\/\/tucomarca.whitekongsoftware.com\/ca\/sanitat-notifica-2-931-nous-casos-de-coronavirus-11-defuncions-i-4-858-altes-en-la-comunitat-valenciana\/\" title=\"Sanitat notifica 2.931 nous casos de coronavirus, 11 defuncions i 4.858 altes en la Comunitat Valenciana\">[+] <\/a><\/div>\n","protected":false},"author":1,"featured_media":144787,"comment_status":"open","ping_status":"open","sticky":false,"template":"","format":"standard","meta":{"footnotes":""},"categories":[11010,12202,10898,10948,10894,10904,10903,10947,10896,10897],"tags":[11939,11940,16215,13963,13932],"class_list":["post-150766","post","type-post","status-publish","format-standard","has-post-thumbnail","category-canal-salud","category-covid-19-ca","category-ventana-ca","category-infraestructuras-ca","category-la-comarca-ca","category-sin-categorizar-ca","category-medio-ambiente-la-comarca-ca","category-politica","category-seccion-ca","category-sucesos-la-comarca-ca","tag-coronavirus-ca","tag-covid-19-ca","tag-sexta-ola-ca","tag-vacunacion-ca","tag-vacunas-ca"],"_links":{"self":[{"href":"https:\/\/tucomarca.whitekongsoftware.com\/ca\/wp-json\/wp\/v2\/posts\/150766","targetHints":{"allow":["GET"]}}],"collection":[{"href":"https:\/\/tucomarca.whitekongsoftware.com\/ca\/wp-json\/wp\/v2\/posts"}],"about":[{"href":"https:\/\/tucomarca.whitekongsoftware.com\/ca\/wp-json\/wp\/v2\/types\/post"}],"author":[{"embeddable":true,"href":"https:\/\/tucomarca.whitekongsoftware.com\/ca\/wp-json\/wp\/v2\/users\/1"}],"replies":[{"embeddable":true,"href":"https:\/\/tucomarca.whitekongsoftware.com\/ca\/wp-json\/wp\/v2\/comments?post=150766"}],"version-history":[{"count":0,"href":"https:\/\/tucomarca.whitekongsoftware.com\/ca\/wp-json\/wp\/v2\/posts\/150766\/revisions"}],"wp:featuredmedia":[{"embeddable":true,"href":"https:\/\/tucomarca.whitekongsoftware.com\/ca\/wp-json\/wp\/v2\/media\/144787"}],"wp:attachment":[{"href":"https:\/\/tucomarca.whitekongsoftware.com\/ca\/wp-json\/wp\/v2\/media?parent=150766"}],"wp:term":[{"taxonomy":"category","embeddable":true,"href":"https:\/\/tucomarca.whitekongsoftware.com\/ca\/wp-json\/wp\/v2\/categories?post=150766"},{"taxonomy":"post_tag","embeddable":true,"href":"https:\/\/tucomarca.whitekongsoftware.com\/ca\/wp-json\/wp\/v2\/tags?post=150766"}],"curies":[{"name":"wp","href":"https:\/\/api.w.org\/{rel}","templated":true}]}}