{"id":150633,"date":"2022-03-06T19:00:00","date_gmt":"2022-03-06T18:00:00","guid":{"rendered":"http:\/\/www.tucomarca.com\/wordpress\/segunda\/?p=150633"},"modified":"2022-03-07T12:41:43","modified_gmt":"2022-03-07T11:41:43","slug":"lajuntament-de-bunyol-inicia-una-recollida-de-material-dajuda-a-ucraina","status":"publish","type":"post","link":"https:\/\/tucomarca.whitekongsoftware.com\/ca\/lajuntament-de-bunyol-inicia-una-recollida-de-material-dajuda-a-ucraina\/","title":{"rendered":"L&#8217;Ajuntament de Bunyol inicia una recollida de material d&#8217;ajuda a Ucra\u00efna"},"content":{"rendered":"\n<p class=\"wp-block-paragraph\">L&#8217;Ajuntament de Bunyol, en coordinaci\u00f3 amb Generalitat Valenciana i a trav\u00e9s de la FVMP, s&#8217;ha organitzat per al lliurament de material d&#8217;ajuda a Ucra\u00efna en el centre log\u00edstic preparat per a aix\u00f2.<\/p>\n\n\n\n<p class=\"wp-block-paragraph\">Des de dimarts que ve 8 de mar\u00e7 es reprendr\u00e0 la recollida de donacions en tres punts i en un \u00fanic horari.&nbsp;<strong>Dimarts 8 i dimecres 9, de 10,00 a 14,00 h.<\/strong><\/p>\n\n\n\n<ul class=\"wp-block-list\"><li><strong>Ajuntament de Bunyol, c\/Cid 20.<\/strong><\/li><li><strong>Local de les Mestresses de casa, en la Pla\u00e7a Vendes.<\/strong><\/li><li><strong>Nau del Pol\u00edgon de filatures<\/strong>.<br>Ctra.Godelleta 42 (darrere de Llorens-Elecfer)<\/li><\/ul>\n\n\n\n<p class=\"wp-block-paragraph\"><strong>Primers auxilis:<\/strong><br>Benes, cot\u00f3, iode, pomades analg\u00e8siques, antibi\u00f2tics, betadine, aigua oxigenada, pegats contra hemorr\u00e0gies, medicaments per a est\u00f3mac, medicaments per a cremades, torniquets d&#8217;embenatge, farmacioles\u2026<\/p>\n\n\n\n<p class=\"wp-block-paragraph\"><strong>Ortop\u00e8dia:<\/strong><br>Silla de rodes, caminadors, crosses.<\/p>\n\n\n\n<p class=\"wp-block-paragraph\"><strong>Material d&#8217;un sol \u00fas:<\/strong><br>Tovalloletes humides, compreses femenines, bolquers<\/p>\n\n\n\n<p class=\"wp-block-paragraph\"><strong>Kits d&#8217;higiene:<\/strong><br>Maquinetes afaitar, pastura dents i raspalls, sab\u00f3, detergents i productes d&#8217;higiene personal.<\/p>\n\n\n\n<p class=\"wp-block-paragraph\"><strong>Material de refugi:<\/strong><br>Karemats (catifes d&#8217;espuma), carpes, matalassos, sacs de dormir, matalassets, tendes de campanya, escalfadors de carpa, escalfadors, piles, bateries, bancs d&#8217;energia, generadors, llanternes.<\/p>\n\n\n\n<p class=\"wp-block-paragraph\"><strong>Aliments no peribles:<\/strong><br>Menjar enllaunat i conserves en llanda.<br>Llet i suc en Tetrabrick.<br>Llegums i pasta.<br>Fruita seca, xocolate sense llet, barretes energ\u00e8tiques,<br>Galetes (envasades en cart\u00f3)<br>Cacau i caf\u00e9 solubles i te.<\/p>\n\n\n\n<p class=\"wp-block-paragraph\"><strong>Modere beb\u00e9s:&nbsp;<\/strong>potets, papillas, llet en pols\u2026<\/p>\n\n\n\n<p class=\"wp-block-paragraph\"><strong>Aigua potable.<\/strong><\/p>\n\n\n\n<p class=\"wp-block-paragraph\"><strong>Vaixella d&#8217;un sol \u00fas<\/strong>&nbsp;(plats, culleres, ganivets, gots)<\/p>\n\n\n\n<p class=\"wp-block-paragraph\"><strong>Comunicacions:<\/strong><br>Tel\u00e8fons m\u00f2bils (tant nous com usats en bon estat), walkie-talkies, transmissors<\/p>\n\n\n\n<p class=\"wp-block-paragraph\"><strong>T\u00e8xtil:<\/strong><br>Mantes, tovalloles, Roba de llit,<br>Roba interior t\u00e8rmica.<br>Roba i cal\u00e7at d&#8217;abric.<\/p>\n\n\n\n<p class=\"wp-block-paragraph\"><strong>Altres materials:<\/strong><br>R\u00e0dios (poden estar usats). Port\u00e0tils i tauletes (amb la m\u00e0xima duraci\u00f3 de bateria possible). Contenidors per a l\u00edquids amb capacitat de 10 i 20 litres. Motxilles resistents.<\/p>\n\n\n\n<p class=\"wp-block-paragraph\"><\/p>\n","protected":false},"excerpt":{"rendered":"<div class=\"mh-excerpt\">L&#8217;Ajuntament de Bunyol, en coordinaci\u00f3 amb Generalitat Valenciana i a trav\u00e9s de la FVMP, s&#8217;ha organitzat per al lliurament de material d&#8217;ajuda a Ucra\u00efna en el centre log\u00edstic preparat per a aix\u00f2. Des de dimarts <a class=\"mh-excerpt-more\" href=\"https:\/\/tucomarca.whitekongsoftware.com\/ca\/lajuntament-de-bunyol-inicia-una-recollida-de-material-dajuda-a-ucraina\/\" title=\"L&#8217;Ajuntament de Bunyol inicia una recollida de material d&#8217;ajuda a Ucra\u00efna\">[+] <\/a><\/div>\n","protected":false},"author":12,"featured_media":150631,"comment_status":"open","ping_status":"open","sticky":false,"template":"","format":"standard","meta":{"footnotes":""},"categories":[11019,10911,11010,10948,10894,10912,10947,10896],"tags":[16491,11158,14393,11498,10914],"class_list":["post-150633","post","type-post","status-publish","format-standard","has-post-thumbnail","category-agenda-ca","category-bunol-ca","category-canal-salud","category-infraestructuras-ca","category-la-comarca-ca","category-la-hoya-ca","category-politica","category-seccion-ca","tag-ayuda-a-ucrania-ca","tag-ayuntamiento-de-bunol-ca","tag-fvmp-ca","tag-generalitat-valenciana-ca","tag-la-hoya-de-bunol-chiva-ca"],"_links":{"self":[{"href":"https:\/\/tucomarca.whitekongsoftware.com\/ca\/wp-json\/wp\/v2\/posts\/150633","targetHints":{"allow":["GET"]}}],"collection":[{"href":"https:\/\/tucomarca.whitekongsoftware.com\/ca\/wp-json\/wp\/v2\/posts"}],"about":[{"href":"https:\/\/tucomarca.whitekongsoftware.com\/ca\/wp-json\/wp\/v2\/types\/post"}],"author":[{"embeddable":true,"href":"https:\/\/tucomarca.whitekongsoftware.com\/ca\/wp-json\/wp\/v2\/users\/12"}],"replies":[{"embeddable":true,"href":"https:\/\/tucomarca.whitekongsoftware.com\/ca\/wp-json\/wp\/v2\/comments?post=150633"}],"version-history":[{"count":0,"href":"https:\/\/tucomarca.whitekongsoftware.com\/ca\/wp-json\/wp\/v2\/posts\/150633\/revisions"}],"wp:featuredmedia":[{"embeddable":true,"href":"https:\/\/tucomarca.whitekongsoftware.com\/ca\/wp-json\/wp\/v2\/media\/150631"}],"wp:attachment":[{"href":"https:\/\/tucomarca.whitekongsoftware.com\/ca\/wp-json\/wp\/v2\/media?parent=150633"}],"wp:term":[{"taxonomy":"category","embeddable":true,"href":"https:\/\/tucomarca.whitekongsoftware.com\/ca\/wp-json\/wp\/v2\/categories?post=150633"},{"taxonomy":"post_tag","embeddable":true,"href":"https:\/\/tucomarca.whitekongsoftware.com\/ca\/wp-json\/wp\/v2\/tags?post=150633"}],"curies":[{"name":"wp","href":"https:\/\/api.w.org\/{rel}","templated":true}]}}