{"id":150618,"date":"2022-03-06T10:00:00","date_gmt":"2022-03-06T09:00:00","guid":{"rendered":"http:\/\/www.tucomarca.com\/wordpress\/segunda\/?p=150618"},"modified":"2022-03-06T10:57:15","modified_gmt":"2022-03-06T09:57:15","slug":"detenen-a-7-persones-integrants-duna-banda-organitzada-especialitzada-a-cometre-alunizajes-i-butrons-en-establiments-i-naus-industrials","status":"publish","type":"post","link":"https:\/\/tucomarca.whitekongsoftware.com\/ca\/detenen-a-7-persones-integrants-duna-banda-organitzada-especialitzada-a-cometre-alunizajes-i-butrons-en-establiments-i-naus-industrials\/","title":{"rendered":"Detenen a 7 persones integrants d&#8217;una banda organitzada especialitzada a cometre alunizajes i butrons en establiments i naus industrials"},"content":{"rendered":"\n<h4 class=\"wp-block-heading\"><strong>S&#8217;ha pogut recuperar 7 vehicles sostrets i una ambul\u00e0ncia medicalitzada amb un valor de 100.000 euros<\/strong><\/h4>\n\n\n\n<h4 class=\"wp-block-heading\"><strong>El valor dels efectes recuperats est\u00e0 valorat en m\u00e9s de 800.000 euros<\/strong><\/h4>\n\n\n\n<h4 class=\"wp-block-heading\"><strong>Entre els detinguts es troba el l\u00edder de la banda, responsable de coordinar tots els assalts.<\/strong><\/h4>\n\n\n\n<p class=\"wp-block-paragraph\">La Gu\u00e0rdia Civil B\u00e9tera i Lliria, en el marc de l&#8217;operaci\u00f3 \u201cMATALAF\u201d, ha procedit a la detenci\u00f3 d&#8217;un total de 7 persones, dels quals 5 s\u00f3n homes i 2 dones. Els detinguts tenen edats compreses entre 27 i 58 anys, i de nacionalitat espanyola. Se&#8217;ls imputa els delictes de pertinen\u00e7a a organitzaci\u00f3 criminal, blanqueig de capitals, falsificaci\u00f3 de document p\u00fablic, contra la seguretat vi\u00e0ria, 7 delictes de robatori i furt uso de vehicle, danys, robatori amb viol\u00e8ncia i intimidaci\u00f3 i 61 delictes de robatori amb for\u00e7a.<br>L&#8217;operaci\u00f3 es va iniciar a mitjan mes d&#8217;agost, quan els agents van tenir coneixement de diversos robatoris en empreses dels pol\u00edgons de N\u00e0quera i Ll\u00edria.<br>Despr\u00e9s de les primeres indagacions, els agents van poder constatar com es tractava d&#8217;una banda organitzada amb una intensa activitat delictiva, d&#8217;origen espanyol l&#8217;activitat principal del qual eren assalts a establiments comercials i naus industrials. Aquesta banda estava assentada a la prov\u00edncia de Val\u00e8ncia, arribant fins i tot a despla\u00e7ar-se a la prov\u00edncia de Castell\u00f3 per a executar els robatoris. En ells sostreien multitud de productes d&#8217;alt valor, especialment tel\u00e8fons, perfums i electrodom\u00e8stics, per a la seva posterior distribuci\u00f3 il\u00b7l\u00edcita en el mercat. A m\u00e9s, els detinguts van arribar a robar en granges i botigues d&#8217;animals de companyia.<\/p>\n\n\n\n<p class=\"wp-block-paragraph\"><strong>Direcci\u00f3 de l&#8217;organitzaci\u00f3 criminal<\/strong><\/p>\n\n\n\n<p class=\"wp-block-paragraph\">Amb l&#8217;avan\u00e7 de la recerca, els agents van comprovar com dins del grup organitzat hi havia un l\u00edder, que era l&#8217;encarregat de seleccionar els establiments on s&#8217;anaven a dur a terme els robatoris. A m\u00e9s, la resta del grup es trobava perfectament estructurat on cada membre tenia la seva tasca assignada. Un s&#8217;encarregava de llogar els vehicles, uns altres efectuaven labors de vigil\u00e0ncia a les empreses i altres realitzaven el butr\u00f3 dies abans i s&#8217;encarregaven de tapar-lo perqu\u00e8 no pogu\u00e9s ser detectat per ning\u00fa.<br>L&#8217;organitzaci\u00f3 llogava i sostreia vehicles d&#8217;alta gamma per a, posteriorment, realitzar amb ells robatoris amb for\u00e7a, alguns mitjan\u00e7ant el m\u00e8tode del alunizaje i altres usant el procediment del butr\u00f3. Els detinguts aprofitaven el cap de setmana i dates assenyalades per a cometre el robatori i aix\u00ed portar-se m\u00e9s material.<br>Aix\u00ed mateix, per a dificultar la labor policial, es vestien amb micos o roba de treball per a passar desapercebuts. A m\u00e9s de canviar les plaques de matr\u00edcula als vehicles sostrets, emprats en la comissi\u00f3 dels robatoris, quedant evidenciada la intensa activitat delictiva de l&#8217;organitzaci\u00f3, que va arribar a desvalisar 14 comer\u00e7os en 3 dies.<br>Fruit de les perquisicions de l&#8217;equip investigador, els va portar a localitzar una casa de camp que havien reconstru\u00eft amb materials obtinguts dels robatoris, convertint-se en un xalet en el terme municipal de Ll\u00edria, on tamb\u00e9 es van localitzar els vehicles usats per l&#8217;organitzaci\u00f3.<br>El passat 15 de febrer, els investigadors van realitzar 12 registres duts a terme en les localitats de Burjassot, Benimamet, Alboraia, Val\u00e8ncia, Vilamarxant i Ll\u00edria. En els quals es van intervenir 5 vehicles (2 d&#8217;alta gamma) -valorats en 100.000 euros-, 25.000 euros en efectiu i material de vigil\u00e0ncia (inhibidors, walkies, etc\u2026).<br>Tamb\u00e9 s&#8217;ha apreh\u00e8s 1 escopeta, 1 regirar apte per a fer foc amb diversa munici\u00f3 i 3 pistoles simulades.<br>A m\u00e9s, s&#8217;ha intervingut 150 tel\u00e8fons, 2 cadells de Pomenaria -valorats en 3.400 euros-, 2000 peces de roba esportiva, electrodom\u00e8stics, aparells d&#8217;aire condicionat, mobiliari (matalassos, sof\u00e0s, butaques, etc.), eines (fresadores, trepants, radials, etc.), divers material de construcci\u00f3, peces de recanvis de vehicles i tabac, entre un altre material.<br>Igualment, s&#8217;ha pogut recuperar 7 vehicles sostrets i una ambul\u00e0ncia medicalitzada amb un valor de 100.000 euros.<br>Finalment, la recerca va culminar amb la detenci\u00f3 d&#8217;un total de 7 persones, dels quals 5 s\u00f3n homes i 2 dones. Els detinguts tenen edats compreses entre 27 i 58 anys, i de nacionalitat espanyola. Se&#8217;ls imputa els delictes de pertinen\u00e7a a organitzaci\u00f3 criminal, blanqueig de capitals, falsificaci\u00f3 de document p\u00fablic, contra la seguretat vi\u00e0ria, 7 delictes de robatori i furt uso de vehicle, danys, robatori amb viol\u00e8ncia i intimidaci\u00f3 i 61 delictes de robatori amb for\u00e7a.<br>Entre els detinguts es troba el l\u00edder de la banda, responsable de coordinar tots els assalts.<br>D&#8217;altra banda, els investigadors han esclarit, fins al moment m\u00e9s de 70 fets delictius comesos pel grup criminal, en menys de 7 mesos, a les prov\u00edncies de Val\u00e8ncia i Castell\u00f3. El valor dels efectes recuperats est\u00e0 valorat en m\u00e9s de 800.000 euros.<br>L&#8217;operaci\u00f3 ha estat duta a terme per agents de la Gu\u00e0rdia Civil de B\u00e9tera i Ll\u00edria, i han comptat amb la col\u00b7laboraci\u00f3 de la unitat especial de l&#8217;Agrupaci\u00f3 Rural de Seguretat (ARS) n\u00ba2 de Sevilla i la Unitat de Seguretat Ciutadana de la Comand\u00e0ncia (USECIC) de Val\u00e8ncia.<br>Gr\u00e0cies a aquesta operaci\u00f3 s&#8217;ha desarticulat per complet a aquest grup criminal i s&#8217;ha aconseguit detenir a tots els seus membres.<br>Les dilig\u00e8ncies han passat a la disposici\u00f3 del Jutjat de Primera Inst\u00e0ncia i Instrucci\u00f3 n\u00famero 2 de Ll\u00edria, i s&#8217;ha decretat l&#8217;ingr\u00e9s a la pres\u00f3 de 3 persones.<\/p>\n\n\n\n<figure class=\"wp-block-image size-large\"><img loading=\"lazy\" decoding=\"async\" width=\"1024\" height=\"768\" src=\"http:\/\/www.tucomarca.com\/wordpress\/segunda\/wp-content\/uploads\/2022\/03\/LliriaGCalunizaje2-1024x768.jpg\" alt=\"\" class=\"wp-image-150616\" srcset=\"https:\/\/tucomarca.whitekongsoftware.com\/wp-content\/uploads\/2022\/03\/LliriaGCalunizaje2-1024x768.jpg 1024w, https:\/\/tucomarca.whitekongsoftware.com\/wp-content\/uploads\/2022\/03\/LliriaGCalunizaje2-300x225.jpg 300w, https:\/\/tucomarca.whitekongsoftware.com\/wp-content\/uploads\/2022\/03\/LliriaGCalunizaje2-768x576.jpg 768w, https:\/\/tucomarca.whitekongsoftware.com\/wp-content\/uploads\/2022\/03\/LliriaGCalunizaje2-1536x1152.jpg 1536w, https:\/\/tucomarca.whitekongsoftware.com\/wp-content\/uploads\/2022\/03\/LliriaGCalunizaje2-2048x1536.jpg 2048w, https:\/\/tucomarca.whitekongsoftware.com\/wp-content\/uploads\/2022\/03\/LliriaGCalunizaje2-678x509.jpg 678w, https:\/\/tucomarca.whitekongsoftware.com\/wp-content\/uploads\/2022\/03\/LliriaGCalunizaje2-326x245.jpg 326w, https:\/\/tucomarca.whitekongsoftware.com\/wp-content\/uploads\/2022\/03\/LliriaGCalunizaje2-80x60.jpg 80w\" sizes=\"auto, (max-width: 1024px) 100vw, 1024px\" \/><\/figure>\n","protected":false},"excerpt":{"rendered":"<div class=\"mh-excerpt\">S&#8217;ha pogut recuperar 7 vehicles sostrets i una ambul\u00e0ncia medicalitzada amb un valor de 100.000 euros El valor dels efectes recuperats est\u00e0 valorat en m\u00e9s de 800.000 euros Entre els detinguts es troba el l\u00edder <a class=\"mh-excerpt-more\" href=\"https:\/\/tucomarca.whitekongsoftware.com\/ca\/detenen-a-7-persones-integrants-duna-banda-organitzada-especialitzada-a-cometre-alunizajes-i-butrons-en-establiments-i-naus-industrials\/\" title=\"Detenen a 7 persones integrants d&#8217;una banda organitzada especialitzada a cometre alunizajes i butrons en establiments i naus industrials\">[+] <\/a><\/div>\n","protected":false},"author":1,"featured_media":150614,"comment_status":"open","ping_status":"open","sticky":false,"template":"","format":"standard","meta":{"footnotes":""},"categories":[10937,10892,10898,10894,10904,10928,10936,10896,10897,10927],"tags":[10899,11118,11070,10901,11090],"class_list":["post-150618","post","type-post","status-publish","format-standard","has-post-thumbnail","category-betera-ca","category-camp-de-turia-ca","category-ventana-ca","category-la-comarca-ca","category-sin-categorizar-ca","category-lliria-ca","category-naquera-ca","category-seccion-ca","category-sucesos-la-comarca-ca","category-vilamarxant-ca","tag-camp-de-turia-ca","tag-guardia-civil-ca","tag-lliria-ca","tag-sucesos-ca","tag-vilamarxant-ca"],"_links":{"self":[{"href":"https:\/\/tucomarca.whitekongsoftware.com\/ca\/wp-json\/wp\/v2\/posts\/150618","targetHints":{"allow":["GET"]}}],"collection":[{"href":"https:\/\/tucomarca.whitekongsoftware.com\/ca\/wp-json\/wp\/v2\/posts"}],"about":[{"href":"https:\/\/tucomarca.whitekongsoftware.com\/ca\/wp-json\/wp\/v2\/types\/post"}],"author":[{"embeddable":true,"href":"https:\/\/tucomarca.whitekongsoftware.com\/ca\/wp-json\/wp\/v2\/users\/1"}],"replies":[{"embeddable":true,"href":"https:\/\/tucomarca.whitekongsoftware.com\/ca\/wp-json\/wp\/v2\/comments?post=150618"}],"version-history":[{"count":0,"href":"https:\/\/tucomarca.whitekongsoftware.com\/ca\/wp-json\/wp\/v2\/posts\/150618\/revisions"}],"wp:featuredmedia":[{"embeddable":true,"href":"https:\/\/tucomarca.whitekongsoftware.com\/ca\/wp-json\/wp\/v2\/media\/150614"}],"wp:attachment":[{"href":"https:\/\/tucomarca.whitekongsoftware.com\/ca\/wp-json\/wp\/v2\/media?parent=150618"}],"wp:term":[{"taxonomy":"category","embeddable":true,"href":"https:\/\/tucomarca.whitekongsoftware.com\/ca\/wp-json\/wp\/v2\/categories?post=150618"},{"taxonomy":"post_tag","embeddable":true,"href":"https:\/\/tucomarca.whitekongsoftware.com\/ca\/wp-json\/wp\/v2\/tags?post=150618"}],"curies":[{"name":"wp","href":"https:\/\/api.w.org\/{rel}","templated":true}]}}