{"id":150558,"date":"2022-03-05T09:00:00","date_gmt":"2022-03-05T08:00:00","guid":{"rendered":"http:\/\/www.tucomarca.com\/wordpress\/segunda\/?p=150558"},"modified":"2022-03-05T20:29:37","modified_gmt":"2022-03-05T19:29:37","slug":"opinio-per-un-sector-logistic-clau-en-la-recuperacio-economica-per-robert-raga","status":"publish","type":"post","link":"https:\/\/tucomarca.whitekongsoftware.com\/ca\/opinio-per-un-sector-logistic-clau-en-la-recuperacio-economica-per-robert-raga\/","title":{"rendered":"Opini\u00f3: &#8220;Per un sector log\u00edstic clau en la recuperaci\u00f3 econ\u00f2mica&#8221;, per Robert Raga"},"content":{"rendered":"\n<figure class=\"wp-block-image size-large is-resized\"><img loading=\"lazy\" decoding=\"async\" src=\"http:\/\/www.tucomarca.com\/wordpress\/segunda\/wp-content\/uploads\/2019\/10\/RobertRaga-e1571999660264.jpg\" alt=\"Robert Raga Gadea, alcalde de l'Ajuntament de Riba-roja de T\u00faria y presidente del Consorcio Val\u00e8ncia Interior (CVI).\" class=\"wp-image-94576\" width=\"308\" height=\"273\"\/><figcaption>Robert Raga Gadea, alcalde de l&#8217;Ajuntament de Riba-roja de T\u00faria y presidente  del Consorcio Val\u00e8ncia Interior (CVI). <\/figcaption><\/figure>\n\n\n\n<p class=\"wp-block-paragraph\">Ara que es compleixen dos anys des del comen\u00e7ament de la pand\u00e8mia, conv\u00e9 posar en valor alguns dels fen\u00f2mens que s&#8217;han succe\u00eft durant aquest per\u00edode de temps en la nostra societat. En termes econ\u00f2mics, el sector log\u00edstic \u00e9s un dels quals ha augmentat en tots els seus par\u00e0metres fins a aconseguir xifres mai registrades en la Comunitat Valenciana. Tots els estudis i an\u00e0lisis realitzades per les consultores i l&#8217;administraci\u00f3 aix\u00ed ho corroboren, amb dades i xifres concretes que no deixen lloc a dubtes. Som una de les zones m\u00e9s puixants de l&#8217;arc mediterrani en la proliferaci\u00f3 de les empreses dedicades a la log\u00edstica. Una \u00e0rea geogr\u00e0fica estrat\u00e8gica amb un valor afegit: l&#8217;exist\u00e8ncia de s\u00f2l suficient per a permetre un creixement sostenible a curt i mitj\u00e0 termini. Durant els \u00faltims mesos, hem llegit en els mitjans de comunicaci\u00f3 l&#8217;alta demanda de s\u00f2l per a atendre les necessitats de les empreses en els nostres pol\u00edgons. En l&#8217;\u00e0mbit de la Comunitat Valenciana s&#8217;han arribat a superar les compres de s\u00f2l en m\u00e9s d&#8217;un 135% referent als \u00faltims mesos del passat any 2021. De fet, a la prov\u00edncia de Val\u00e8ncia, som diversos els municipis que alberguem en els nostres pol\u00edgons una bona part d&#8217;aqueixes empreses que, arribades des d&#8217;altres punts d&#8217;Espanya i fins i tot d&#8217;Europa, aposten per la nostra geografia. Volen cr\u00e9ixer i expandir-se en tota la seua extensi\u00f3 sense que cap nosa constrenya la seua pretensi\u00f3. En aquest sentit, les administracions p\u00fabliques hem de treballar bra\u00e7 a bra\u00e7 amb el sector log\u00edstic per a propiciar la instal\u00b7laci\u00f3 de noves empreses en els nostres municipis, un dels motors econ\u00f2mics que posse\u00efm. Els ajuntaments, per tant, hem de jugar un paper important a l&#8217;hora de configurar l&#8217;ecosistema administratiu que ajude a tra\u00e7ar el full de ruta d&#8217;un sector essencial en l&#8217;actualitat.&nbsp;<\/p>\n\n\n\n<p class=\"wp-block-paragraph\">L&#8217;evoluci\u00f3 dels usos socials, les noves maneres de comprar o l&#8217;increment del comer\u00e7 en l\u00ednia s\u00f3n alguns dels factors que han propiciat aquest fenomen del sector log\u00edstic mai vist abans. Per aix\u00f2, \u00e9s necessari que, entre tots, ajuntaments, Generaltiat i Govern conjuguem tots els nostres esfor\u00e7os per dotar als nostres pol\u00edgons de bones comunicacions, especialment, carreteres i altres mitjans de transport com el tren per a traslladar els productes sense cap mena de problema. Ara \u00e9s el moment d&#8217;invertir en tots aquells projectes que porten massa temps enquistats i que s\u00f3n necessaris per a facilitar la recuperaci\u00f3 econ\u00f2mica. Bons accessos amb la Nacional III, l&#8217;A-7 o el corredor mediterrani s\u00f3n alguns dels elements que compartim en bona part de la prov\u00edncia i que s&#8217;han de millorar, amb un projecte rigor\u00f3s i amb inversions econ\u00f2miques adequades. Som conscients de l&#8217;esfor\u00e7 que la Generalitat, amb el seu president Ximo Puig al capdavant, ha realitzat en els \u00faltims anys, per\u00f2 no hem de caure en la complaen\u00e7a i continuar reivindicant i reclamant tot el que pensem que \u00e9s necessari per al progr\u00e9s i el benestar de la nostra societat. Per a aix\u00f2, els fons europeus de la reconstrucci\u00f3 i la recuperaci\u00f3 econ\u00f2mica s\u00f3n essencials per a contribuir en aquesta tasca. En el cas de Riba-roja de T\u00faria, hem realitzat un succint rep\u00e0s de totes les \u00e0rees municipals en les quals hem elaborat 34 projectes que necessiten d&#8217;una inversi\u00f3 adequada d&#8217;aqueixos fons europeus. Destaquem el departament de Foment, amb fins a quatre projectes entre els quals sobre\u00efxen la creaci\u00f3 d&#8217;un centre de capacitaci\u00f3 professional, el projecte Riba-roja Modenitza\u2019t\u201d sobre la modernitzaci\u00f3 de les empreses de la localitat en termes d&#8217;implantaci\u00f3 de les noves tecnologies, el projecte \u201cInnovenTuria\u201d sobre la creaci\u00f3 d&#8217;un ecosistema de captaci\u00f3 i formaci\u00f3 del talent i innovaci\u00f3 en les \u00e0rees industrials o \u201cEcocircular Ribareciplas\u201d sobre les empreses del sector del pl\u00e0stic, un dels sectors m\u00e9s importants a Espanya. Sota aquestes premisses, emprenem el cam\u00ed de la consolidaci\u00f3 de la recuperaci\u00f3 econ\u00f2mica, amb \u00e0nim d&#8217;incentivar i adequar noves inversions com a font de creaci\u00f3 d&#8217;ocupaci\u00f3 i redistribuci\u00f3 de la riquesa.&nbsp;<\/p>\n\n\n\n<p class=\"wp-block-paragraph\">Robert Raga Gadea, alcalde de l&#8217;Ajuntament de Riba-roja de T\u00faria.<\/p>\n","protected":false},"excerpt":{"rendered":"<div class=\"mh-excerpt\">Ara que es compleixen dos anys des del comen\u00e7ament de la pand\u00e8mia, conv\u00e9 posar en valor alguns dels fen\u00f2mens que s&#8217;han succe\u00eft durant aquest per\u00edode de temps en la nostra societat. En termes econ\u00f2mics, el <a class=\"mh-excerpt-more\" href=\"https:\/\/tucomarca.whitekongsoftware.com\/ca\/opinio-per-un-sector-logistic-clau-en-la-recuperacio-economica-per-robert-raga\/\" title=\"Opini\u00f3: &#8220;Per un sector log\u00edstic clau en la recuperaci\u00f3 econ\u00f2mica&#8221;, per Robert Raga\">[+] <\/a><\/div>\n","protected":false},"author":12,"featured_media":97749,"comment_status":"open","ping_status":"open","sticky":false,"template":"","format":"standard","meta":{"footnotes":""},"categories":[10892,10948,10894,11020,11021,10947,10906,10896],"tags":[16485,10899,15024,13181],"class_list":["post-150558","post","type-post","status-publish","format-standard","has-post-thumbnail","category-camp-de-turia-ca","category-infraestructuras-ca","category-la-comarca-ca","category-opinion-ca","category-opinion-ca-2","category-politica","category-riba-roja-ca","category-seccion-ca","tag-alcalde-de-riba-roja-ca","tag-camp-de-turia-ca","tag-riba-roja-de-turia-ca","tag-robert-raga-ca"],"_links":{"self":[{"href":"https:\/\/tucomarca.whitekongsoftware.com\/ca\/wp-json\/wp\/v2\/posts\/150558","targetHints":{"allow":["GET"]}}],"collection":[{"href":"https:\/\/tucomarca.whitekongsoftware.com\/ca\/wp-json\/wp\/v2\/posts"}],"about":[{"href":"https:\/\/tucomarca.whitekongsoftware.com\/ca\/wp-json\/wp\/v2\/types\/post"}],"author":[{"embeddable":true,"href":"https:\/\/tucomarca.whitekongsoftware.com\/ca\/wp-json\/wp\/v2\/users\/12"}],"replies":[{"embeddable":true,"href":"https:\/\/tucomarca.whitekongsoftware.com\/ca\/wp-json\/wp\/v2\/comments?post=150558"}],"version-history":[{"count":0,"href":"https:\/\/tucomarca.whitekongsoftware.com\/ca\/wp-json\/wp\/v2\/posts\/150558\/revisions"}],"wp:featuredmedia":[{"embeddable":true,"href":"https:\/\/tucomarca.whitekongsoftware.com\/ca\/wp-json\/wp\/v2\/media\/97749"}],"wp:attachment":[{"href":"https:\/\/tucomarca.whitekongsoftware.com\/ca\/wp-json\/wp\/v2\/media?parent=150558"}],"wp:term":[{"taxonomy":"category","embeddable":true,"href":"https:\/\/tucomarca.whitekongsoftware.com\/ca\/wp-json\/wp\/v2\/categories?post=150558"},{"taxonomy":"post_tag","embeddable":true,"href":"https:\/\/tucomarca.whitekongsoftware.com\/ca\/wp-json\/wp\/v2\/tags?post=150558"}],"curies":[{"name":"wp","href":"https:\/\/api.w.org\/{rel}","templated":true}]}}