{"id":150474,"date":"2022-03-03T18:10:00","date_gmt":"2022-03-03T17:10:00","guid":{"rendered":"http:\/\/www.tucomarca.com\/wordpress\/segunda\/?p=150474"},"modified":"2022-03-03T20:26:42","modified_gmt":"2022-03-03T19:26:42","slug":"utiel-mostra-el-seu-rebuig-a-la-guerra-i-el-suport-als-ciutadans-ucrainesos","status":"publish","type":"post","link":"https:\/\/tucomarca.whitekongsoftware.com\/ca\/utiel-mostra-el-seu-rebuig-a-la-guerra-i-el-suport-als-ciutadans-ucrainesos\/","title":{"rendered":"Utiel mostra el seu rebuig a la guerra i el suport als ciutadans ucra\u00efnesos"},"content":{"rendered":"\n<p class=\"wp-block-paragraph\">L&#8217;Ajuntament d&#8217;Utiel ha penjat al seu balc\u00f3 una pancarta amb el lema \u201cUtiel amb Ucra\u00efna: No a la Guerra\u201d per a expressar el seu rotund rebuig al conflicte b\u00e8l\u00b7lic i l&#8217;absoluta condemna a la invasi\u00f3 russa.<br>El consistori utielano tamb\u00e9 il\u00b7lumina la seva fa\u00e7ana amb els colors blau i groc de la bandera d&#8217;Ucra\u00efna com a mostra de suport als ciutadans d&#8217;aquest pa\u00eds i especialment als 18 residents a Utiel de nacionalitat ucra\u00efnesa.<br>Un gest simb\u00f2lic de solidaritat amb la poblaci\u00f3 ucra\u00efnesa amb el qual l&#8217;Ajuntament d&#8217;Utiel posa de manifest el seu total comprom\u00eds en la defensa de la pau i el respecte dels drets humans.<\/p>\n","protected":false},"excerpt":{"rendered":"<div class=\"mh-excerpt\">L&#8217;Ajuntament d&#8217;Utiel ha penjat al seu balc\u00f3 una pancarta amb el lema \u201cUtiel amb Ucra\u00efna: No a la Guerra\u201d per a expressar el seu rotund rebuig al conflicte b\u00e8l\u00b7lic i l&#8217;absoluta condemna a la invasi\u00f3 <a class=\"mh-excerpt-more\" href=\"https:\/\/tucomarca.whitekongsoftware.com\/ca\/utiel-mostra-el-seu-rebuig-a-la-guerra-i-el-suport-als-ciutadans-ucrainesos\/\" title=\"Utiel mostra el seu rebuig a la guerra i el suport als ciutadans ucra\u00efnesos\">[+] <\/a><\/div>\n","protected":false},"author":1,"featured_media":150472,"comment_status":"open","ping_status":"open","sticky":false,"template":"","format":"standard","meta":{"footnotes":""},"categories":[10898,10948,10894,10904,10947,10909,10896,10897,11059],"tags":[10910,16429,11174],"class_list":["post-150474","post","type-post","status-publish","format-standard","has-post-thumbnail","category-ventana-ca","category-infraestructuras-ca","category-la-comarca-ca","category-sin-categorizar-ca","category-politica","category-requena-utiel-ca","category-seccion-ca","category-sucesos-la-comarca-ca","category-utiel-ca","tag-requena-utiel-ca","tag-ucrania-ca","tag-utiel-ca"],"_links":{"self":[{"href":"https:\/\/tucomarca.whitekongsoftware.com\/ca\/wp-json\/wp\/v2\/posts\/150474","targetHints":{"allow":["GET"]}}],"collection":[{"href":"https:\/\/tucomarca.whitekongsoftware.com\/ca\/wp-json\/wp\/v2\/posts"}],"about":[{"href":"https:\/\/tucomarca.whitekongsoftware.com\/ca\/wp-json\/wp\/v2\/types\/post"}],"author":[{"embeddable":true,"href":"https:\/\/tucomarca.whitekongsoftware.com\/ca\/wp-json\/wp\/v2\/users\/1"}],"replies":[{"embeddable":true,"href":"https:\/\/tucomarca.whitekongsoftware.com\/ca\/wp-json\/wp\/v2\/comments?post=150474"}],"version-history":[{"count":0,"href":"https:\/\/tucomarca.whitekongsoftware.com\/ca\/wp-json\/wp\/v2\/posts\/150474\/revisions"}],"wp:featuredmedia":[{"embeddable":true,"href":"https:\/\/tucomarca.whitekongsoftware.com\/ca\/wp-json\/wp\/v2\/media\/150472"}],"wp:attachment":[{"href":"https:\/\/tucomarca.whitekongsoftware.com\/ca\/wp-json\/wp\/v2\/media?parent=150474"}],"wp:term":[{"taxonomy":"category","embeddable":true,"href":"https:\/\/tucomarca.whitekongsoftware.com\/ca\/wp-json\/wp\/v2\/categories?post=150474"},{"taxonomy":"post_tag","embeddable":true,"href":"https:\/\/tucomarca.whitekongsoftware.com\/ca\/wp-json\/wp\/v2\/tags?post=150474"}],"curies":[{"name":"wp","href":"https:\/\/api.w.org\/{rel}","templated":true}]}}