{"id":150452,"date":"2022-03-03T13:00:00","date_gmt":"2022-03-03T12:00:00","guid":{"rendered":"http:\/\/www.tucomarca.com\/wordpress\/segunda\/?p=150452"},"modified":"2022-03-03T19:17:08","modified_gmt":"2022-03-03T18:17:08","slug":"la-regidoria-de-cultura-popular-de-bunyol-anima-a-la-poblacio-a-assistir-a-la-crida-i-la-inauguracio-de-lexposicio-del-ninot","status":"publish","type":"post","link":"https:\/\/tucomarca.whitekongsoftware.com\/ca\/la-regidoria-de-cultura-popular-de-bunyol-anima-a-la-poblacio-a-assistir-a-la-crida-i-la-inauguracio-de-lexposicio-del-ninot\/","title":{"rendered":"La Regidoria de Cultura Popular de Bunyol anima a la poblaci\u00f3 a assistir a la crida i la inauguraci\u00f3 de l&#8217;exposici\u00f3 del ninot"},"content":{"rendered":"\n<p class=\"wp-block-paragraph\">Rafa P\u00e9rez, regidor de Cultura Popular de l&#8217;Ajuntament de Bunyol, recorda a la poblaci\u00f3 que aquest dissabte a partir de les 18.30h es procedir\u00e0 a la desfilada de les cinc comissions falleres de l&#8217;Avinguda La Violeta per a, tots junts, arribar fins a la Pla\u00e7a del Poble i realitzar-se all\u00ed la tradicional Crid\u00e0 de les Falles 2022 en la localitat.<\/p>\n\n\n\n<p class=\"wp-block-paragraph\">\u201cAquest \u00e9s un esdeveniment que no s&#8217;ha realitzat des de fa dos anys i tots tenim moltes ganes de veure a les nostres falleres, fallers, presidents i m\u00fasics desfilar pels carrers de Bunyol. Arranquem ja fa unes setmanes amb les primeres presentacions falleres i el poble es va bolcar, per aix\u00f2 aquests actes tan entre\u00f1ables i desitjats per la poblaci\u00f3 encara seran m\u00e9s seguits en aquest 2022\u201d, confirmava P\u00e9rez.<\/p>\n\n\n\n<p class=\"wp-block-paragraph\">Despr\u00e9s de la tradicional Crid\u00e0 amb la qual s&#8217;obrir\u00e0 el calendari faller a Bunyol tots es despla\u00e7aran a la Sala El Mercat per a all\u00ed inaugurar l&#8217;Exposici\u00f3 del Ninot. Tots els ve\u00efns poden visitar-la fins al dissabte 12 de mar\u00e7 en horari de 18 a 20h. Les cinc comissions falleres (Falla Ventas, Falla El Prado, Falla Nuevo Bu\u00f1ol, Falla Bu\u00f1ol Pueblo i Falla Reyes Cat\u00f3licos) porten el seu millor ninot i tots aspiren a agradar, divertir, i entretindre a tots els assistents.&nbsp;<\/p>\n\n\n\n<p class=\"wp-block-paragraph\">Ja des d&#8217;aquest cap de setmana les cinc comissions falleres organitzen actes en els seus barracons. Per\u00f2 el cap de setmana pr\u00f2xim tots comen\u00e7aran a comprovar l&#8217;ambient festiu en la localitat. Els dies 17, 18 i 19 de mar\u00e7 les cercaviles, ofrenes, despert\u00e1s i molta m\u00fasica seran presents als carrers del municipi despr\u00e9s de dos anys sense comptar amb l&#8217;olor de p\u00f3lvora, l&#8217;ambient festiu i els vestits fallers.<\/p>\n","protected":false},"excerpt":{"rendered":"<div class=\"mh-excerpt\">Rafa P\u00e9rez, regidor de Cultura Popular de l&#8217;Ajuntament de Bunyol, recorda a la poblaci\u00f3 que aquest dissabte a partir de les 18.30h es procedir\u00e0 a la desfilada de les cinc comissions falleres de l&#8217;Avinguda La <a class=\"mh-excerpt-more\" href=\"https:\/\/tucomarca.whitekongsoftware.com\/ca\/la-regidoria-de-cultura-popular-de-bunyol-anima-a-la-poblacio-a-assistir-a-la-crida-i-la-inauguracio-de-lexposicio-del-ninot\/\" title=\"La Regidoria de Cultura Popular de Bunyol anima a la poblaci\u00f3 a assistir a la crida i la inauguraci\u00f3 de l&#8217;exposici\u00f3 del ninot\">[+] <\/a><\/div>\n","protected":false},"author":12,"featured_media":150448,"comment_status":"open","ping_status":"open","sticky":false,"template":"","format":"standard","meta":{"footnotes":""},"categories":[10911,10894,10912,11007,10896],"tags":[10913,14137,16481,16351,10914],"class_list":["post-150452","post","type-post","status-publish","format-standard","has-post-thumbnail","category-bunol-ca","category-la-comarca-ca","category-la-hoya-ca","category-ocio-y-cultura-ca","category-seccion-ca","tag-bunol-ca","tag-crida-ca","tag-exposicion-del-ninot-ca","tag-fallas-2022-ca","tag-la-hoya-de-bunol-chiva-ca"],"_links":{"self":[{"href":"https:\/\/tucomarca.whitekongsoftware.com\/ca\/wp-json\/wp\/v2\/posts\/150452","targetHints":{"allow":["GET"]}}],"collection":[{"href":"https:\/\/tucomarca.whitekongsoftware.com\/ca\/wp-json\/wp\/v2\/posts"}],"about":[{"href":"https:\/\/tucomarca.whitekongsoftware.com\/ca\/wp-json\/wp\/v2\/types\/post"}],"author":[{"embeddable":true,"href":"https:\/\/tucomarca.whitekongsoftware.com\/ca\/wp-json\/wp\/v2\/users\/12"}],"replies":[{"embeddable":true,"href":"https:\/\/tucomarca.whitekongsoftware.com\/ca\/wp-json\/wp\/v2\/comments?post=150452"}],"version-history":[{"count":0,"href":"https:\/\/tucomarca.whitekongsoftware.com\/ca\/wp-json\/wp\/v2\/posts\/150452\/revisions"}],"wp:featuredmedia":[{"embeddable":true,"href":"https:\/\/tucomarca.whitekongsoftware.com\/ca\/wp-json\/wp\/v2\/media\/150448"}],"wp:attachment":[{"href":"https:\/\/tucomarca.whitekongsoftware.com\/ca\/wp-json\/wp\/v2\/media?parent=150452"}],"wp:term":[{"taxonomy":"category","embeddable":true,"href":"https:\/\/tucomarca.whitekongsoftware.com\/ca\/wp-json\/wp\/v2\/categories?post=150452"},{"taxonomy":"post_tag","embeddable":true,"href":"https:\/\/tucomarca.whitekongsoftware.com\/ca\/wp-json\/wp\/v2\/tags?post=150452"}],"curies":[{"name":"wp","href":"https:\/\/api.w.org\/{rel}","templated":true}]}}