{"id":150357,"date":"2022-03-02T07:35:00","date_gmt":"2022-03-02T06:35:00","guid":{"rendered":"http:\/\/www.tucomarca.com\/wordpress\/segunda\/?p=150357"},"modified":"2022-03-02T22:01:25","modified_gmt":"2022-03-02T21:01:25","slug":"lajuntament-de-bunyol-llanca-una-nova-web-mes-accessible-facil-i-de-rapida-consulta-en-ofertes-docupacio-i-tauler-danuncis","status":"publish","type":"post","link":"https:\/\/tucomarca.whitekongsoftware.com\/ca\/lajuntament-de-bunyol-llanca-una-nova-web-mes-accessible-facil-i-de-rapida-consulta-en-ofertes-docupacio-i-tauler-danuncis\/","title":{"rendered":"L&#8217;Ajuntament de Bunyol llan\u00e7a una nova web m\u00e9s accessible, f\u00e0cil i de r\u00e0pida consulta en ofertes d&#8217;ocupaci\u00f3 i tauler d&#8217;anuncis"},"content":{"rendered":"\n<h4 class=\"wp-block-heading\">La participaci\u00f3 de la ciutadania i la millora de l&#8217;acc\u00e9s a la informaci\u00f3 de l&#8217;Ajuntament i del municipi s\u00f3n uns altres dels aspectes m\u00e9s destacats d&#8217;aquesta web.<\/h4>\n\n\n\n<p class=\"wp-block-paragraph\">Mar\u00eda Vall\u00e9s, regidora d&#8217;Inform\u00e0tica a l&#8217;Ajuntament de Bunyol, informa de la posada en marxa de la nova web municipal del Consistori. \u201cEs tracta d&#8217;una web m\u00e9s accessible, pr\u00f2xima i r\u00e0pida de consultar per a tots els ciutadans\u201d, defensava Vall\u00e9s.<\/p>\n\n\n\n<p class=\"wp-block-paragraph\">Es destaca en www.bu\u00f1ol.es dos aspectes molt importants com \u00e9s el tauler d&#8217;anuncis i l&#8217;ocupaci\u00f3 p\u00fablica, alguna cosa molt consultats per la poblaci\u00f3 i que en l&#8217;anterior web era m\u00e9s complicat el seu acc\u00e9s. Aquesta web tamb\u00e9 ha comptat amb la col\u00b7laboraci\u00f3 de Portals de Diputaci\u00f3 de Val\u00e8ncia, i anir\u00e0 unida a la nova APP que preveu llan\u00e7ar-se a la fi de mes. En aquesta aplicaci\u00f3 el ve\u00ed i visitant podr\u00e0 accedir i con\u00e8ixer r\u00e0pidament l&#8217;horari de les farm\u00e0cies, de l&#8217;autob\u00fas urb\u00e0, dels actes culturals del cap de setmana, registrar visita amb regidors del consistori, o reservar pistes municipals esportives.<\/p>\n\n\n\n<p class=\"wp-block-paragraph\">Des que es va llan\u00e7ar al ciutad\u00e0 aquesta nova web continuen millorant-la, amb la intenci\u00f3 de poder satisfer a tots els ve\u00efns, i que sigui \u00e0gil, c\u00f2moda i molt r\u00e0pida, \u201con es vegi r\u00e0pidament informaci\u00f3 actual del municipi i de l&#8217;Ajuntament amb aquest carrusel de not\u00edcies que res m\u00e9s obrir la web ja informa el ciutad\u00e0\u201d, confirmava l&#8217;edil d&#8217;Inform\u00e0tica.<\/p>\n\n\n\n<p class=\"wp-block-paragraph\">La part administrativa \u00e9s molt f\u00e0cil i r\u00e0pida, per\u00f2 s&#8217;estan polint alguns detalls com l&#8217;actualitzaci\u00f3 d&#8217;esdeveniments, horaris de farm\u00e0cies o l&#8217;acc\u00e9s a la participaci\u00f3, perqu\u00e8 el ve\u00ed comenci a conscienciar-se de la import\u00e0ncia de la mateixa per a configurar un municipi millor: \u201cS\u00f3n presents tots els plans de participaci\u00f3 que tenim en marxa, aix\u00ed com la possibilitat de poder accedir als Pressupostos Participatius\u201d.<\/p>\n\n\n\n<p class=\"wp-block-paragraph\">Tamb\u00e9 incideix en la import\u00e0ncia que els ve\u00efns s&#8217;acostumin a utilitzar el Tauler d&#8217;anuncis, on deriva a la Seu Electr\u00f2nica i aix\u00ed utilitzar el registre d&#8217;entrada de manera telem\u00e0tica, m\u00e9s r\u00e0pida i \u00e0gil per a tots. \u201cLa cerca d&#8217;ofertes d&#8217;ocupaci\u00f3 o l&#8217;acc\u00e9s al registre d&#8217;entrada a trav\u00e9s de la seu electr\u00f2nica una vegada coneguda alguna q\u00fcesti\u00f3 pujada al Tauler d&#8217;anuncis s\u00f3n els aspectes m\u00e9s demandats en aquests moments i aquesta nova web compleix amb escreix aquestes necessitats\u201d, finalitza l&#8217;edil Vall\u00e9s.<\/p>\n","protected":false},"excerpt":{"rendered":"<div class=\"mh-excerpt\">La participaci\u00f3 de la ciutadania i la millora de l&#8217;acc\u00e9s a la informaci\u00f3 de l&#8217;Ajuntament i del municipi s\u00f3n uns altres dels aspectes m\u00e9s destacats d&#8217;aquesta web. Mar\u00eda Vall\u00e9s, regidora d&#8217;Inform\u00e0tica a l&#8217;Ajuntament de Bunyol, <a class=\"mh-excerpt-more\" href=\"https:\/\/tucomarca.whitekongsoftware.com\/ca\/lajuntament-de-bunyol-llanca-una-nova-web-mes-accessible-facil-i-de-rapida-consulta-en-ofertes-docupacio-i-tauler-danuncis\/\" title=\"L&#8217;Ajuntament de Bunyol llan\u00e7a una nova web m\u00e9s accessible, f\u00e0cil i de r\u00e0pida consulta en ofertes d&#8217;ocupaci\u00f3 i tauler d&#8217;anuncis\">[+] <\/a><\/div>\n","protected":false},"author":1,"featured_media":150355,"comment_status":"open","ping_status":"open","sticky":false,"template":"","format":"standard","meta":{"footnotes":""},"categories":[10911,10948,10894,10912,10947,10896],"tags":[11158,10913,10914],"class_list":["post-150357","post","type-post","status-publish","format-standard","has-post-thumbnail","category-bunol-ca","category-infraestructuras-ca","category-la-comarca-ca","category-la-hoya-ca","category-politica","category-seccion-ca","tag-ayuntamiento-de-bunol-ca","tag-bunol-ca","tag-la-hoya-de-bunol-chiva-ca"],"_links":{"self":[{"href":"https:\/\/tucomarca.whitekongsoftware.com\/ca\/wp-json\/wp\/v2\/posts\/150357","targetHints":{"allow":["GET"]}}],"collection":[{"href":"https:\/\/tucomarca.whitekongsoftware.com\/ca\/wp-json\/wp\/v2\/posts"}],"about":[{"href":"https:\/\/tucomarca.whitekongsoftware.com\/ca\/wp-json\/wp\/v2\/types\/post"}],"author":[{"embeddable":true,"href":"https:\/\/tucomarca.whitekongsoftware.com\/ca\/wp-json\/wp\/v2\/users\/1"}],"replies":[{"embeddable":true,"href":"https:\/\/tucomarca.whitekongsoftware.com\/ca\/wp-json\/wp\/v2\/comments?post=150357"}],"version-history":[{"count":0,"href":"https:\/\/tucomarca.whitekongsoftware.com\/ca\/wp-json\/wp\/v2\/posts\/150357\/revisions"}],"wp:featuredmedia":[{"embeddable":true,"href":"https:\/\/tucomarca.whitekongsoftware.com\/ca\/wp-json\/wp\/v2\/media\/150355"}],"wp:attachment":[{"href":"https:\/\/tucomarca.whitekongsoftware.com\/ca\/wp-json\/wp\/v2\/media?parent=150357"}],"wp:term":[{"taxonomy":"category","embeddable":true,"href":"https:\/\/tucomarca.whitekongsoftware.com\/ca\/wp-json\/wp\/v2\/categories?post=150357"},{"taxonomy":"post_tag","embeddable":true,"href":"https:\/\/tucomarca.whitekongsoftware.com\/ca\/wp-json\/wp\/v2\/tags?post=150357"}],"curies":[{"name":"wp","href":"https:\/\/api.w.org\/{rel}","templated":true}]}}