{"id":150299,"date":"2022-03-02T10:15:00","date_gmt":"2022-03-02T09:15:00","guid":{"rendered":"http:\/\/www.tucomarca.com\/wordpress\/segunda\/?p=150299"},"modified":"2022-03-02T11:58:45","modified_gmt":"2022-03-02T10:58:45","slug":"ecologistes-en-accio-i-la-plataforma-aire-limpio-qualifiquen-de-noticia-excellent-el-cessament-de-la-incineracio-de-residus-perillosos-a-bunyol","status":"publish","type":"post","link":"https:\/\/tucomarca.whitekongsoftware.com\/ca\/ecologistes-en-accio-i-la-plataforma-aire-limpio-qualifiquen-de-noticia-excellent-el-cessament-de-la-incineracio-de-residus-perillosos-a-bunyol\/","title":{"rendered":"Ecologistes en Acci\u00f3 i la Plataforma Aire Limpio qualifiquen de \u00abnot\u00edcia excel\u00b7lent\u00bb el cessament de la incineraci\u00f3 de residus perillosos a Bunyol"},"content":{"rendered":"\n<p class=\"wp-block-paragraph\"><strong>Els ecologistes celebren que la cimentera de Bunyol, ara en mans d&#8217;un nou propietari, \u00c7imsa, deixi d&#8217;incinerar residus perillosos com feia Cemex.<\/strong><\/p>\n\n\n\n<p class=\"wp-block-paragraph\"><strong>\u00c9s una vella reivindicaci\u00f3 de la Plataforma Aire Limpio A Bunyol-Xiva i de diversos Ajuntaments i un clam social a la comarca de la Foia de Bunyol, ja que aquesta incineraci\u00f3 generava subst\u00e0ncies perilloses per a la salut humana.<\/strong><\/p>\n\n\n\n<p class=\"wp-block-paragraph\"><strong>Sorpr\u00e8n que la Conselleria de Transici\u00f3 Ecol\u00f2gica faci gala ara de la seua intervenci\u00f3 en aquest tema quan va autoritzar la crema de 30.000 tones de residus perillosos en data recent de 16 d&#8217;octubre de 2021, rebutjant les al\u00b7legacions dels col\u00b7lectius socials, ecologistes i Ajuntaments.<\/strong><\/p>\n\n\n\n<p class=\"wp-block-paragraph\"><strong>La nova propiet\u00e0ria de la cementera de Bunyol (Cimsa Ciments Espa\u00f1a SAU) ha renunciat volunt\u00e0riament a incinerar residus perillosos, pr\u00e0ctica a la qual es va aferrar Cemex Espanya durant m\u00e9s de 15 anys.<\/strong><\/p>\n\n\n\n<p class=\"wp-block-paragraph\">D&#8217;una &#8220;excel\u00b7lent not\u00edcia&#8221; han qualificat els ecologistes la ren\u00fancia volunt\u00e0ria del nou propietari de cementera de Bunyol, Cimsa Ciments Espa\u00f1a SAU, filial de la cimentera turca \u00c7imsa, a incinerar residus perillosos en el proc\u00e9s d&#8217;elaboraci\u00f3 del ciment blanc. &#8220;Encara que es desconeixen les circumst\u00e0ncies i termes d&#8217;aquesta ren\u00fancia, la qualitat de l&#8217;aire i la salut ambiental de la comarca de la Foia de Bunyol guanyar\u00e0 molts enters a partir d&#8217;ara&#8221;, han manifestat des de la Plataforma Aire Net.<\/p>\n\n\n\n<p class=\"wp-block-paragraph\">&#8220;Des de novembre de 2006 Cemex Espanya SA va tenir autoritzaci\u00f3 per a incinerar en les seves instal\u00b7lacions a Bunyol diversos tipus de residus perillosos i no perillosos: dissolvents industrials clorats i no clorats, combustibles l\u00edquids que contenen subst\u00e0ncies perilloses, llots de tractaments f\u00edsic-qu\u00edmics que contenen subst\u00e0ncies perilloses i rebutjos del tractament de residus urbans&#8221;.<\/p>\n\n\n\n<p class=\"wp-block-paragraph\">&#8220;En 2011 Cemex va presentar un projecte per a convertir la cimentera de Bunyol en una macroincineradora que pretenia incinerar 260.000 tones anuals de residus perillosos i no perillosos, ampliant la seva capacitat en els seus dos forns de ciment blanc i gris&#8221;.<\/p>\n\n\n\n<p class=\"wp-block-paragraph\">&#8220;Des de llavors es va aixecar un poder\u00f3s moviment social d&#8217;oposici\u00f3 a la incineraci\u00f3 de residus, amb innombrables mobilitzacions, presentaci\u00f3 d&#8217;al\u00b7legacions i manifestos i estenent la protesta fins a diversos Ajuntaments de la comarca&#8221;, tal com han recordat des d&#8217;Aire Limpio.<\/p>\n\n\n\n<p class=\"wp-block-paragraph\">&#8220;En dues ocasions la Conselleria competent va estar a punt d&#8217;accedir a aquesta sol\u00b7licitud. Al setembre de 2014 quan governava el PP i al juny de 2016 amb el Bot\u00e0nic. A aquestes propostes de resoluci\u00f3 en el tr\u00e0mit d&#8217;audi\u00e8ncia Ecologistes en Acci\u00f3 va presentar raonades i potents al\u00b7legacions que van paralitzar el procediment. Finalment a l&#8217;octubre de 2021 i desoint les al\u00b7legacions de col\u00b7lectius socials i Ajuntaments, la Conselleria competent va autoritzar a Cemex a incinerar 123.000 tones anuals de 56 tipus de residus no perillosos en l&#8217;\u00fanic forn de ciment blanc que quedava despr\u00e9s del desmantellament del forn de ciment gris, i de 30.000 tones de dissolvents i combustibles l\u00edquids que contenen subst\u00e0ncies perilloses. Aquesta quantitat de residus era fins i tot superior a la sol\u00b7licitud inicial de Cemex en 2011&#8221;.<\/p>\n\n\n\n<p class=\"wp-block-paragraph\">&#8220;Encara aquesta Conselleria no s&#8217;ha dignat a contestar el recurs d&#8217;al\u00e7ada contra aquesta autoritzaci\u00f3, que van presentar els ecologistes i diversos Ajuntaments de la comarca&#8221;, han recordat.<\/p>\n\n\n\n<p class=\"wp-block-paragraph\">&#8220;Per aix\u00f2 sorpr\u00e8n que ara aquesta Conselleria tregui pit i valori positivament aquesta ren\u00fancia de Cimsa perqu\u00e8 suposa la culminaci\u00f3 a un treball conjunt de la societat civil i ambiental de la comarca de la Foia de Bunyol, treball conjunt inexistent, perqu\u00e8 la Conselleria i la Generalitat ha tancat l&#8217;orella al clam contrari a la incineraci\u00f3&#8221;, han criticat des d&#8217;Aire Limpio.<\/p>\n\n\n\n<p class=\"wp-block-paragraph\">&#8220;Resulta pat\u00e8tic que la Conselleria addueixi ara el principi de proximitat, ja que aquests residus perillosos tenien el seu origen \u00edntegrament en altres Comunitats Aut\u00f2nomes, quan va fer cas om\u00eds d&#8217;aquesta al\u00b7legaci\u00f3 en el tr\u00e0mit d&#8217;audi\u00e8ncia&#8221;.<\/p>\n\n\n\n<p class=\"wp-block-paragraph\">&#8220;Volem agrair a la Plataforma Aire Net en La Foia de Bunyol-Xiva, a la ciutadania responsable i als Ajuntaments que durant aquests anys han donat suport a aquesta reivindicaci\u00f3 (Macastre, Xest i Xiva els que m\u00e9s) i que han donat la cara enfront del lobby incinerador de Cemex i a la Generalitat Valenciana&#8221;, han finalitzat.<\/p>\n","protected":false},"excerpt":{"rendered":"<div class=\"mh-excerpt\">Els ecologistes celebren que la cimentera de Bunyol, ara en mans d&#8217;un nou propietari, \u00c7imsa, deixi d&#8217;incinerar residus perillosos com feia Cemex. \u00c9s una vella reivindicaci\u00f3 de la Plataforma Aire Limpio A Bunyol-Xiva i de <a class=\"mh-excerpt-more\" href=\"https:\/\/tucomarca.whitekongsoftware.com\/ca\/ecologistes-en-accio-i-la-plataforma-aire-limpio-qualifiquen-de-noticia-excellent-el-cessament-de-la-incineracio-de-residus-perillosos-a-bunyol\/\" title=\"Ecologistes en Acci\u00f3 i la Plataforma Aire Limpio qualifiquen de \u00abnot\u00edcia excel\u00b7lent\u00bb el cessament de la incineraci\u00f3 de residus perillosos a Bunyol\">[+] <\/a><\/div>\n","protected":false},"author":1,"featured_media":83192,"comment_status":"open","ping_status":"open","sticky":false,"template":"","format":"standard","meta":{"footnotes":""},"categories":[10911,11010,10948,10894,10904,10912,10903,10947,10896,10897],"tags":[10913,11416,14661,16462,10914],"class_list":["post-150299","post","type-post","status-publish","format-standard","has-post-thumbnail","category-bunol-ca","category-canal-salud","category-infraestructuras-ca","category-la-comarca-ca","category-sin-categorizar-ca","category-la-hoya-ca","category-medio-ambiente-la-comarca-ca","category-politica","category-seccion-ca","category-sucesos-la-comarca-ca","tag-bunol-ca","tag-cemex-ca","tag-cimsa-ca","tag-incineracion-ca","tag-la-hoya-de-bunol-chiva-ca"],"_links":{"self":[{"href":"https:\/\/tucomarca.whitekongsoftware.com\/ca\/wp-json\/wp\/v2\/posts\/150299","targetHints":{"allow":["GET"]}}],"collection":[{"href":"https:\/\/tucomarca.whitekongsoftware.com\/ca\/wp-json\/wp\/v2\/posts"}],"about":[{"href":"https:\/\/tucomarca.whitekongsoftware.com\/ca\/wp-json\/wp\/v2\/types\/post"}],"author":[{"embeddable":true,"href":"https:\/\/tucomarca.whitekongsoftware.com\/ca\/wp-json\/wp\/v2\/users\/1"}],"replies":[{"embeddable":true,"href":"https:\/\/tucomarca.whitekongsoftware.com\/ca\/wp-json\/wp\/v2\/comments?post=150299"}],"version-history":[{"count":0,"href":"https:\/\/tucomarca.whitekongsoftware.com\/ca\/wp-json\/wp\/v2\/posts\/150299\/revisions"}],"wp:featuredmedia":[{"embeddable":true,"href":"https:\/\/tucomarca.whitekongsoftware.com\/ca\/wp-json\/wp\/v2\/media\/83192"}],"wp:attachment":[{"href":"https:\/\/tucomarca.whitekongsoftware.com\/ca\/wp-json\/wp\/v2\/media?parent=150299"}],"wp:term":[{"taxonomy":"category","embeddable":true,"href":"https:\/\/tucomarca.whitekongsoftware.com\/ca\/wp-json\/wp\/v2\/categories?post=150299"},{"taxonomy":"post_tag","embeddable":true,"href":"https:\/\/tucomarca.whitekongsoftware.com\/ca\/wp-json\/wp\/v2\/tags?post=150299"}],"curies":[{"name":"wp","href":"https:\/\/api.w.org\/{rel}","templated":true}]}}