{"id":150239,"date":"2022-03-01T18:15:00","date_gmt":"2022-03-01T17:15:00","guid":{"rendered":"http:\/\/www.tucomarca.com\/wordpress\/segunda\/?p=150239"},"modified":"2022-03-01T20:22:07","modified_gmt":"2022-03-01T19:22:07","slug":"el-secretari-general-de-joves-socialistes-de-riba-roja-accedeix-a-lexecutiva-nacional-com-a-secretari-de-formacio-i-el-secretari-dorganitzacio-formara-part-del-comite-federal","status":"publish","type":"post","link":"https:\/\/tucomarca.whitekongsoftware.com\/ca\/el-secretari-general-de-joves-socialistes-de-riba-roja-accedeix-a-lexecutiva-nacional-com-a-secretari-de-formacio-i-el-secretari-dorganitzacio-formara-part-del-comite-federal\/","title":{"rendered":"El secretari general de Joves Socialistes de Riba-roja accedeix a l&#8217;executiva nacional com a secretari de formaci\u00f3 i el secretari d&#8217;organitzaci\u00f3 formar\u00e0 part del comit\u00e8 federal"},"content":{"rendered":"\n<p class=\"wp-block-paragraph\"><strong>Jennifer Tirado, Ra\u00fal Mont\u00f3n i Carlos\u00a0Vizuete seran membres del comit\u00e8 nacional\u00a0<\/strong><\/p>\n\n\n\n<p class=\"wp-block-paragraph\">El secretari general de Joves Socialistes de Riba-roja de T\u00faria accedeix a l&#8217;executiva nacional com a secretari de formaci\u00f3 i el secretari d&#8217;organitzaci\u00f3 formar\u00e0 part del comit\u00e8 federal<\/p>\n\n\n\n<p class=\"wp-block-paragraph\">Jennifer Tirado, Ra\u00fal Mont\u00f3n i Carlos Vizuete seran membres del comit\u00e8 nacional<\/p>\n\n\n\n<p class=\"wp-block-paragraph\">Joves Socialistes del Pa\u00eds Valenci\u00e0 (JSPV) ha triat aquest cap de setmana la nova executiva nacional en la qual Benjam\u00ed Momp\u00f3 \u00e9s el nou secretari general en substituci\u00f3 de Fran L\u00f3pez despr\u00e9s d&#8217;obtenir un total de 606 avals que suposa el 62% de suport per part dels militants. La Comissi\u00f3 de Garanties Estatut\u00e0ries de Joves Socialistes ha elegit a Momp\u00f3 com a secretari general en el congr\u00e9s celebrat a Gandia i a Roc\u00edo Barbeito com a secret\u00e0ria d&#8217;organitzaci\u00f3.<\/p>\n\n\n\n<p class=\"wp-block-paragraph\">El XIII Congr\u00e9s de Joves Socialistes han triat, a m\u00e9s, a tres militants socialistes de la comarca de Camp de T\u00faria com a nous membres del comit\u00e8 nacional mentre que un altre ha entrat a formar part de l&#8217;executiva federal. D&#8217;aquesta manera, Joves Socialistes de Camp de T\u00faria tindran una \u00e0mplia representaci\u00f3 en aquest \u00f2rgan.<\/p>\n\n\n\n<p class=\"wp-block-paragraph\">David Barbancho ser\u00e0 el nou secretari de formaci\u00f3 mentre que Jennifer Tirado, Carlos Vizuete i Ra\u00fal Mont\u00f3n entraran com a membres del comit\u00e8 nacional de JSPV. Els quatre nous membres de Joves Socialistes s\u00f3n tots militants socialistes de Riba-roja de T\u00faria, excepte Ra\u00fal Mont\u00f3n, secretari general de Joves Socialistes de l&#8217;Eliana. A m\u00e9s, cal destacar que Alejandro Navarro, secretari d&#8217;organitzaci\u00f3 de JSPV de Riba-roja de T\u00faria, ser\u00e0 membre del comit\u00e8 federal.<\/p>\n\n\n\n<p class=\"wp-block-paragraph\">La direcci\u00f3 comarcal de Joves Socialistes al Camp de T\u00faria considera que actualment \u201cestem treballant per a consolidar i vertebrar el territori la comarca\u201d i, per aix\u00f2, els nous nomenaments en el comit\u00e8 nacional \u201csuposa un orgull pel comprom\u00eds i la voluntat dels companys, la comarca fa un pas endavant i se suma al projecte d&#8217;apostar per una joventut de present i futur\u201d.<\/p>\n\n\n\n<p class=\"wp-block-paragraph\">Les mateixes fonts subratllen el comprom\u00eds de la direcci\u00f3 de Joves Socialistes \u201cper abanderar la just\u00edcia social, la solidaritat i la igualtat d&#8217;oportunitats com a pilars de la societat valenciana, per aix\u00f2 cal destacar el major agra\u00efment al nou secretari general i a la secret\u00e0ria d&#8217;organitzaci\u00f3\u201d.<\/p>\n\n\n\n<p class=\"wp-block-paragraph\">Finalment, cal recordar que, al desembre passat, l&#8217;actual secret\u00e0ria comarcal de Joves Socialistes al Camp de T\u00faria, Estel\u00b7la Tortajada, va ser nomenada com a secret\u00e0ria d&#8217;Inclusi\u00f3 i Accessibilitat en l&#8217;executiva federal que encap\u00e7ala el valenci\u00e0 V\u00edctor Camino com a nou Secretari General de Joventuts Socialistes d&#8217;Espanya (JSE), tal com va ratificar el congr\u00e9s federal celebrat a Madrid.<\/p>\n\n\n\n<figure class=\"wp-block-image size-large\"><img loading=\"lazy\" decoding=\"async\" width=\"1024\" height=\"687\" src=\"http:\/\/www.tucomarca.com\/wordpress\/segunda\/wp-content\/uploads\/2022\/03\/CampPSOE2-1024x687.jpeg\" alt=\"\" class=\"wp-image-150234\" srcset=\"https:\/\/tucomarca.whitekongsoftware.com\/wp-content\/uploads\/2022\/03\/CampPSOE2-1024x687.jpeg 1024w, https:\/\/tucomarca.whitekongsoftware.com\/wp-content\/uploads\/2022\/03\/CampPSOE2-300x201.jpeg 300w, https:\/\/tucomarca.whitekongsoftware.com\/wp-content\/uploads\/2022\/03\/CampPSOE2-768x516.jpeg 768w, https:\/\/tucomarca.whitekongsoftware.com\/wp-content\/uploads\/2022\/03\/CampPSOE2.jpeg 1375w\" sizes=\"auto, (max-width: 1024px) 100vw, 1024px\" \/><\/figure>\n","protected":false},"excerpt":{"rendered":"<div class=\"mh-excerpt\">Jennifer Tirado, Ra\u00fal Mont\u00f3n i Carlos\u00a0Vizuete seran membres del comit\u00e8 nacional\u00a0 El secretari general de Joves Socialistes de Riba-roja de T\u00faria accedeix a l&#8217;executiva nacional com a secretari de formaci\u00f3 i el secretari d&#8217;organitzaci\u00f3 formar\u00e0 <a class=\"mh-excerpt-more\" href=\"https:\/\/tucomarca.whitekongsoftware.com\/ca\/el-secretari-general-de-joves-socialistes-de-riba-roja-accedeix-a-lexecutiva-nacional-com-a-secretari-de-formacio-i-el-secretari-dorganitzacio-formara-part-del-comite-federal\/\" title=\"El secretari general de Joves Socialistes de Riba-roja accedeix a l&#8217;executiva nacional com a secretari de formaci\u00f3 i el secretari d&#8217;organitzaci\u00f3 formar\u00e0 part del comit\u00e8 federal\">[+] <\/a><\/div>\n","protected":false},"author":1,"featured_media":150237,"comment_status":"open","ping_status":"open","sticky":false,"template":"","format":"standard","meta":{"footnotes":""},"categories":[10892,10948,10894,10904,10947,10906,10896],"tags":[10899,14847,11319],"class_list":["post-150239","post","type-post","status-publish","format-standard","has-post-thumbnail","category-camp-de-turia-ca","category-infraestructuras-ca","category-la-comarca-ca","category-sin-categorizar-ca","category-politica","category-riba-roja-ca","category-seccion-ca","tag-camp-de-turia-ca","tag-joves-socialistes-ca","tag-pspv-psoe-ca"],"_links":{"self":[{"href":"https:\/\/tucomarca.whitekongsoftware.com\/ca\/wp-json\/wp\/v2\/posts\/150239","targetHints":{"allow":["GET"]}}],"collection":[{"href":"https:\/\/tucomarca.whitekongsoftware.com\/ca\/wp-json\/wp\/v2\/posts"}],"about":[{"href":"https:\/\/tucomarca.whitekongsoftware.com\/ca\/wp-json\/wp\/v2\/types\/post"}],"author":[{"embeddable":true,"href":"https:\/\/tucomarca.whitekongsoftware.com\/ca\/wp-json\/wp\/v2\/users\/1"}],"replies":[{"embeddable":true,"href":"https:\/\/tucomarca.whitekongsoftware.com\/ca\/wp-json\/wp\/v2\/comments?post=150239"}],"version-history":[{"count":0,"href":"https:\/\/tucomarca.whitekongsoftware.com\/ca\/wp-json\/wp\/v2\/posts\/150239\/revisions"}],"wp:featuredmedia":[{"embeddable":true,"href":"https:\/\/tucomarca.whitekongsoftware.com\/ca\/wp-json\/wp\/v2\/media\/150237"}],"wp:attachment":[{"href":"https:\/\/tucomarca.whitekongsoftware.com\/ca\/wp-json\/wp\/v2\/media?parent=150239"}],"wp:term":[{"taxonomy":"category","embeddable":true,"href":"https:\/\/tucomarca.whitekongsoftware.com\/ca\/wp-json\/wp\/v2\/categories?post=150239"},{"taxonomy":"post_tag","embeddable":true,"href":"https:\/\/tucomarca.whitekongsoftware.com\/ca\/wp-json\/wp\/v2\/tags?post=150239"}],"curies":[{"name":"wp","href":"https:\/\/api.w.org\/{rel}","templated":true}]}}