{"id":150228,"date":"2022-03-01T07:07:00","date_gmt":"2022-03-01T06:07:00","guid":{"rendered":"http:\/\/www.tucomarca.com\/wordpress\/segunda\/?p=150228"},"modified":"2022-03-01T20:41:48","modified_gmt":"2022-03-01T19:41:48","slug":"lassociacio-dempresaris-i-autonoms-de-bunyol-i-lajuntament-preparen-la-xv-fira-de-comerc-i-turisme","status":"publish","type":"post","link":"https:\/\/tucomarca.whitekongsoftware.com\/ca\/lassociacio-dempresaris-i-autonoms-de-bunyol-i-lajuntament-preparen-la-xv-fira-de-comerc-i-turisme\/","title":{"rendered":"L&#8217;Associaci\u00f3 d&#8217;Empresaris i Aut\u00f2noms de Bunyol i l&#8217;Ajuntament preparen la XV Fira de Comer\u00e7 i Turisme"},"content":{"rendered":"\n<p class=\"wp-block-paragraph\">Despr\u00e9s de dos anys sense organitzar-se, enguany el Planell acollir\u00e0 la XV Fira de Comer\u00e7 i Turisme que no es va realitzar en 2020. Tamb\u00e9 est\u00e0 prevista l&#8217;organitzaci\u00f3 de la Gala del Comer\u00e7 on tots els expositors podran llan\u00e7ar el seu producte.<\/p>\n\n\n\n<p class=\"wp-block-paragraph\">Pedro Rubio, president de l&#8217;Associaci\u00f3 d&#8217;Empresaris i Aut\u00f2noms de Bunyol, ha confirmat que els pr\u00f2xims 6, 7 i 8 de maig Bunyol celebrar\u00e0 la XV Fira de Comer\u00e7 i Turisme de la localitat. Com sempre compten amb el suport i col\u00b7laboraci\u00f3 de l&#8217;\u00c0rea de Desenvolupament, Ocupaci\u00f3 i Comer\u00e7 i de la Regidoria de Turisme de l&#8217;Ajuntament.<br>\u201cEstem preparant el calendari d&#8217;actes previstos, a m\u00e9s de reunir-nos amb els comer\u00e7os i empreses del municipi que estiguen interessades a exposar els seus productes com sempre l&#8217;han fet. Esperem que l&#8217;acolliment siga m\u00e0xim i tamb\u00e9 que els ve\u00efns i visitants de la localitat puguen gaudir d&#8217;un cap de setmana atractiu, molt esperat i fruct\u00edfer per als nostres comer\u00e7os i empreses locals i comarcals\u201d, va destacar Rubio.<br>En la carpa instal\u00b7lada en el Planell com cada any es dur\u00e0 a terme la Gala del Comer\u00e7, on tots els expositors podran tindre el seu espai i temps per a poder donar a con\u00e9ixer els seus productes com ho desitgen. En els pr\u00f2xims dies avan\u00e7aran part del calendari que aglutinar\u00e0 aquests tres dies a Bunyol.<\/p>\n","protected":false},"excerpt":{"rendered":"<div class=\"mh-excerpt\">Despr\u00e9s de dos anys sense organitzar-se, enguany el Planell acollir\u00e0 la XV Fira de Comer\u00e7 i Turisme que no es va realitzar en 2020. Tamb\u00e9 est\u00e0 prevista l&#8217;organitzaci\u00f3 de la Gala del Comer\u00e7 on tots <a class=\"mh-excerpt-more\" href=\"https:\/\/tucomarca.whitekongsoftware.com\/ca\/lassociacio-dempresaris-i-autonoms-de-bunyol-i-lajuntament-preparen-la-xv-fira-de-comerc-i-turisme\/\" title=\"L&#8217;Associaci\u00f3 d&#8217;Empresaris i Aut\u00f2noms de Bunyol i l&#8217;Ajuntament preparen la XV Fira de Comer\u00e7 i Turisme\">[+] <\/a><\/div>\n","protected":false},"author":12,"featured_media":150226,"comment_status":"open","ping_status":"open","sticky":false,"template":"","format":"standard","meta":{"footnotes":""},"categories":[10911,10894,10912,10896],"tags":[12189,11158,10913,16458,10914],"class_list":["post-150228","post","type-post","status-publish","format-standard","has-post-thumbnail","category-bunol-ca","category-la-comarca-ca","category-la-hoya-ca","category-seccion-ca","tag-asociacion-de-comerciantes-de-bunol-ca","tag-ayuntamiento-de-bunol-ca","tag-bunol-ca","tag-feria-de-comercio-ca","tag-la-hoya-de-bunol-chiva-ca"],"_links":{"self":[{"href":"https:\/\/tucomarca.whitekongsoftware.com\/ca\/wp-json\/wp\/v2\/posts\/150228","targetHints":{"allow":["GET"]}}],"collection":[{"href":"https:\/\/tucomarca.whitekongsoftware.com\/ca\/wp-json\/wp\/v2\/posts"}],"about":[{"href":"https:\/\/tucomarca.whitekongsoftware.com\/ca\/wp-json\/wp\/v2\/types\/post"}],"author":[{"embeddable":true,"href":"https:\/\/tucomarca.whitekongsoftware.com\/ca\/wp-json\/wp\/v2\/users\/12"}],"replies":[{"embeddable":true,"href":"https:\/\/tucomarca.whitekongsoftware.com\/ca\/wp-json\/wp\/v2\/comments?post=150228"}],"version-history":[{"count":0,"href":"https:\/\/tucomarca.whitekongsoftware.com\/ca\/wp-json\/wp\/v2\/posts\/150228\/revisions"}],"wp:featuredmedia":[{"embeddable":true,"href":"https:\/\/tucomarca.whitekongsoftware.com\/ca\/wp-json\/wp\/v2\/media\/150226"}],"wp:attachment":[{"href":"https:\/\/tucomarca.whitekongsoftware.com\/ca\/wp-json\/wp\/v2\/media?parent=150228"}],"wp:term":[{"taxonomy":"category","embeddable":true,"href":"https:\/\/tucomarca.whitekongsoftware.com\/ca\/wp-json\/wp\/v2\/categories?post=150228"},{"taxonomy":"post_tag","embeddable":true,"href":"https:\/\/tucomarca.whitekongsoftware.com\/ca\/wp-json\/wp\/v2\/tags?post=150228"}],"curies":[{"name":"wp","href":"https:\/\/api.w.org\/{rel}","templated":true}]}}