{"id":150209,"date":"2022-03-01T12:01:00","date_gmt":"2022-03-01T11:01:00","guid":{"rendered":"http:\/\/www.tucomarca.com\/wordpress\/segunda\/?p=150209"},"modified":"2022-03-01T12:59:42","modified_gmt":"2022-03-01T11:59:42","slug":"benaguasil-organitza-un-concert-per-la-igualtat-i-contra-la-violencia-de-genere","status":"publish","type":"post","link":"https:\/\/tucomarca.whitekongsoftware.com\/ca\/benaguasil-organitza-un-concert-per-la-igualtat-i-contra-la-violencia-de-genere\/","title":{"rendered":"Benaguasil organitza un concert per la igualtat i contra la Viol\u00e8ncia de G\u00e8nere"},"content":{"rendered":"\n<h4 class=\"wp-block-heading\"><strong>L&#8217;orquestra <strong><em>La Pato<\/em><\/strong> ser\u00e0 la protagonista d&#8217;una nit on la m\u00fasica transmetr\u00e0 a la societat can\u00e7ons per a crear conscienciaci\u00f3 sobre aquesta problem\u00e0tica que afecta tantes dones i sensibilitzar a la ciutadania en mat\u00e8ria d&#8217;igualtat de g\u00e8nere.<\/strong><\/h4>\n\n\n\n<p class=\"wp-block-paragraph\">L&#8217;Ajuntament de Benaguasil, a trav\u00e9s de la regidoria d&#8217;Igualtat, ha organitzat un concert per la igualtat i contra la Viol\u00e8ncia de G\u00e8nere protagonitzat per l&#8217;orquestra La Pato.<\/p>\n\n\n\n<p class=\"wp-block-paragraph\">El concert tracta de fer visible la viol\u00e8ncia de g\u00e8nere com una xacra social que afecta les dones pel mer fet de ser-ho, al mateix temps que pret\u00e9n ser una anomenada a la necessitat de la implicaci\u00f3 social contra la Viol\u00e8ncia de G\u00e8nere per a crear una societat lliure de qualsevol viol\u00e8ncia exercida sobre les dones.<\/p>\n\n\n\n<p class=\"wp-block-paragraph\">Des de la regidoria d&#8217;Igualtat l&#8217;edil Alicia Molina ha assenyalat que \u201cla&nbsp;m\u00fasica&nbsp;\u00e9s capa\u00e7 de despertar emocions,&nbsp;\u00e9s un instrument efica\u00e7 per a comunicar&nbsp;i fins i tot pot ser utilitzada en ter\u00e0pies. M\u00faltiples s\u00f3n els beneficis de la m\u00fasica, i per aix\u00f2 volem realitzar aquest concert, les can\u00e7ons del qual estan compromeses amb una societat lliure de Viol\u00e8ncia de G\u00e8nere, i s\u00f3n can\u00e7ons que fomenten la igualtat i tracten a la dona de manera respectuosa i igualit\u00e0ria\u201d.<\/p>\n\n\n\n<p class=\"wp-block-paragraph\">El concert, que s&#8217;emmarca\u00a0en l&#8217;estrat\u00e8gia de pacte d&#8217;estat contra la Viol\u00e8ncia de G\u00e8nere, tindr\u00e0 lloc dissabte que ve 5 de mar\u00e7, a les 23,00 h en l&#8217;Avinguda de Montiel.<\/p>\n\n\n\n<p class=\"wp-block-paragraph\">Tamb\u00e9 en l&#8217;Avinguda s&#8217;instal\u00b7lar\u00e0 un Punt Violeta per a visibilitzar la viol\u00e8ncia masclista en totes les seves manifestacions i conscienciar a la societat en la lluita contra aquesta xacra social.<\/p>\n","protected":false},"excerpt":{"rendered":"<div class=\"mh-excerpt\">L&#8217;orquestra La Pato ser\u00e0 la protagonista d&#8217;una nit on la m\u00fasica transmetr\u00e0 a la societat can\u00e7ons per a crear conscienciaci\u00f3 sobre aquesta problem\u00e0tica que afecta tantes dones i sensibilitzar a la ciutadania en mat\u00e8ria d&#8217;igualtat <a class=\"mh-excerpt-more\" href=\"https:\/\/tucomarca.whitekongsoftware.com\/ca\/benaguasil-organitza-un-concert-per-la-igualtat-i-contra-la-violencia-de-genere\/\" title=\"Benaguasil organitza un concert per la igualtat i contra la Viol\u00e8ncia de G\u00e8nere\">[+] <\/a><\/div>\n","protected":false},"author":1,"featured_media":150207,"comment_status":"open","ping_status":"open","sticky":false,"template":"","format":"standard","meta":{"footnotes":""},"categories":[11019,10952,10892,10948,10894,10947,10896],"tags":[11136,10899,11629],"class_list":["post-150209","post","type-post","status-publish","format-standard","has-post-thumbnail","category-agenda-ca","category-benaguasil-ca","category-camp-de-turia-ca","category-infraestructuras-ca","category-la-comarca-ca","category-politica","category-seccion-ca","tag-benaguasil-ca","tag-camp-de-turia-ca","tag-violencia-de-genero-ca"],"_links":{"self":[{"href":"https:\/\/tucomarca.whitekongsoftware.com\/ca\/wp-json\/wp\/v2\/posts\/150209","targetHints":{"allow":["GET"]}}],"collection":[{"href":"https:\/\/tucomarca.whitekongsoftware.com\/ca\/wp-json\/wp\/v2\/posts"}],"about":[{"href":"https:\/\/tucomarca.whitekongsoftware.com\/ca\/wp-json\/wp\/v2\/types\/post"}],"author":[{"embeddable":true,"href":"https:\/\/tucomarca.whitekongsoftware.com\/ca\/wp-json\/wp\/v2\/users\/1"}],"replies":[{"embeddable":true,"href":"https:\/\/tucomarca.whitekongsoftware.com\/ca\/wp-json\/wp\/v2\/comments?post=150209"}],"version-history":[{"count":0,"href":"https:\/\/tucomarca.whitekongsoftware.com\/ca\/wp-json\/wp\/v2\/posts\/150209\/revisions"}],"wp:featuredmedia":[{"embeddable":true,"href":"https:\/\/tucomarca.whitekongsoftware.com\/ca\/wp-json\/wp\/v2\/media\/150207"}],"wp:attachment":[{"href":"https:\/\/tucomarca.whitekongsoftware.com\/ca\/wp-json\/wp\/v2\/media?parent=150209"}],"wp:term":[{"taxonomy":"category","embeddable":true,"href":"https:\/\/tucomarca.whitekongsoftware.com\/ca\/wp-json\/wp\/v2\/categories?post=150209"},{"taxonomy":"post_tag","embeddable":true,"href":"https:\/\/tucomarca.whitekongsoftware.com\/ca\/wp-json\/wp\/v2\/tags?post=150209"}],"curies":[{"name":"wp","href":"https:\/\/api.w.org\/{rel}","templated":true}]}}