{"id":149978,"date":"2022-02-28T09:00:00","date_gmt":"2022-02-28T08:00:00","guid":{"rendered":"http:\/\/www.tucomarca.com\/wordpress\/segunda\/?p=149978"},"modified":"2022-02-28T11:16:33","modified_gmt":"2022-02-28T10:16:33","slug":"liii-batallo-dintervencio-de-la-ume-utilitza-requena-com-a-base-logistica-en-un-exercici-densinistrament","status":"publish","type":"post","link":"https:\/\/tucomarca.whitekongsoftware.com\/ca\/liii-batallo-dintervencio-de-la-ume-utilitza-requena-com-a-base-logistica-en-un-exercici-densinistrament\/","title":{"rendered":"L&#8217;III Batall\u00f3 d&#8217;Intervenci\u00f3 de la UME utilitza Requena com a base log\u00edstica en un exercici d&#8217;ensinistrament"},"content":{"rendered":"\n<p class=\"wp-block-paragraph\">Amb l&#8217;objectiu d&#8217;incrementar la instrucci\u00f3 i ensinistrament del seu personal i continuar perfeccionant i millorant el nivell del mateix en l&#8217;\u00e0mbit de les inundacions, l&#8217;III Batall\u00f3 d&#8217;Intervenci\u00f3 de la Unitat Militar d&#8217;Emerg\u00e8ncies amb seu en la base Jaume I a B\u00e9tera, est\u00e0 realitzant un exercici multirisc a la comarca durant aquesta setmana.<\/p>\n\n\n\n<p class=\"wp-block-paragraph\">Concretament, es desenvolupa del 27 de febrer al 4 de mar\u00e7, tant en l&#8217;embassament de Contreras i terrenys lim\u00edtrofs com en el riu Cabriol al seu pas per les localitats de Contreras, Cofrents i Casas del Riu a la prov\u00edncia de Val\u00e8ncia.<\/p>\n\n\n\n<p class=\"wp-block-paragraph\">En aquestes maniobres participaran un total de 350 militars i 120 vehicles. Dins del programa d&#8217;instrucci\u00f3 per a l&#8217;exercici, est\u00e0 prevista la realitzaci\u00f3 d&#8217;un simulacre ambientat en un episodi greu d&#8217;inundacions continuades provocades per fortes pluges a la Comunitat Valenciana, programat per a dijous que ve 3 de mar\u00e7 en l&#8217;embassament de Contreras.<\/p>\n\n\n\n<p class=\"wp-block-paragraph\">D&#8217;aquesta manera, amb el suport dels municipis de Requena, Utiel i el llogaret de Sant Antoni, la base log\u00edstica s&#8217;instal\u00b7lar\u00e0 en diferents ubicacions cedides per aquestes localitats per al ja citat exercici.<\/p>\n\n\n\n<p class=\"wp-block-paragraph\">Aix\u00ed doncs, com a part de les capacitats que l&#8217;UME posar\u00e0 en pr\u00e0ctica en aquest exercici, est\u00e0 l&#8217;\u00fas d&#8217;unitats del Batall\u00f3 d&#8217;Helic\u00f2pters d&#8217;Emerg\u00e8ncies II, que t\u00e9 la seua seu a B\u00e9tera (Val\u00e8ncia) i que durant la setmana prendran terra i enlairaran de la zona que est\u00e0 situada al sud del recinte firal de Requena. Informa, <strong>Luis Ib\u00e1\u00f1ez<\/strong>.<\/p>\n","protected":false},"excerpt":{"rendered":"<div class=\"mh-excerpt\">Amb l&#8217;objectiu d&#8217;incrementar la instrucci\u00f3 i ensinistrament del seu personal i continuar perfeccionant i millorant el nivell del mateix en l&#8217;\u00e0mbit de les inundacions, l&#8217;III Batall\u00f3 d&#8217;Intervenci\u00f3 de la Unitat Militar d&#8217;Emerg\u00e8ncies amb seu en <a class=\"mh-excerpt-more\" href=\"https:\/\/tucomarca.whitekongsoftware.com\/ca\/liii-batallo-dintervencio-de-la-ume-utilitza-requena-com-a-base-logistica-en-un-exercici-densinistrament\/\" title=\"L&#8217;III Batall\u00f3 d&#8217;Intervenci\u00f3 de la UME utilitza Requena com a base log\u00edstica en un exercici d&#8217;ensinistrament\">[+] <\/a><\/div>\n","protected":false},"author":1,"featured_media":149975,"comment_status":"open","ping_status":"open","sticky":false,"template":"","format":"standard","meta":{"footnotes":""},"categories":[10948,10894,10908,10909,11057,10896,11059],"tags":[10910,12017,16431],"class_list":["post-149978","post","type-post","status-publish","format-standard","has-post-thumbnail","category-infraestructuras-ca","category-la-comarca-ca","category-requena-ca","category-requena-utiel-ca","category-san-antonio-ca","category-seccion-ca","category-utiel-ca","tag-requena-utiel-ca","tag-ume-ca","tag-unidad-militar-de-emergencias-ca"],"_links":{"self":[{"href":"https:\/\/tucomarca.whitekongsoftware.com\/ca\/wp-json\/wp\/v2\/posts\/149978","targetHints":{"allow":["GET"]}}],"collection":[{"href":"https:\/\/tucomarca.whitekongsoftware.com\/ca\/wp-json\/wp\/v2\/posts"}],"about":[{"href":"https:\/\/tucomarca.whitekongsoftware.com\/ca\/wp-json\/wp\/v2\/types\/post"}],"author":[{"embeddable":true,"href":"https:\/\/tucomarca.whitekongsoftware.com\/ca\/wp-json\/wp\/v2\/users\/1"}],"replies":[{"embeddable":true,"href":"https:\/\/tucomarca.whitekongsoftware.com\/ca\/wp-json\/wp\/v2\/comments?post=149978"}],"version-history":[{"count":0,"href":"https:\/\/tucomarca.whitekongsoftware.com\/ca\/wp-json\/wp\/v2\/posts\/149978\/revisions"}],"wp:featuredmedia":[{"embeddable":true,"href":"https:\/\/tucomarca.whitekongsoftware.com\/ca\/wp-json\/wp\/v2\/media\/149975"}],"wp:attachment":[{"href":"https:\/\/tucomarca.whitekongsoftware.com\/ca\/wp-json\/wp\/v2\/media?parent=149978"}],"wp:term":[{"taxonomy":"category","embeddable":true,"href":"https:\/\/tucomarca.whitekongsoftware.com\/ca\/wp-json\/wp\/v2\/categories?post=149978"},{"taxonomy":"post_tag","embeddable":true,"href":"https:\/\/tucomarca.whitekongsoftware.com\/ca\/wp-json\/wp\/v2\/tags?post=149978"}],"curies":[{"name":"wp","href":"https:\/\/api.w.org\/{rel}","templated":true}]}}