{"id":149930,"date":"2022-02-25T15:00:00","date_gmt":"2022-02-25T14:00:00","guid":{"rendered":"http:\/\/www.tucomarca.com\/wordpress\/segunda\/?p=149930"},"modified":"2022-02-25T16:00:01","modified_gmt":"2022-02-25T15:00:01","slug":"els-socialistes-de-la-foia-trien-aquest-cap-de-setmana-entre-virginia-baldovi-i-elena-perez-a-la-seua-nova-secretaria-comarcal","status":"publish","type":"post","link":"https:\/\/tucomarca.whitekongsoftware.com\/ca\/els-socialistes-de-la-foia-trien-aquest-cap-de-setmana-entre-virginia-baldovi-i-elena-perez-a-la-seua-nova-secretaria-comarcal\/","title":{"rendered":"Els socialistes de la Foia trien aquest cap de setmana entre Virginia Baldov\u00ed i Elena P\u00e9rez a la seua nova secret\u00e0ria comarcal"},"content":{"rendered":"\n<p class=\"wp-block-paragraph\">Els afiliats i afiliades al PSPV-PSOE de l&#8217;agrupaci\u00f3 Xiva-Foia de Bunyol trien aquest diumenge a la persona que prendr\u00e0 el relleu de Lucas Ferrando al capdavant de l&#8217;Executiva Comarcal del PSPV-PSOE, c\u00e0rrec per al qual per primera vegada en la hist\u00f2ria del partit a la comarca concorren dues dones: Virginia Baldov\u00ed i Elena P\u00e9rez.<\/p>\n\n\n\n<p class=\"wp-block-paragraph\">Les dues candidates, que tenen previst tancar les seues respectives campanyes en els municipis de Xest i Alboraig abans de sotmetre&#8217;s a la votaci\u00f3 dels seus companys i companyes aquest diumenge, compten amb traject\u00f2ries pol\u00edtiques i perfils molt diferents:<\/p>\n\n\n\n<p class=\"wp-block-paragraph\">Virg\u00ednia Baldov\u00ed milita en l&#8217;agrupaci\u00f3 de Setaig\u00fces i \u00e9s funcion\u00e0ria de la Diputaci\u00f3 de Val\u00e8ncia, mentre que Elena P\u00e9rez \u00e9s militant de l&#8217;agrupaci\u00f3 d&#8217;I\u00e0tova, metge de professi\u00f3 i actualment ocupa el c\u00e0rrec de Directora de Salut P\u00fablica de Val\u00e8ncia.<\/p>\n\n\n\n<p class=\"wp-block-paragraph\">Virg\u00ednia Baldov\u00ed ha ocupat a m\u00e9s diversos c\u00e0rrecs interns en el partit, per la qual cosa coneix b\u00e9 els secrets en els quals es prenen decisions; experi\u00e8ncia i coneixement que podria aportar al PSPV-PSOE de la comarca Xiva-Foia de Bunyol. Tamb\u00e9 compta amb el suport majoritari de la seva agrupaci\u00f3 local i amb suports comarcals com ara el de l&#8217;ex-alcalde de Xest, Raimundo Tar\u00edn, i el de Yolanda Mart\u00ednez, membre de la Comissi\u00f3 Executiva Provincial i dirigent local de Xiva, entre altres.<\/p>\n\n\n\n<p class=\"wp-block-paragraph\">Per part seva, Elena P\u00e9rez ha ocupat com a funcion\u00e0ria de Sanitat c\u00e0rrecs de responsabilitat en la Conselleria de Sanitat i Salut P\u00fablica. La seva experi\u00e8ncia pot ser a m\u00e9s decisiva en un tema molt important per a la comarca: la reversi\u00f3 al sistema publico de l&#8217;Hospital de Manises, al qual pertanyen la majoria dels pobles de la comarca i que s&#8217;espera per a l&#8217;any que ve. L&#8217;aportaci\u00f3 d&#8217;un PSPV-PSOE comarcal capitanejat per una persona coneixedora del sistema pot ser decisiu. Elena P\u00e9rez compta a m\u00e9s amb el suport de la seva agrupaci\u00f3, aix\u00ed com d&#8217;alcaldesses i alcaldes de la comarca, entre els quals es troba la de Bunyol i membre de Comissi\u00f3 Executiva Nacional, Juncal Carrascosa; i el de Godelleta, Rafa Fora, entre altres.<\/p>\n\n\n\n<p class=\"wp-block-paragraph\">A priori, totes dues candidates representarien projectes i perfils pol\u00edtics diferents. El de Virg\u00ednia Baldov\u00ed estaria m\u00e9s centrat en q\u00fcestions internes de partit ja que ha participat en nombrosos congressos comarcals i territorials. No obstant aix\u00f2, un dels seus punts febles podria ser el de la gesti\u00f3 al no comptar amb experi\u00e8ncia en l&#8217;\u00e0mbit municipal, tant en el govern com en l&#8217;oposici\u00f3. El suport de Yolanda Mart\u00ednez pot convertir-se tamb\u00e9 en una arma de doble tall, ja que encara que la militant xivana \u00e9s membre de l&#8217;Executiva Provincial, Xiva \u00e9s ara mateix l&#8217;\u00fanic poble en el qual el PSPV-PSOE no t\u00e9 representaci\u00f3 plen\u00e0ria.<\/p>\n\n\n\n<p class=\"wp-block-paragraph\">A favor d&#8217;Elena P\u00e9rez, que ha estat regidora a l&#8217;Ajuntament d&#8217;I\u00e0tova, comptaria l&#8217;haver exercit diverses responsabilitats de gesti\u00f3 vinculades al seu \u00e0mbit professional, com ara coordinadora de l&#8217;Oficina Valenciana d&#8217;Acci\u00f3 Comunit\u00e0ria per a la Salut; Cap del Servei de Promoci\u00f3 de la salut i prevenci\u00f3 de l&#8217;Entorn Sanitari i l&#8217;haver col\u00b7laborat en l&#8217;elaboraci\u00f3 de diverses guies de promoci\u00f3 per a la salut. Pel que el seu perfil s&#8217;inclinaria m\u00e9s cap a l&#8217;\u00e0mbit de la gesti\u00f3 p\u00fablica que al pol\u00edtic. I entre els suports amb els quals comptaria en la seva candidatura es trobarien diversos secretaris i secret\u00e0ries generals de les agrupacions locals de la comarca aix\u00ed com membres de l&#8217;actual Executiva Comarcal que cessar\u00e0 en les seves funcions el pr\u00f2xim 26 de mar\u00e7, data en la qual se celebrar\u00e0 el congr\u00e9s comarcal.<\/p>\n","protected":false},"excerpt":{"rendered":"<div class=\"mh-excerpt\">Els afiliats i afiliades al PSPV-PSOE de l&#8217;agrupaci\u00f3 Xiva-Foia de Bunyol trien aquest diumenge a la persona que prendr\u00e0 el relleu de Lucas Ferrando al capdavant de l&#8217;Executiva Comarcal del PSPV-PSOE, c\u00e0rrec per al qual <a class=\"mh-excerpt-more\" href=\"https:\/\/tucomarca.whitekongsoftware.com\/ca\/els-socialistes-de-la-foia-trien-aquest-cap-de-setmana-entre-virginia-baldovi-i-elena-perez-a-la-seua-nova-secretaria-comarcal\/\" title=\"Els socialistes de la Foia trien aquest cap de setmana entre Virginia Baldov\u00ed i Elena P\u00e9rez a la seua nova secret\u00e0ria comarcal\">[+] <\/a><\/div>\n","protected":false},"author":1,"featured_media":149927,"comment_status":"open","ping_status":"open","sticky":false,"template":"","format":"standard","meta":{"footnotes":""},"categories":[10911,10898,10948,10894,10904,10912,10947,10896],"tags":[10914,11319],"class_list":["post-149930","post","type-post","status-publish","format-standard","has-post-thumbnail","category-bunol-ca","category-ventana-ca","category-infraestructuras-ca","category-la-comarca-ca","category-sin-categorizar-ca","category-la-hoya-ca","category-politica","category-seccion-ca","tag-la-hoya-de-bunol-chiva-ca","tag-pspv-psoe-ca"],"_links":{"self":[{"href":"https:\/\/tucomarca.whitekongsoftware.com\/ca\/wp-json\/wp\/v2\/posts\/149930","targetHints":{"allow":["GET"]}}],"collection":[{"href":"https:\/\/tucomarca.whitekongsoftware.com\/ca\/wp-json\/wp\/v2\/posts"}],"about":[{"href":"https:\/\/tucomarca.whitekongsoftware.com\/ca\/wp-json\/wp\/v2\/types\/post"}],"author":[{"embeddable":true,"href":"https:\/\/tucomarca.whitekongsoftware.com\/ca\/wp-json\/wp\/v2\/users\/1"}],"replies":[{"embeddable":true,"href":"https:\/\/tucomarca.whitekongsoftware.com\/ca\/wp-json\/wp\/v2\/comments?post=149930"}],"version-history":[{"count":0,"href":"https:\/\/tucomarca.whitekongsoftware.com\/ca\/wp-json\/wp\/v2\/posts\/149930\/revisions"}],"wp:featuredmedia":[{"embeddable":true,"href":"https:\/\/tucomarca.whitekongsoftware.com\/ca\/wp-json\/wp\/v2\/media\/149927"}],"wp:attachment":[{"href":"https:\/\/tucomarca.whitekongsoftware.com\/ca\/wp-json\/wp\/v2\/media?parent=149930"}],"wp:term":[{"taxonomy":"category","embeddable":true,"href":"https:\/\/tucomarca.whitekongsoftware.com\/ca\/wp-json\/wp\/v2\/categories?post=149930"},{"taxonomy":"post_tag","embeddable":true,"href":"https:\/\/tucomarca.whitekongsoftware.com\/ca\/wp-json\/wp\/v2\/tags?post=149930"}],"curies":[{"name":"wp","href":"https:\/\/api.w.org\/{rel}","templated":true}]}}