{"id":149922,"date":"2022-02-25T08:00:00","date_gmt":"2022-02-25T07:00:00","guid":{"rendered":"http:\/\/www.tucomarca.com\/wordpress\/segunda\/?p=149922"},"modified":"2022-02-25T15:49:10","modified_gmt":"2022-02-25T14:49:10","slug":"convoquen-una-concentracio-en-el-centre-de-valencia-per-la-rectificacio-del-decret-14-2020-per-la-ubicacio-racional-de-les-energies-renovables","status":"publish","type":"post","link":"https:\/\/tucomarca.whitekongsoftware.com\/ca\/convoquen-una-concentracio-en-el-centre-de-valencia-per-la-rectificacio-del-decret-14-2020-per-la-ubicacio-racional-de-les-energies-renovables\/","title":{"rendered":"Convoquen una concentraci\u00f3 en el centre de Val\u00e8ncia per la rectificaci\u00f3 del Decret 14\/2020 per la ubicaci\u00f3 racional de les energies renovables"},"content":{"rendered":"\n<h4 class=\"wp-block-heading\">L&#8217;acte tindr\u00e0 lloc a les 12,00 h, en la pla\u00e7a de la Verge de Val\u00e8ncia, i posteriorment es far\u00e0 arribar als diferents grups pol\u00edtics representats a les Corts Valencianes una carta en aquest sentit.<\/h4>\n\n\n\n<p class=\"wp-block-paragraph\">La Coordinadora valenciana per la ubicaci\u00f3 racional de les energies renovables ha convocat una concentraci\u00f3 en la pla\u00e7a de la Verge de Val\u00e8ncia per a demanar a totes les forces pol\u00edtiques valencianes que s&#8217;impliquen en la rectificaci\u00f3 del Decret 14\/2020 que regula la implantaci\u00f3 de les energies renovables en el territori valenci\u00e0.<\/p>\n\n\n\n<p class=\"wp-block-paragraph\">En l&#8217;acte participaran delegats de totes les poblacions i comarques afectades i escenificaran una representaci\u00f3 par\u00f2dica de la situaci\u00f3 tan negativa que amena\u00e7a la vitalitat i bona salut ambiental del nostre territori.<\/p>\n\n\n\n<p class=\"wp-block-paragraph\"><strong>Pobles que assistiran a la concentraci\u00f3:<\/strong><\/p>\n\n\n\n<p class=\"wp-block-paragraph\">Alboraig, Alcala de Xivert-Alcossebre, Aiora, Alzira, Beneixama, Benlloch, Bunyol, Borriol, Catadau, Carcaixent, Xella, Xiva, Elda-Petrer, Les Coves de Vinrom\u00e0, Montesa, Morella, Sant Joan de Mor\u00f3, Setaig\u00fces, Tor\u00eds, Utiel-Requena, Vall d Alba, Vilafames, Villar<\/p>\n\n\n\n<p class=\"wp-block-paragraph\">Aquest acte forma part de la campanya que la Coordinadora est\u00e0 duent a terme i que complementa una intensa tasca de presentaci\u00f3 d&#8217;al\u00b7legacions als projectes situats irracionalment (la immensa majoria). Una tasca tamb\u00e9 d&#8217;informaci\u00f3 a la ciutadania, de conscienciaci\u00f3 i de protesta, en defensa del territori, per a protegir-lo dels impactes indesitjables d&#8217;una mala ubicaci\u00f3 de les renovables. Impactes que es podrien evitar amb una ubicaci\u00f3 racional, en sol urb\u00e0 i urbanitzable, en els municipis on es concentra la major demanda energ\u00e8tica. Per a aconseguir aix\u00f2 cal rectificar el decret 14\/2020, que ha resultat ser molt defectu\u00f3s i contradictori i que no protegeix adequadament els valors agraris, paisatg\u00edstics i ecol\u00f2gics del nostre territori.<\/p>\n\n\n\n<p class=\"wp-block-paragraph\">La Coordinadora vol deixar patent que continuaran les accions de carrer, aix\u00ed com les intervencions en xarxes socials i les accions legals per a evitar que seguisca la ubicaci\u00f3 irracional d&#8217;aquestes instal\u00b7lacions que pararan, pr\u00e0cticament totes, en SNU (s\u00f2l no urbanitzable) en comarques d&#8217;interior.<\/p>\n\n\n\n<p class=\"wp-block-paragraph\">No pararem de manifestar-nos i mobilitzar-nos fins que no es modifique el decret i advertim que cada dia que passa hi ha m\u00e9s gent a les nostres comarques que s&#8217;incorpora a la defensa d&#8217;aquests objectius i ho tindrem molt en compte de cara a les eleccions que s&#8217;ave\u00efnen.<\/p>\n\n\n\n<p class=\"wp-block-paragraph\">La Coordinadora, amb aquest acte, manifesta novament la seua voluntat de di\u00e0leg i negociaci\u00f3 amb l&#8217;administraci\u00f3 per a millorar una normativa clarament defectuosa, en benefici de tots els valencians.<\/p>\n\n\n\n<p class=\"wp-block-paragraph\">Les forces pol\u00edtiques que es obcequen irracionalment a no moure ni una coma d&#8217;un document deficient, incoherent i ple de defectes pagaran aquesta falta de sensibilitat social en les urnes.<\/p>\n\n\n\n<p class=\"wp-block-paragraph\"><\/p>\n","protected":false},"excerpt":{"rendered":"<div class=\"mh-excerpt\">L&#8217;acte tindr\u00e0 lloc a les 12,00 h, en la pla\u00e7a de la Verge de Val\u00e8ncia, i posteriorment es far\u00e0 arribar als diferents grups pol\u00edtics representats a les Corts Valencianes una carta en aquest sentit. La <a class=\"mh-excerpt-more\" href=\"https:\/\/tucomarca.whitekongsoftware.com\/ca\/convoquen-una-concentracio-en-el-centre-de-valencia-per-la-rectificacio-del-decret-14-2020-per-la-ubicacio-racional-de-les-energies-renovables\/\" title=\"Convoquen una concentraci\u00f3 en el centre de Val\u00e8ncia per la rectificaci\u00f3 del Decret 14\/2020 per la ubicaci\u00f3 racional de les energies renovables\">[+] <\/a><\/div>\n","protected":false},"author":12,"featured_media":131807,"comment_status":"open","ping_status":"open","sticky":false,"template":"","format":"standard","meta":{"footnotes":""},"categories":[11019,10954,10951,10973,10889,10911,10991,10968,11046,10963,10894,10904,10912,10902,10903,10947,10908,10909,10896,10979,11047,11059,11029,10975],"tags":[16426,15579,16427],"class_list":["post-149922","post","type-post","status-publish","format-standard","has-post-thumbnail","category-agenda-ca","category-ayora-ca","category-ayora-cofrentes-ca","category-alborache-ca","category-alzira-cat","category-bunol-ca","category-catadau-ca","category-chella-ca","category-los-serranos-ca","category-la-canal-de-navarres-ca","category-la-comarca-ca","category-sin-categorizar-ca","category-la-hoya-ca","category-la-ribera-ca","category-medio-ambiente-la-comarca-ca","category-politica","category-requena-ca","category-requena-utiel-ca","category-seccion-ca","category-siete-aguas-ca","category-turis-ca","category-utiel-ca","category-villar-del-arzobispo-ca","category-chiva-ca","tag-coordinadora-valenciana-por-la-ubicacion-racional-de-las-energias-renovables-ca","tag-energias-renovables-ca","tag-rectificacion-del-decreto-14-2020-ca"],"_links":{"self":[{"href":"https:\/\/tucomarca.whitekongsoftware.com\/ca\/wp-json\/wp\/v2\/posts\/149922","targetHints":{"allow":["GET"]}}],"collection":[{"href":"https:\/\/tucomarca.whitekongsoftware.com\/ca\/wp-json\/wp\/v2\/posts"}],"about":[{"href":"https:\/\/tucomarca.whitekongsoftware.com\/ca\/wp-json\/wp\/v2\/types\/post"}],"author":[{"embeddable":true,"href":"https:\/\/tucomarca.whitekongsoftware.com\/ca\/wp-json\/wp\/v2\/users\/12"}],"replies":[{"embeddable":true,"href":"https:\/\/tucomarca.whitekongsoftware.com\/ca\/wp-json\/wp\/v2\/comments?post=149922"}],"version-history":[{"count":0,"href":"https:\/\/tucomarca.whitekongsoftware.com\/ca\/wp-json\/wp\/v2\/posts\/149922\/revisions"}],"wp:featuredmedia":[{"embeddable":true,"href":"https:\/\/tucomarca.whitekongsoftware.com\/ca\/wp-json\/wp\/v2\/media\/131807"}],"wp:attachment":[{"href":"https:\/\/tucomarca.whitekongsoftware.com\/ca\/wp-json\/wp\/v2\/media?parent=149922"}],"wp:term":[{"taxonomy":"category","embeddable":true,"href":"https:\/\/tucomarca.whitekongsoftware.com\/ca\/wp-json\/wp\/v2\/categories?post=149922"},{"taxonomy":"post_tag","embeddable":true,"href":"https:\/\/tucomarca.whitekongsoftware.com\/ca\/wp-json\/wp\/v2\/tags?post=149922"}],"curies":[{"name":"wp","href":"https:\/\/api.w.org\/{rel}","templated":true}]}}