{"id":149848,"date":"2022-02-25T09:00:00","date_gmt":"2022-02-25T08:00:00","guid":{"rendered":"http:\/\/www.tucomarca.com\/wordpress\/segunda\/?p=149848"},"modified":"2022-02-25T10:25:50","modified_gmt":"2022-02-25T09:25:50","slug":"conclou-febrer-a-bunyol-amb-la-presentacio-fallera-conjunta-musica-a-carrec-de-la-armonica-i-moda-amb-el-showroom-de-enilde","status":"publish","type":"post","link":"https:\/\/tucomarca.whitekongsoftware.com\/ca\/conclou-febrer-a-bunyol-amb-la-presentacio-fallera-conjunta-musica-a-carrec-de-la-armonica-i-moda-amb-el-showroom-de-enilde\/","title":{"rendered":"Conclou febrer a Bunyol amb la presentaci\u00f3 fallera conjunta, m\u00fasica a c\u00e0rrec de \u201cLa Arm\u00f2nica\u201d i moda amb el Showroom de Enilde"},"content":{"rendered":"\n<figure class=\"wp-block-image size-large\"><img loading=\"lazy\" decoding=\"async\" width=\"676\" height=\"960\" src=\"http:\/\/www.tucomarca.com\/wordpress\/segunda\/wp-content\/uploads\/2022\/02\/BunolPresentaciones.jpg\" alt=\"\" class=\"wp-image-149845\" srcset=\"https:\/\/tucomarca.whitekongsoftware.com\/wp-content\/uploads\/2022\/02\/BunolPresentaciones.jpg 676w, https:\/\/tucomarca.whitekongsoftware.com\/wp-content\/uploads\/2022\/02\/BunolPresentaciones-211x300.jpg 211w\" sizes=\"auto, (max-width: 676px) 100vw, 676px\" \/><\/figure>\n\n\n\n<p class=\"wp-block-paragraph\">Aquest cap de setmana Bunyol torna a oferir cultura. El dissabte dos grans actes centraran l&#8217;atenci\u00f3 dels seus teatres. En el Teatre Montecarlo s&#8217;organitza a partir de les 18h un gran acte de presentaci\u00f3 de totes les comissions falleres de la localitat. Un acte mai organitzat abans i que tracta de mostrar la germanor actual entre totes elles i provocar ambient festiu i faller de cara a les pr\u00f2ximes festes josefinas que se celebren en la localitat els dies 17, 18 i 19 de mar\u00e7.&nbsp;<\/p>\n\n\n\n<p class=\"wp-block-paragraph\">Fins ara dues comissions falleres del municipi han realitzat la seua presentaci\u00f3 oficial. \u00c9s el cas de la Falla Reis Cat\u00f2lics i Adjacents, que volia arrancar amb els actes pel 50 aniversari de la seua fundaci\u00f3, paralitzats per la pand\u00e8mia; i la Falla Bunyol Poble, que presentava a la seua Fallera Major, ja que en 2020 no tenia i no va ser presentada. Ambdues van fer grans festejos, emotius i molt entranyables.<\/p>\n\n\n\n<p class=\"wp-block-paragraph\">Per\u00f2 aquest dissabte la resta de comissions falleres: Falla Vendes, Falla Prado i Falla Nou Bunyol tamb\u00e9 es vestiran de gala. Les seues Falleres Majors i Presidents tamb\u00e9 viuran el seu moment, amb moltes ganes i il\u00b7lusions per la celebraci\u00f3 d&#8217;unes festes que porten esperant dos anys.<\/p>\n\n\n\n<p class=\"wp-block-paragraph\">Mentre que en el Palau de la M\u00fasica, la Banda Simf\u00f2nica del Centre Instructiu Musical L&#8217;Harm\u00f2nica oferir\u00e0 el Concert d&#8217;Any Nou que va haver de ser interromput per la sisena ona de la pand\u00e8mia en els mesos de desembre i gener. El seu director convidat, Marcel Ortega, ha preparat un excel\u00b7lent programa perqu\u00e8 socis i simpatitzants tornen a retrobar-se amb la seua banda, amb els seus m\u00fasics, amb els seus familiars, en un gran ambient on la m\u00fasica torna a ser protagonista d&#8217;un escenari \u00fanic. Ser\u00e0 a partir de les 19.30h.<\/p>\n\n\n\n<p class=\"wp-block-paragraph\">I el diumenge la Sala El Mercat de Bunyol alberga una passarel\u00b7la-showroom de luxe, a c\u00e0rrec de Enilde, una empres\u00e0ria bu\u00f1olense que ha confeccionat una col\u00b7lecci\u00f3 \u00fanica. Ve\u00efns i visitants podran gaudir a partir de les 18,00h. de la col\u00b7lecci\u00f3 Silvestre en una desfilada amb dissenys exclusius confeccionats \u00edntegrament per Enilde. Un \u00e8xit assegurat, on tamb\u00e9 podr\u00e0 veure&#8217;s la seua col\u00b7lecci\u00f3 de bosses exclusives. Tota la col\u00b7lecci\u00f3 tamb\u00e9 podr\u00e0 comprar-se. L&#8217;emprenedora, Enilde Galarza, pret\u00e9n ser present en fires de moda a nivell nacional i ja est\u00e0 confeccionant en aquests moments la col\u00b7lecci\u00f3 d&#8217;hivern. A partir del diumenge arranca tamb\u00e9 la seua venda en l\u00ednia, amb descomptes per als ve\u00efns de Bunyol.<\/p>\n","protected":false},"excerpt":{"rendered":"<div class=\"mh-excerpt\">Aquest cap de setmana Bunyol torna a oferir cultura. El dissabte dos grans actes centraran l&#8217;atenci\u00f3 dels seus teatres. En el Teatre Montecarlo s&#8217;organitza a partir de les 18h un gran acte de presentaci\u00f3 de <a class=\"mh-excerpt-more\" href=\"https:\/\/tucomarca.whitekongsoftware.com\/ca\/conclou-febrer-a-bunyol-amb-la-presentacio-fallera-conjunta-musica-a-carrec-de-la-armonica-i-moda-amb-el-showroom-de-enilde\/\" title=\"Conclou febrer a Bunyol amb la presentaci\u00f3 fallera conjunta, m\u00fasica a c\u00e0rrec de \u201cLa Arm\u00f2nica\u201d i moda amb el Showroom de Enilde\">[+] <\/a><\/div>\n","protected":false},"author":12,"featured_media":149844,"comment_status":"open","ping_status":"open","sticky":false,"template":"","format":"standard","meta":{"footnotes":""},"categories":[11019,10911,10894,10912,11007,10896],"tags":[11158,14722,11165,10914],"class_list":["post-149848","post","type-post","status-publish","format-standard","has-post-thumbnail","category-agenda-ca","category-bunol-ca","category-la-comarca-ca","category-la-hoya-ca","category-ocio-y-cultura-ca","category-seccion-ca","tag-ayuntamiento-de-bunol-ca","tag-bunol-actua-ca","tag-junta-local-fallera-de-bunol-ca","tag-la-hoya-de-bunol-chiva-ca"],"_links":{"self":[{"href":"https:\/\/tucomarca.whitekongsoftware.com\/ca\/wp-json\/wp\/v2\/posts\/149848","targetHints":{"allow":["GET"]}}],"collection":[{"href":"https:\/\/tucomarca.whitekongsoftware.com\/ca\/wp-json\/wp\/v2\/posts"}],"about":[{"href":"https:\/\/tucomarca.whitekongsoftware.com\/ca\/wp-json\/wp\/v2\/types\/post"}],"author":[{"embeddable":true,"href":"https:\/\/tucomarca.whitekongsoftware.com\/ca\/wp-json\/wp\/v2\/users\/12"}],"replies":[{"embeddable":true,"href":"https:\/\/tucomarca.whitekongsoftware.com\/ca\/wp-json\/wp\/v2\/comments?post=149848"}],"version-history":[{"count":0,"href":"https:\/\/tucomarca.whitekongsoftware.com\/ca\/wp-json\/wp\/v2\/posts\/149848\/revisions"}],"wp:featuredmedia":[{"embeddable":true,"href":"https:\/\/tucomarca.whitekongsoftware.com\/ca\/wp-json\/wp\/v2\/media\/149844"}],"wp:attachment":[{"href":"https:\/\/tucomarca.whitekongsoftware.com\/ca\/wp-json\/wp\/v2\/media?parent=149848"}],"wp:term":[{"taxonomy":"category","embeddable":true,"href":"https:\/\/tucomarca.whitekongsoftware.com\/ca\/wp-json\/wp\/v2\/categories?post=149848"},{"taxonomy":"post_tag","embeddable":true,"href":"https:\/\/tucomarca.whitekongsoftware.com\/ca\/wp-json\/wp\/v2\/tags?post=149848"}],"curies":[{"name":"wp","href":"https:\/\/api.w.org\/{rel}","templated":true}]}}