{"id":149787,"date":"2022-02-24T08:00:00","date_gmt":"2022-02-24T07:00:00","guid":{"rendered":"http:\/\/www.tucomarca.com\/wordpress\/segunda\/?p=149787"},"modified":"2022-02-25T14:02:16","modified_gmt":"2022-02-25T13:02:16","slug":"lassociacio-dempresaris-i-autonoms-de-bunyol-entrega-els-premis-als-guanyadors-dels-concursos-nadalencs","status":"publish","type":"post","link":"https:\/\/tucomarca.whitekongsoftware.com\/ca\/lassociacio-dempresaris-i-autonoms-de-bunyol-entrega-els-premis-als-guanyadors-dels-concursos-nadalencs\/","title":{"rendered":"L&#8217;Associaci\u00f3 d&#8217;Empresaris i Aut\u00f2noms de Bunyol entrega els premis als guanyadors dels concursos nadalencs"},"content":{"rendered":"\n<p class=\"wp-block-paragraph\">L&#8217;Associaci\u00f3 d&#8217;Empresaris i Aut\u00f2noms de Bunyol ha informat que dem\u00e0 entrega els premis dels concursos d&#8217;aquest nadal, que a causa de la situaci\u00f3 de la pand\u00e8mia no es van poder donar en el seu moment. Recorden els diferents concursos en els quals es podia participar:<br>Concurs d&#8217;Aparadors: en aquest concurs participaven els comer\u00e7os associats i en aquesta ocasi\u00f3 van ser 10 els participants; La Terra, Neo M\u00fasica, Viavert Travel, Blossom, Modes Marina, Cal\u00e7ats Rivera, Noe&amp;Noe, General Visi\u00f3, Drogueria La Pla\u00e7a i Julia Estilistas. El passat 16 de desembre un jurat experimentat va passar a valorar tots els aparadors. El jurat va estar format per: Juncal Carrascosa, Alcaldessa de Bunyol; Antonio L\u00f3pez i Ra\u00fal Mart\u00ednez \u201cchuky\u201d, dos coneguts i valorats artistes fallers; Juli Romagera, representant d&#8217;Uni\u00f3 Gremial, i Bego\u00f1a Galarza, membre de la Junta Directiva d&#8217;aquesta associaci\u00f3.<br>Tots els jurats van fer la seua valoraci\u00f3 personal, amb una escala de l&#8217;1 al 10, on es valorava la tem\u00e0tica nadalenca, l&#8217;originalitat, la il\u00b7luminaci\u00f3 i l&#8217;impacte visual i la suma total de tots els punts van donar com a guanyadors a: 1r premi: Julia estilistes, amb un premi econ\u00f2mic de 200\u20ac; 2n premi: Blossom, amb un premi de 100\u20ac; i 3er premi: La Terra, amb un premi de 50\u20ac. Donen l&#8217;enhorabona als guanyadors i a tots els participants per aportar el seu granet d&#8217;arena en aquestes festes nadalenques i engalanar els seus comer\u00e7os oferint aqueix ambient festiu, tan entranyable en nadal.<br>Concurs de fa\u00e7anes i balcons. Podien participar tots els ve\u00efns de Bunyol i donar encara m\u00e9s si cap aqueixa m\u00e0gia i llum als carrers del poble per Nadal. Un jurat de l&#8217;Ajuntament va atorgar els tres premis guanyadors, que consisteixen en tres vals per valor de 150, 100 i 50\u20ac, per a canviar en els comer\u00e7os de Bunyol.&nbsp;<\/p>\n\n\n\n<p class=\"wp-block-paragraph\">I el Concurs de Dibuix Infantil, on els m\u00e9s xiquets de la casa havien de dibuixar l&#8217;aparador d&#8217;un comer\u00e7 de Bunyol. L&#8217;originalitat, els colors i les diferents t\u00e8cniques de dibuix han sigut presents en tots ells, i va ser molt dif\u00edcil per al jurat, compost per diversos membres de la junta de l&#8217;associaci\u00f3, triar als guanyadors. En aquesta ocasi\u00f3 i per primera vegada, s&#8217;han donat dos premis a la dues categories participants, dos patinets el\u00e8ctrics. Dos premis amb molt bon acolliment, ja que la participaci\u00f3 va ser molt alta.<\/p>\n\n\n\n<p class=\"wp-block-paragraph\">Des d&#8217;aquesta associaci\u00f3 bu\u00f1olense animen a comer\u00e7os i ve\u00efns de Bunyol a participar en els pr\u00f2xims concursos nadalencs perqu\u00e8, \u201centre tots aconseguim que no decaiga la m\u00e0gia del Nadal\u201d, finalitzen des de l&#8217;Associaci\u00f3 d&#8217;Empresaris i Aut\u00f2noms.<\/p>\n","protected":false},"excerpt":{"rendered":"<div class=\"mh-excerpt\">L&#8217;Associaci\u00f3 d&#8217;Empresaris i Aut\u00f2noms de Bunyol ha informat que dem\u00e0 entrega els premis dels concursos d&#8217;aquest nadal, que a causa de la situaci\u00f3 de la pand\u00e8mia no es van poder donar en el seu moment. <a class=\"mh-excerpt-more\" href=\"https:\/\/tucomarca.whitekongsoftware.com\/ca\/lassociacio-dempresaris-i-autonoms-de-bunyol-entrega-els-premis-als-guanyadors-dels-concursos-nadalencs\/\" title=\"L&#8217;Associaci\u00f3 d&#8217;Empresaris i Aut\u00f2noms de Bunyol entrega els premis als guanyadors dels concursos nadalencs\">[+] <\/a><\/div>\n","protected":false},"author":1,"featured_media":126023,"comment_status":"open","ping_status":"open","sticky":false,"template":"","format":"standard","meta":{"footnotes":""},"categories":[10911,10948,10894,10912,10947,10896],"tags":[10913,10914],"class_list":["post-149787","post","type-post","status-publish","format-standard","has-post-thumbnail","category-bunol-ca","category-infraestructuras-ca","category-la-comarca-ca","category-la-hoya-ca","category-politica","category-seccion-ca","tag-bunol-ca","tag-la-hoya-de-bunol-chiva-ca"],"_links":{"self":[{"href":"https:\/\/tucomarca.whitekongsoftware.com\/ca\/wp-json\/wp\/v2\/posts\/149787","targetHints":{"allow":["GET"]}}],"collection":[{"href":"https:\/\/tucomarca.whitekongsoftware.com\/ca\/wp-json\/wp\/v2\/posts"}],"about":[{"href":"https:\/\/tucomarca.whitekongsoftware.com\/ca\/wp-json\/wp\/v2\/types\/post"}],"author":[{"embeddable":true,"href":"https:\/\/tucomarca.whitekongsoftware.com\/ca\/wp-json\/wp\/v2\/users\/1"}],"replies":[{"embeddable":true,"href":"https:\/\/tucomarca.whitekongsoftware.com\/ca\/wp-json\/wp\/v2\/comments?post=149787"}],"version-history":[{"count":0,"href":"https:\/\/tucomarca.whitekongsoftware.com\/ca\/wp-json\/wp\/v2\/posts\/149787\/revisions"}],"wp:featuredmedia":[{"embeddable":true,"href":"https:\/\/tucomarca.whitekongsoftware.com\/ca\/wp-json\/wp\/v2\/media\/126023"}],"wp:attachment":[{"href":"https:\/\/tucomarca.whitekongsoftware.com\/ca\/wp-json\/wp\/v2\/media?parent=149787"}],"wp:term":[{"taxonomy":"category","embeddable":true,"href":"https:\/\/tucomarca.whitekongsoftware.com\/ca\/wp-json\/wp\/v2\/categories?post=149787"},{"taxonomy":"post_tag","embeddable":true,"href":"https:\/\/tucomarca.whitekongsoftware.com\/ca\/wp-json\/wp\/v2\/tags?post=149787"}],"curies":[{"name":"wp","href":"https:\/\/api.w.org\/{rel}","templated":true}]}}