{"id":149679,"date":"2022-02-23T11:00:00","date_gmt":"2022-02-23T10:00:00","guid":{"rendered":"http:\/\/www.tucomarca.com\/wordpress\/segunda\/?p=149679"},"modified":"2022-02-23T12:37:07","modified_gmt":"2022-02-23T11:37:07","slug":"benaguasil-realitza-obres-de-millora-i-modernitzacio-del-seu-poligon-industrial-la-pila","status":"publish","type":"post","link":"https:\/\/tucomarca.whitekongsoftware.com\/ca\/benaguasil-realitza-obres-de-millora-i-modernitzacio-del-seu-poligon-industrial-la-pila\/","title":{"rendered":"Benaguasil realitza obres de millora i modernitzaci\u00f3 del seu pol\u00edgon industrial La Pila"},"content":{"rendered":"\n<h4 class=\"wp-block-heading\"><strong>Les obres han suposat la millora de les zones verdes i d&#8217;una zona biosaludable, la incorporaci\u00f3 d&#8217;un carril de ciclovianants i la renovaci\u00f3 de l&#8217;enllumenat p\u00fablic.<\/strong><\/h4>\n\n\n\n<h4 class=\"wp-block-heading\"><strong>L&#8217;actuaci\u00f3 ha comptat amb una subvenci\u00f3 de l&#8217;IVACE de 148.000\u20ac<\/strong>.<\/h4>\n\n\n\n<p class=\"wp-block-paragraph\">L&#8217;Ajuntament de Benaguasil ha dut a terme obres de millora i modernitzaci\u00f3 del Pol\u00edgon Industrial La Pila, actuant en mat\u00e8ria d&#8217;efici\u00e8ncia energ\u00e8tica, incorporaci\u00f3 d&#8217;un carril de ciclovianants, en la millora de les zones verdes i d&#8217;una zona biosaludable.<\/p>\n\n\n\n<p class=\"wp-block-paragraph\">La renovaci\u00f3 de les infraestructures d&#8217;aquest pol\u00edgon, que t\u00e9 una superf\u00edcie de 130.161 m\u00b2, inclou la millora de les zones verdes amb la instal\u00b7laci\u00f3 d&#8217;una zona biosaludable amb un total de quatre m\u00e0quines per a la realitzaci\u00f3 d&#8217;exercicis de gimn\u00e0stica\u00a0que faciliten la pr\u00e0ctica de l&#8217;exercici f\u00edsic a l&#8217;aire lliure i contribueixen a una vida m\u00e9s saludable.<\/p>\n\n\n\n<p class=\"wp-block-paragraph\">Amb l&#8217;objectiu de continuar apostant per la mobilitat urbana sostenible en el municipi s&#8217;ha dotat al pol\u00edgon d&#8217;un carril de ciclovianants perqu\u00e8 els treballadors que recorren a la bicicleta, al patinet o que es mouen a peu puguin arribar als seus llocs de treball d&#8217;una forma segura.<\/p>\n\n\n\n<p class=\"wp-block-paragraph\">D&#8217;altra banda, les obres tamb\u00e9 han suposat millores en l&#8217;enllumenat p\u00fablic, els fanals del qual han estat dotades de tecnologia Led, la qual cosa suposar\u00e0 un estalvi energ\u00e8tic i econ\u00f2mic d&#8217;un 47\u201996%.<\/p>\n\n\n\n<p class=\"wp-block-paragraph\">A aix\u00f2 se suma la instal\u00b7laci\u00f3 d&#8217;un sistema de videovigil\u00e0ncia i de senyal\u00edstica&nbsp;i identificaci\u00f3 de carrers per a modernitzar i ampliar la seguretat d&#8217;aquesta \u00e0rea industrial.<\/p>\n\n\n\n<p class=\"wp-block-paragraph\">El regidor de l&#8217;\u00e0rea, Pedro Peris, ha destacat la import\u00e0ncia de les millores efectuades en aquesta zona industrial amb les quals s&#8217;ha \u201crefor\u00e7at i modernitzat l&#8217;entorn del pol\u00edgon, millorant la imatge i la funcionalitat, i amb les quals s&#8217;ha perseguit que les empreses disposin d&#8217;una oferta de serveis el m\u00e9s completa i actualitzada possible, potenciant tant la productivitat de les activitats existents com fent de l&#8217;enclavament un lloc atractiu per a la implantaci\u00f3 de noves empreses en les parcel\u00b7les vacants\u201d.<\/p>\n\n\n\n<figure class=\"wp-block-image size-large\"><img loading=\"lazy\" decoding=\"async\" width=\"1024\" height=\"683\" src=\"http:\/\/www.tucomarca.com\/wordpress\/segunda\/wp-content\/uploads\/2022\/02\/Benaguasilparque-1024x683.jpg\" alt=\"\" class=\"wp-image-149676\" srcset=\"https:\/\/tucomarca.whitekongsoftware.com\/wp-content\/uploads\/2022\/02\/Benaguasilparque-1024x683.jpg 1024w, https:\/\/tucomarca.whitekongsoftware.com\/wp-content\/uploads\/2022\/02\/Benaguasilparque-300x200.jpg 300w, https:\/\/tucomarca.whitekongsoftware.com\/wp-content\/uploads\/2022\/02\/Benaguasilparque-768x512.jpg 768w, https:\/\/tucomarca.whitekongsoftware.com\/wp-content\/uploads\/2022\/02\/Benaguasilparque-1536x1024.jpg 1536w, https:\/\/tucomarca.whitekongsoftware.com\/wp-content\/uploads\/2022\/02\/Benaguasilparque.jpg 1600w\" sizes=\"auto, (max-width: 1024px) 100vw, 1024px\" \/><\/figure>\n","protected":false},"excerpt":{"rendered":"<div class=\"mh-excerpt\">Les obres han suposat la millora de les zones verdes i d&#8217;una zona biosaludable, la incorporaci\u00f3 d&#8217;un carril de ciclovianants i la renovaci\u00f3 de l&#8217;enllumenat p\u00fablic. L&#8217;actuaci\u00f3 ha comptat amb una subvenci\u00f3 de l&#8217;IVACE de <a class=\"mh-excerpt-more\" href=\"https:\/\/tucomarca.whitekongsoftware.com\/ca\/benaguasil-realitza-obres-de-millora-i-modernitzacio-del-seu-poligon-industrial-la-pila\/\" title=\"Benaguasil realitza obres de millora i modernitzaci\u00f3 del seu pol\u00edgon industrial La Pila\">[+] <\/a><\/div>\n","protected":false},"author":1,"featured_media":149675,"comment_status":"open","ping_status":"open","sticky":false,"template":"","format":"standard","meta":{"footnotes":""},"categories":[10952,10892,10948,10894,10903,10947,10896],"tags":[11136,10899,16411,16412],"class_list":["post-149679","post","type-post","status-publish","format-standard","has-post-thumbnail","category-benaguasil-ca","category-camp-de-turia-ca","category-infraestructuras-ca","category-la-comarca-ca","category-medio-ambiente-la-comarca-ca","category-politica","category-seccion-ca","tag-benaguasil-ca","tag-camp-de-turia-ca","tag-industrial-ca","tag-poligono-ca"],"_links":{"self":[{"href":"https:\/\/tucomarca.whitekongsoftware.com\/ca\/wp-json\/wp\/v2\/posts\/149679","targetHints":{"allow":["GET"]}}],"collection":[{"href":"https:\/\/tucomarca.whitekongsoftware.com\/ca\/wp-json\/wp\/v2\/posts"}],"about":[{"href":"https:\/\/tucomarca.whitekongsoftware.com\/ca\/wp-json\/wp\/v2\/types\/post"}],"author":[{"embeddable":true,"href":"https:\/\/tucomarca.whitekongsoftware.com\/ca\/wp-json\/wp\/v2\/users\/1"}],"replies":[{"embeddable":true,"href":"https:\/\/tucomarca.whitekongsoftware.com\/ca\/wp-json\/wp\/v2\/comments?post=149679"}],"version-history":[{"count":0,"href":"https:\/\/tucomarca.whitekongsoftware.com\/ca\/wp-json\/wp\/v2\/posts\/149679\/revisions"}],"wp:featuredmedia":[{"embeddable":true,"href":"https:\/\/tucomarca.whitekongsoftware.com\/ca\/wp-json\/wp\/v2\/media\/149675"}],"wp:attachment":[{"href":"https:\/\/tucomarca.whitekongsoftware.com\/ca\/wp-json\/wp\/v2\/media?parent=149679"}],"wp:term":[{"taxonomy":"category","embeddable":true,"href":"https:\/\/tucomarca.whitekongsoftware.com\/ca\/wp-json\/wp\/v2\/categories?post=149679"},{"taxonomy":"post_tag","embeddable":true,"href":"https:\/\/tucomarca.whitekongsoftware.com\/ca\/wp-json\/wp\/v2\/tags?post=149679"}],"curies":[{"name":"wp","href":"https:\/\/api.w.org\/{rel}","templated":true}]}}