{"id":149481,"date":"2022-02-21T08:55:00","date_gmt":"2022-02-21T07:55:00","guid":{"rendered":"http:\/\/www.tucomarca.com\/wordpress\/segunda\/?p=149481"},"modified":"2022-02-21T12:19:59","modified_gmt":"2022-02-21T11:19:59","slug":"la-coordinadora-valenciana-per-la-ubicacio-racional-dels-energies-renovables-desplega-una-pancarta-reivindicativa-en-front-del-palau-de-la-generalitat","status":"publish","type":"post","link":"https:\/\/tucomarca.whitekongsoftware.com\/ca\/la-coordinadora-valenciana-per-la-ubicacio-racional-dels-energies-renovables-desplega-una-pancarta-reivindicativa-en-front-del-palau-de-la-generalitat\/","title":{"rendered":"La Coordinadora Valenciana per la ubicaci\u00f3 racional de les energ\u00edes renovables desplega una pancarta reivindicativa en front del Palau de la Generalitat"},"content":{"rendered":"\n<p class=\"wp-block-paragraph\"><strong>Ahir pel mat\u00ed, sobre les 12.00 h, voluntaris de Marfull\/Acci\u00f3 Ecologista-Agr\u00f3 van interpel\u00b7lar directament al president de la Generalitat Valenciana per a que accedisca a dialogar i negociar una modificaci\u00f3 parcial del decret 14\/2020 que regula de manera poc eficient, i amb grans impactes ambientals, socials i econ\u00f2mics, la implantaci\u00f3 de les energies renovables al nostre territori. Aquest decret es pot modificar f\u00e0cilment si hi ha voluntat pol\u00edtica i \u00e9s urgent fer-ho. En benefici de tota la societat valenciana i sense perjudicar a ning\u00fa.<\/strong><\/p>\n\n\n\n<p class=\"wp-block-paragraph\">En l\u2019acte particip\u00e0ren una dotzena de voluntaris de Marfull\/AE-AGR\u00d3 qui van desplegar pancartes en la font de la Pla\u00e7a de la mare-de-deu de Val\u00e8ncia aix\u00ed com una altra, de grans dimensions, ben a prop del Palau de la Generalitat, per exigir al President, Ximo Puig, que pose en pr\u00e0ctica les promeses de participaci\u00f3, transpar\u00e8ncia i di\u00e0leg, i accedisca a parlar amb la Coordinadora per escoltar les seues demandes i la petici\u00f3 de reforma parcial del decret 14\/2020. Si s\u2019atenen les demandes de la Coordinadora i es millora el decret, s\u2019evitarien els greus danys sobre l\u2019agricultura el paisatge i els ecosistemes forestals valencians, amb una planificaci\u00f3 i ordenaci\u00f3 territorial molt m\u00e9s racional i eficient, que hauria d\u2019aproximar les instal\u00b7lacions generadores d\u2019energia als municipis que m\u00e9s demanda tenen, en s\u00f2ls urbans i urbanitzables. Evitant tamb\u00e9 les grans p\u00e8rdues d\u2019energia pel transport d\u2019electricitat a grans dist\u00e0ncies. Aquest trasllat implica molts centenars de km de l\u00ednies el\u00e8ctriques que travessarien les nostres comarques des de l\u2019interior al litoral.<\/p>\n\n\n\n<p class=\"wp-block-paragraph\">Una millor distribuci\u00f3 territorial, planificada i ordenada per l\u2019administraci\u00f3 basada en la racionalitat i no en els interessos econ\u00f2mics d\u2019unes grans multinacionals i fons d\u2019inversi\u00f3 internacionals, que pretenen (perqu\u00e8 ho permet l\u2019actual decret) ubicar les instal\u00b7lacions industrials no on \u00e9s l\u00f2gic, sin\u00f3 on m\u00e9s barat resulta el sol. Posant per davant els interessos econ\u00f2mics d\u2019unes poques empreses especuladores per davant el medi ambient i de l\u2019economia de la majoria dels ciutadans, i originant danys a la biodiversitat el paisatge i l\u2019agricultura i greus repercussions negatives, socials i econ\u00f2miques, per les comarques afectades.<\/p>\n\n\n\n<p class=\"wp-block-paragraph\">Fa uns 15 dies, davant les concentracions simult\u00e0nies celebrades en uns 25 municipis valencians El President de la Generalitat va afirmar que la instal\u00b7laci\u00f3 de les renovables al nostre territori era irrenunciable, encara que admetia que s\u2019haurien de posar on siga m\u00e9s convenient i adequat. La Coordinadora demana dialogar amb Ximo Puig per definir consensuadament, escoltant al territori, la ubicaci\u00f3 m\u00e9s convenient, m\u00e9s racional, la que m\u00e9s beneficis generals aporta i la que minimitza els impactes negatius.<\/p>\n\n\n\n<p class=\"wp-block-paragraph\">Volem que es fa\u00e7a valer la sostenibilitat, els interessos i el benestar del conjunt de la societat i la protecci\u00f3 del medi ambient com a prioritats. Aquests valors han d\u2019estar per davant dels interessos especuladors d\u2019una minoria d\u2019empreses que igualment es podran beneficiar de la implantaci\u00f3 de les renovables, per\u00f2 no de qualsevol manera i a qualsevol preu, no en qualsevol lloc, no danyant valors ambientals irreempla\u00e7ables. L\u2019administraci\u00f3 no pot vendre a preu de saldo el territori valenci\u00e0 per a multiplicar de manera especulativa i desmesurada els beneficis de les grans empreses, que prioritzen el seus guanys a curt termini.<\/p>\n\n\n\n<p class=\"wp-block-paragraph\">La ubicaci\u00f3 de les instal\u00b7lacions industrials renovables les ha de planificar l\u2019administraci\u00f3, atenent als interessos generals de la poblaci\u00f3 i el medi ambient; no el lliure mercat ni les ambicions especuladores d\u2019unes poques empreses, que s\u00f3n una absoluta minoria, lligada moltes vegades a multinacionals i interessos externs que no tenen en compte el nostre territori i les persones que l\u2019habitem.<\/p>\n","protected":false},"excerpt":{"rendered":"<div class=\"mh-excerpt\">Ahir pel mat\u00ed, sobre les 12.00 h, voluntaris de Marfull\/Acci\u00f3 Ecologista-Agr\u00f3 van interpel\u00b7lar directament al president de la Generalitat Valenciana per a que accedisca a dialogar i negociar una modificaci\u00f3 parcial del decret 14\/2020 que <a class=\"mh-excerpt-more\" href=\"https:\/\/tucomarca.whitekongsoftware.com\/ca\/la-coordinadora-valenciana-per-la-ubicacio-racional-dels-energies-renovables-desplega-una-pancarta-reivindicativa-en-front-del-palau-de-la-generalitat\/\" title=\"La Coordinadora Valenciana per la ubicaci\u00f3 racional de les energ\u00edes renovables desplega una pancarta reivindicativa en front del Palau de la Generalitat\">[+] <\/a><\/div>\n","protected":false},"author":1,"featured_media":149478,"comment_status":"open","ping_status":"open","sticky":false,"template":"","format":"standard","meta":{"footnotes":""},"categories":[10890,10951,10892,11046,10898,10948,10963,10894,10904,10912,10902,10903,10947,10909,10896,10897],"tags":[16397,15579,12166],"class_list":["post-149481","post","type-post","status-publish","format-standard","has-post-thumbnail","category-ademus","category-ayora-cofrentes-ca","category-camp-de-turia-ca","category-los-serranos-ca","category-ventana-ca","category-infraestructuras-ca","category-la-canal-de-navarres-ca","category-la-comarca-ca","category-sin-categorizar-ca","category-la-hoya-ca","category-la-ribera-ca","category-medio-ambiente-la-comarca-ca","category-politica","category-requena-utiel-ca","category-seccion-ca","category-sucesos-la-comarca-ca","tag-accio-ecologista-agro-ca","tag-energias-renovables-ca","tag-medio-ambiente-ca"],"_links":{"self":[{"href":"https:\/\/tucomarca.whitekongsoftware.com\/ca\/wp-json\/wp\/v2\/posts\/149481","targetHints":{"allow":["GET"]}}],"collection":[{"href":"https:\/\/tucomarca.whitekongsoftware.com\/ca\/wp-json\/wp\/v2\/posts"}],"about":[{"href":"https:\/\/tucomarca.whitekongsoftware.com\/ca\/wp-json\/wp\/v2\/types\/post"}],"author":[{"embeddable":true,"href":"https:\/\/tucomarca.whitekongsoftware.com\/ca\/wp-json\/wp\/v2\/users\/1"}],"replies":[{"embeddable":true,"href":"https:\/\/tucomarca.whitekongsoftware.com\/ca\/wp-json\/wp\/v2\/comments?post=149481"}],"version-history":[{"count":0,"href":"https:\/\/tucomarca.whitekongsoftware.com\/ca\/wp-json\/wp\/v2\/posts\/149481\/revisions"}],"wp:featuredmedia":[{"embeddable":true,"href":"https:\/\/tucomarca.whitekongsoftware.com\/ca\/wp-json\/wp\/v2\/media\/149478"}],"wp:attachment":[{"href":"https:\/\/tucomarca.whitekongsoftware.com\/ca\/wp-json\/wp\/v2\/media?parent=149481"}],"wp:term":[{"taxonomy":"category","embeddable":true,"href":"https:\/\/tucomarca.whitekongsoftware.com\/ca\/wp-json\/wp\/v2\/categories?post=149481"},{"taxonomy":"post_tag","embeddable":true,"href":"https:\/\/tucomarca.whitekongsoftware.com\/ca\/wp-json\/wp\/v2\/tags?post=149481"}],"curies":[{"name":"wp","href":"https:\/\/api.w.org\/{rel}","templated":true}]}}