{"id":149423,"date":"2022-02-18T17:00:00","date_gmt":"2022-02-18T16:00:00","guid":{"rendered":"http:\/\/www.tucomarca.com\/wordpress\/segunda\/?p=149423"},"modified":"2022-02-18T20:33:25","modified_gmt":"2022-02-18T19:33:25","slug":"la-policia-local-de-bunyol-dete-a-dos-joves-mentre-realitzaven-actes-vandalics-en-el-collegi-cervantes","status":"publish","type":"post","link":"https:\/\/tucomarca.whitekongsoftware.com\/ca\/la-policia-local-de-bunyol-dete-a-dos-joves-mentre-realitzaven-actes-vandalics-en-el-collegi-cervantes\/","title":{"rendered":"La Policia Local de Bunyol det\u00e9 a dos joves mentre realitzaven actes vand\u00e0lics en el col\u00b7legi Cervantes"},"content":{"rendered":"\n<h4 class=\"wp-block-heading\">Tamb\u00e9 s&#8217;aplicar\u00e0 una sanci\u00f3 exemplar a una persona que estava abocant escombraries incontrolades en un contenidor en la partida Farraj\u00f3n<\/h4>\n\n\n\n<p class=\"wp-block-paragraph\">Segons han informat fonts municipals, &#8220;en la matinada d&#8217;ahir la Policia Local de Bunyol va detenir a dues persones que estaven realitzant actes vand\u00e0lics en les instal\u00b7lacions del Col\u00b7legi d&#8217;Educaci\u00f3 Infantil i Prim\u00e0ria Cervantes de Bunyol. Despr\u00e9s de diversos intents de detenci\u00f3 finalment va poder dur-se a terme anit, de matinada, despr\u00e9s de cerciorar-se que hi havia una persona fora del col\u00b7legi a altes hores de la nit, vigilant. Es van despla\u00e7ar r\u00e0pidament, van entrar en el col\u00b7legi i van descobrir que hi havia un menor que estava cometent actes vand\u00e0lics de manera intencionada al mobiliari&#8221;.<\/p>\n\n\n\n<p class=\"wp-block-paragraph\">La regidora d&#8217;Interior de l&#8217;Ajuntament de Bunyol, Mar\u00eda Vall\u00e9s, ha confirmat que han estat &#8220;diversos actes vand\u00e0lics els que aquest col\u00b7legi ha sofert en els \u00faltims mesos, per aix\u00f2 estic molt satisfeta de l&#8217;acci\u00f3 de la nostra Policia Local per haver pogut detenir a aquesta persona, evitant aix\u00ed que ja no torni a realitzar aquests actes\u201d.<\/p>\n\n\n\n<p class=\"wp-block-paragraph\">&#8220;Tamb\u00e9 es va detenir a la persona que estava an\u00e9s controlant i vigilant amb la finalitat d&#8217;avisar a la persona que estava dins si veia que s&#8217;acostava la Policia Local. S&#8217;ha sabut que la persona que estava cometent aquests actes era un menor de la localitat i la que estava fos era una noia. Tots dos han passat a disposici\u00f3 judicial\u201d, com ha explicat Mar\u00eda Vall\u00e9s.<\/p>\n\n\n\n<p class=\"wp-block-paragraph\"><strong>Sanci\u00f3 per escombraries incontrolades en la partida Farraj\u00f3n<\/strong><\/p>\n\n\n\n<p class=\"wp-block-paragraph\">A m\u00e9s, tamb\u00e9 ahir, confirma l&#8217;edil d&#8217;Interior, &#8220;es va poder detenir a la persona que estava abocant deixalles i escombraries de manera il\u00b7legal en contenidors de la partida Farraj\u00f3n de la localitat. Ja est\u00e0vem temps darrere d&#8217;aquest individu i finalment hem pogut cerciorar-nos de primera m\u00e0 qui era aquesta persona ja que va ser vista en el moment dels abocaments. Ara la Policia Local dur\u00e0 a terme una sanci\u00f3 exemplar amb la finalitat d&#8217;evitar que aquesta persona torni a tirar escombraries indegudes, maltractant el nostre medi ambient. Tots sabem que tenim un Ecoparc que funciona de dilluns a dissabte de 8,00 a 20,00 h i per aix\u00f2 all\u00f2 que ja no necessitem cal tirar-ho en els contenidors adequats d&#8217;aquest ecoparc. La multa ser\u00e0 superior als 1.000 euros i pretenem que amb aix\u00f2 qualsevol persona que estigui temptada a fer aquest mal \u00fas dels contenidors s&#8217;ho pensi i recapaciti pel b\u00e9 com\u00fa, pel nostre planeta, pel nostre medi ambient\u201d, va finalitzar l&#8217;edil del ram del consistori bunyolense.<\/p>\n\n\n\n<figure class=\"wp-block-image size-large\"><img loading=\"lazy\" decoding=\"async\" width=\"768\" height=\"1024\" src=\"http:\/\/www.tucomarca.com\/wordpress\/segunda\/wp-content\/uploads\/2022\/02\/ActosVandalicosBunol2-768x1024.jpg\" alt=\"\" class=\"wp-image-149420\" srcset=\"https:\/\/tucomarca.whitekongsoftware.com\/wp-content\/uploads\/2022\/02\/ActosVandalicosBunol2-768x1024.jpg 768w, https:\/\/tucomarca.whitekongsoftware.com\/wp-content\/uploads\/2022\/02\/ActosVandalicosBunol2-225x300.jpg 225w, https:\/\/tucomarca.whitekongsoftware.com\/wp-content\/uploads\/2022\/02\/ActosVandalicosBunol2-1152x1536.jpg 1152w, https:\/\/tucomarca.whitekongsoftware.com\/wp-content\/uploads\/2022\/02\/ActosVandalicosBunol2.jpg 1536w\" sizes=\"auto, (max-width: 768px) 100vw, 768px\" \/><\/figure>\n","protected":false},"excerpt":{"rendered":"<div class=\"mh-excerpt\">Tamb\u00e9 s&#8217;aplicar\u00e0 una sanci\u00f3 exemplar a una persona que estava abocant escombraries incontrolades en un contenidor en la partida Farraj\u00f3n Segons han informat fonts municipals, &#8220;en la matinada d&#8217;ahir la Policia Local de Bunyol va <a class=\"mh-excerpt-more\" href=\"https:\/\/tucomarca.whitekongsoftware.com\/ca\/la-policia-local-de-bunyol-dete-a-dos-joves-mentre-realitzaven-actes-vandalics-en-el-collegi-cervantes\/\" title=\"La Policia Local de Bunyol det\u00e9 a dos joves mentre realitzaven actes vand\u00e0lics en el col\u00b7legi Cervantes\">[+] <\/a><\/div>\n","protected":false},"author":1,"featured_media":149419,"comment_status":"open","ping_status":"open","sticky":false,"template":"","format":"standard","meta":{"footnotes":""},"categories":[10911,10948,10894,10904,10912,10896,10897],"tags":[16394,10913,13632,10914],"class_list":["post-149423","post","type-post","status-publish","format-standard","has-post-thumbnail","category-bunol-ca","category-infraestructuras-ca","category-la-comarca-ca","category-sin-categorizar-ca","category-la-hoya-ca","category-seccion-ca","category-sucesos-la-comarca-ca","tag-actos-ca","tag-bunol-ca","tag-colegio-cervantes-ca","tag-la-hoya-de-bunol-chiva-ca"],"_links":{"self":[{"href":"https:\/\/tucomarca.whitekongsoftware.com\/ca\/wp-json\/wp\/v2\/posts\/149423","targetHints":{"allow":["GET"]}}],"collection":[{"href":"https:\/\/tucomarca.whitekongsoftware.com\/ca\/wp-json\/wp\/v2\/posts"}],"about":[{"href":"https:\/\/tucomarca.whitekongsoftware.com\/ca\/wp-json\/wp\/v2\/types\/post"}],"author":[{"embeddable":true,"href":"https:\/\/tucomarca.whitekongsoftware.com\/ca\/wp-json\/wp\/v2\/users\/1"}],"replies":[{"embeddable":true,"href":"https:\/\/tucomarca.whitekongsoftware.com\/ca\/wp-json\/wp\/v2\/comments?post=149423"}],"version-history":[{"count":0,"href":"https:\/\/tucomarca.whitekongsoftware.com\/ca\/wp-json\/wp\/v2\/posts\/149423\/revisions"}],"wp:featuredmedia":[{"embeddable":true,"href":"https:\/\/tucomarca.whitekongsoftware.com\/ca\/wp-json\/wp\/v2\/media\/149419"}],"wp:attachment":[{"href":"https:\/\/tucomarca.whitekongsoftware.com\/ca\/wp-json\/wp\/v2\/media?parent=149423"}],"wp:term":[{"taxonomy":"category","embeddable":true,"href":"https:\/\/tucomarca.whitekongsoftware.com\/ca\/wp-json\/wp\/v2\/categories?post=149423"},{"taxonomy":"post_tag","embeddable":true,"href":"https:\/\/tucomarca.whitekongsoftware.com\/ca\/wp-json\/wp\/v2\/tags?post=149423"}],"curies":[{"name":"wp","href":"https:\/\/api.w.org\/{rel}","templated":true}]}}