{"id":149412,"date":"2022-02-18T10:33:00","date_gmt":"2022-02-18T09:33:00","guid":{"rendered":"http:\/\/www.tucomarca.com\/wordpress\/segunda\/?p=149412"},"modified":"2022-02-18T20:44:23","modified_gmt":"2022-02-18T19:44:23","slug":"podem-i-lesquerra-de-riba-roja-presenten-una-mocio-perque-lajuntament-done-suport-a-que-els-habitatges-de-la-sareb-pasen-a-ser-publiques","status":"publish","type":"post","link":"https:\/\/tucomarca.whitekongsoftware.com\/ca\/podem-i-lesquerra-de-riba-roja-presenten-una-mocio-perque-lajuntament-done-suport-a-que-els-habitatges-de-la-sareb-pasen-a-ser-publiques\/","title":{"rendered":"Podem i L&#8217;Esquerra de Riba-roja presenten una moci\u00f3 perqu\u00e8 l&#8217;Ajuntament done suport a que els habitatges de la SAREB pasen a ser p\u00fabliques"},"content":{"rendered":"\n<p class=\"wp-block-paragraph\">Els grups municipals Podem Riba-roja i L&#8217;Esquerra de Riba-roja han presentat una moci\u00f3 perqu\u00e8 des de l&#8217;Ajuntament, es done suport a la PNL presentada per Unidas Podemos en el Congr\u00e9s, en la qual es sol\u00b7licita una investigaci\u00f3 a fons per a depurar responsabilitats pol\u00edtiques sobre la creaci\u00f3 i gesti\u00f3 de la Societat de Gesti\u00f3 d&#8217;Actius procedents de la Reestructuraci\u00f3 Banc\u00e0ria (SAREB), m\u00e9s coneguda com el \u201cbanc dolent&#8221;, al mateix temps que reclama posar a ladisposici\u00f3 del parc p\u00fablic tots els habitatges de la societat i destinar els terrenys a la implantaci\u00f3 de parcs d&#8217;energies renovables.<\/p>\n\n\n\n<p class=\"wp-block-paragraph\">La SAREB va ser creada en 2012 amb l&#8217;objectiu de comprar part dels actius t\u00f2xics iproblem\u00e0tics que tenia la banca per a \u201cnetejar\u201d els seus balan\u00e7os i eliminar el llast que&nbsp;en ellstenien els actius \u201cimproductius\u201d.<\/p>\n\n\n\n<p class=\"wp-block-paragraph\">Aquesta \u201cestrat\u00e8gia&#8221; dissenyada pel ministre d&#8217;Economia en el Govern de Rajoy,&nbsp;Lu\u00eds de Guindos, ha resultat ser una enorme estafa que l&#8217;Oficina Estad\u00edstica Eurostat ha desmuntat i la Uni\u00f3 Europea obliga a Espanya a incorporar a la SAREB dins dels comptes p\u00fablics, la qual cosa suposa que compute com a deute p\u00fablic.<\/p>\n\n\n\n<p class=\"wp-block-paragraph\">El ministre d&#8217;Economia, Lu\u00eds de Guindos, assegurava uns mesos despr\u00e9s de la creaci\u00f3 de la SAREB, que la societat no sols no ens costaria diners als contribuents espanyols, sin\u00f3 que, al llarg de la seua vida, oferiria una rendibilitat del 15%, doncs b\u00e9 en l&#8217;actualitat aqueix deute ascendeix a 35.000 milions d&#8217;euros.<\/p>\n\n\n\n<p class=\"wp-block-paragraph\">Des de 2021 el deute ha passat a ser p\u00fablic pel que ja no t\u00e9 sentit que els grans bancs espanyols (excepte BBVA) i les asseguradores mantinguen la seua participaci\u00f3 en l&#8217;accionariat i considerem que les prop de 140.000 habitatges que acumula la SAREB han de passar a ser p\u00fabliques i d&#8217;aquesta manera ampliar el parc p\u00fablic d&#8217;habitatge i poder garantir el dret a l&#8217;habitatge de la poblaci\u00f3, com per eixemple facilitant als joves l&#8217;acc\u00e9s al seu primer habitatge, garantint a aquelles persones que s&#8217;han quedat sense habitatge pels desnonaments injustos, a les dones amb fills que han de deixar el seu domicili per agressions o por a aquestes, a les rendes m\u00e9s baixes&#8230;<\/p>\n","protected":false},"excerpt":{"rendered":"<div class=\"mh-excerpt\">Els grups municipals Podem Riba-roja i L&#8217;Esquerra de Riba-roja han presentat una moci\u00f3 perqu\u00e8 des de l&#8217;Ajuntament, es done suport a la PNL presentada per Unidas Podemos en el Congr\u00e9s, en la qual es sol\u00b7licita <a class=\"mh-excerpt-more\" href=\"https:\/\/tucomarca.whitekongsoftware.com\/ca\/podem-i-lesquerra-de-riba-roja-presenten-una-mocio-perque-lajuntament-done-suport-a-que-els-habitatges-de-la-sareb-pasen-a-ser-publiques\/\" title=\"Podem i L&#8217;Esquerra de Riba-roja presenten una moci\u00f3 perqu\u00e8 l&#8217;Ajuntament done suport a que els habitatges de la SAREB pasen a ser p\u00fabliques\">[+] <\/a><\/div>\n","protected":false},"author":1,"featured_media":149410,"comment_status":"open","ping_status":"open","sticky":false,"template":"","format":"standard","meta":{"footnotes":""},"categories":[10892,10948,10894,10947,10906,10896],"tags":[10899,11473,10907],"class_list":["post-149412","post","type-post","status-publish","format-standard","has-post-thumbnail","category-camp-de-turia-ca","category-infraestructuras-ca","category-la-comarca-ca","category-politica","category-riba-roja-ca","category-seccion-ca","tag-camp-de-turia-ca","tag-podem-ca","tag-riba-roja-del-turia-ca"],"_links":{"self":[{"href":"https:\/\/tucomarca.whitekongsoftware.com\/ca\/wp-json\/wp\/v2\/posts\/149412","targetHints":{"allow":["GET"]}}],"collection":[{"href":"https:\/\/tucomarca.whitekongsoftware.com\/ca\/wp-json\/wp\/v2\/posts"}],"about":[{"href":"https:\/\/tucomarca.whitekongsoftware.com\/ca\/wp-json\/wp\/v2\/types\/post"}],"author":[{"embeddable":true,"href":"https:\/\/tucomarca.whitekongsoftware.com\/ca\/wp-json\/wp\/v2\/users\/1"}],"replies":[{"embeddable":true,"href":"https:\/\/tucomarca.whitekongsoftware.com\/ca\/wp-json\/wp\/v2\/comments?post=149412"}],"version-history":[{"count":0,"href":"https:\/\/tucomarca.whitekongsoftware.com\/ca\/wp-json\/wp\/v2\/posts\/149412\/revisions"}],"wp:featuredmedia":[{"embeddable":true,"href":"https:\/\/tucomarca.whitekongsoftware.com\/ca\/wp-json\/wp\/v2\/media\/149410"}],"wp:attachment":[{"href":"https:\/\/tucomarca.whitekongsoftware.com\/ca\/wp-json\/wp\/v2\/media?parent=149412"}],"wp:term":[{"taxonomy":"category","embeddable":true,"href":"https:\/\/tucomarca.whitekongsoftware.com\/ca\/wp-json\/wp\/v2\/categories?post=149412"},{"taxonomy":"post_tag","embeddable":true,"href":"https:\/\/tucomarca.whitekongsoftware.com\/ca\/wp-json\/wp\/v2\/tags?post=149412"}],"curies":[{"name":"wp","href":"https:\/\/api.w.org\/{rel}","templated":true}]}}