{"id":149406,"date":"2022-02-18T16:58:00","date_gmt":"2022-02-18T15:58:00","guid":{"rendered":"http:\/\/www.tucomarca.com\/wordpress\/segunda\/?p=149406"},"modified":"2022-02-18T20:40:51","modified_gmt":"2022-02-18T19:40:51","slug":"la-biblioteca-de-godelleta-acull-la-presentacio-de-la-nova-novella-de-maria-garcia-lliberos","status":"publish","type":"post","link":"https:\/\/tucomarca.whitekongsoftware.com\/ca\/la-biblioteca-de-godelleta-acull-la-presentacio-de-la-nova-novella-de-maria-garcia-lliberos\/","title":{"rendered":"La biblioteca de Godelleta acull la presentaci\u00f3 de la nova novel\u00b7la de Mar\u00eda Garc\u00eda Lliber\u00f3s"},"content":{"rendered":"\n<p class=\"wp-block-paragraph\">Aquest dijous, 17 de febrer, la Biblioteca P\u00fablica Municipal de Godelleta va tornar a realitzar activitats culturals presencials, amb la presentaci\u00f3 del nou llibre de Mar\u00eda Garc\u00eda Lliber\u00f3s: \u2018M\u00e9s enll\u00e0 de la tristesa\u2019. L&#8217;acte va ser presentat per la tamb\u00e9 escriptora Amparo Peris i l&#8217;editor Quique Olmos, de l&#8217;editorial Sargantana.<\/p>\n\n\n\n<p class=\"wp-block-paragraph\">Aquesta novel\u00b7la transcorre entre Val\u00e8ncia i el Per\u00fa, i ens conta la hist\u00f2ria de Diego, un nen ind\u00edgena nascut al Per\u00fa que \u00e9s adoptat per una fam\u00edlia burgesa amb problemes de fertilitat. A trav\u00e9s d&#8217;aquest context la hist\u00f2ria parla de les adopcions internacionals, els seus problemes d&#8217;adaptaci\u00f3, l&#8217;ab\u00fas infantil o l&#8217;assetjament escolar. Tamb\u00e9 reflecteix molt b\u00e9 la situaci\u00f3 sociocultural de tots dos pa\u00efsos, com per exemple el relat de les guerrilles sud-americanes o l&#8217;actual pand\u00e8mia.<\/p>\n\n\n\n<p class=\"wp-block-paragraph\">\u00c9s una novel\u00b7la amb un gran comprom\u00eds social que segur remour\u00e0 la consci\u00e8ncia de tot aquell que tregui el cap a les seues p\u00e0gines.<\/p>\n\n\n\n<figure class=\"wp-block-image size-large\"><img loading=\"lazy\" decoding=\"async\" width=\"1024\" height=\"768\" src=\"http:\/\/www.tucomarca.com\/wordpress\/segunda\/wp-content\/uploads\/2022\/02\/GodelletaBiblioteca2-1024x768.jpeg\" alt=\"\" class=\"wp-image-149397\" srcset=\"https:\/\/tucomarca.whitekongsoftware.com\/wp-content\/uploads\/2022\/02\/GodelletaBiblioteca2-1024x768.jpeg 1024w, https:\/\/tucomarca.whitekongsoftware.com\/wp-content\/uploads\/2022\/02\/GodelletaBiblioteca2-300x225.jpeg 300w, https:\/\/tucomarca.whitekongsoftware.com\/wp-content\/uploads\/2022\/02\/GodelletaBiblioteca2-768x576.jpeg 768w, https:\/\/tucomarca.whitekongsoftware.com\/wp-content\/uploads\/2022\/02\/GodelletaBiblioteca2-1536x1152.jpeg 1536w, https:\/\/tucomarca.whitekongsoftware.com\/wp-content\/uploads\/2022\/02\/GodelletaBiblioteca2-678x509.jpeg 678w, https:\/\/tucomarca.whitekongsoftware.com\/wp-content\/uploads\/2022\/02\/GodelletaBiblioteca2-326x245.jpeg 326w, https:\/\/tucomarca.whitekongsoftware.com\/wp-content\/uploads\/2022\/02\/GodelletaBiblioteca2-80x60.jpeg 80w, https:\/\/tucomarca.whitekongsoftware.com\/wp-content\/uploads\/2022\/02\/GodelletaBiblioteca2.jpeg 1600w\" sizes=\"auto, (max-width: 1024px) 100vw, 1024px\" \/><\/figure>\n\n\n\n<figure class=\"wp-block-image size-large\"><img loading=\"lazy\" decoding=\"async\" width=\"1024\" height=\"682\" src=\"http:\/\/www.tucomarca.com\/wordpress\/segunda\/wp-content\/uploads\/2022\/02\/GodelletaBiblioteca3-1024x682.jpeg\" alt=\"\" class=\"wp-image-149399\" srcset=\"https:\/\/tucomarca.whitekongsoftware.com\/wp-content\/uploads\/2022\/02\/GodelletaBiblioteca3-1024x682.jpeg 1024w, https:\/\/tucomarca.whitekongsoftware.com\/wp-content\/uploads\/2022\/02\/GodelletaBiblioteca3-300x200.jpeg 300w, https:\/\/tucomarca.whitekongsoftware.com\/wp-content\/uploads\/2022\/02\/GodelletaBiblioteca3-768x512.jpeg 768w, https:\/\/tucomarca.whitekongsoftware.com\/wp-content\/uploads\/2022\/02\/GodelletaBiblioteca3-1536x1023.jpeg 1536w, https:\/\/tucomarca.whitekongsoftware.com\/wp-content\/uploads\/2022\/02\/GodelletaBiblioteca3.jpeg 1600w\" sizes=\"auto, (max-width: 1024px) 100vw, 1024px\" \/><\/figure>\n\n\n\n<figure class=\"wp-block-image size-large\"><img loading=\"lazy\" decoding=\"async\" width=\"1024\" height=\"682\" src=\"http:\/\/www.tucomarca.com\/wordpress\/segunda\/wp-content\/uploads\/2022\/02\/GodelletaBiblioteca4-1024x682.jpeg\" alt=\"\" class=\"wp-image-149401\" srcset=\"https:\/\/tucomarca.whitekongsoftware.com\/wp-content\/uploads\/2022\/02\/GodelletaBiblioteca4-1024x682.jpeg 1024w, https:\/\/tucomarca.whitekongsoftware.com\/wp-content\/uploads\/2022\/02\/GodelletaBiblioteca4-300x200.jpeg 300w, https:\/\/tucomarca.whitekongsoftware.com\/wp-content\/uploads\/2022\/02\/GodelletaBiblioteca4-768x512.jpeg 768w, https:\/\/tucomarca.whitekongsoftware.com\/wp-content\/uploads\/2022\/02\/GodelletaBiblioteca4-1536x1023.jpeg 1536w, https:\/\/tucomarca.whitekongsoftware.com\/wp-content\/uploads\/2022\/02\/GodelletaBiblioteca4.jpeg 1600w\" sizes=\"auto, (max-width: 1024px) 100vw, 1024px\" \/><\/figure>\n\n\n\n<figure class=\"wp-block-image size-large\"><img loading=\"lazy\" decoding=\"async\" width=\"1024\" height=\"682\" src=\"http:\/\/www.tucomarca.com\/wordpress\/segunda\/wp-content\/uploads\/2022\/02\/GodelletaBiblioteca5-1024x682.jpeg\" alt=\"\" class=\"wp-image-149403\" srcset=\"https:\/\/tucomarca.whitekongsoftware.com\/wp-content\/uploads\/2022\/02\/GodelletaBiblioteca5-1024x682.jpeg 1024w, https:\/\/tucomarca.whitekongsoftware.com\/wp-content\/uploads\/2022\/02\/GodelletaBiblioteca5-300x200.jpeg 300w, https:\/\/tucomarca.whitekongsoftware.com\/wp-content\/uploads\/2022\/02\/GodelletaBiblioteca5-768x512.jpeg 768w, https:\/\/tucomarca.whitekongsoftware.com\/wp-content\/uploads\/2022\/02\/GodelletaBiblioteca5-1536x1023.jpeg 1536w, https:\/\/tucomarca.whitekongsoftware.com\/wp-content\/uploads\/2022\/02\/GodelletaBiblioteca5.jpeg 1600w\" sizes=\"auto, (max-width: 1024px) 100vw, 1024px\" \/><\/figure>\n","protected":false},"excerpt":{"rendered":"<div class=\"mh-excerpt\">Aquest dijous, 17 de febrer, la Biblioteca P\u00fablica Municipal de Godelleta va tornar a realitzar activitats culturals presencials, amb la presentaci\u00f3 del nou llibre de Mar\u00eda Garc\u00eda Lliber\u00f3s: \u2018M\u00e9s enll\u00e0 de la tristesa\u2019. L&#8217;acte va <a class=\"mh-excerpt-more\" href=\"https:\/\/tucomarca.whitekongsoftware.com\/ca\/la-biblioteca-de-godelleta-acull-la-presentacio-de-la-nova-novella-de-maria-garcia-lliberos\/\" title=\"La biblioteca de Godelleta acull la presentaci\u00f3 de la nova novel\u00b7la de Mar\u00eda Garc\u00eda Lliber\u00f3s\">[+] <\/a><\/div>\n","protected":false},"author":1,"featured_media":149396,"comment_status":"open","ping_status":"open","sticky":false,"template":"","format":"gallery","meta":{"footnotes":""},"categories":[10977,10948,10894,10912,11007,10896],"tags":[16270,11087,10914],"class_list":["post-149406","post","type-post","status-publish","format-gallery","has-post-thumbnail","category-godelleta-ca","category-infraestructuras-ca","category-la-comarca-ca","category-la-hoya-ca","category-ocio-y-cultura-ca","category-seccion-ca","tag-biblioteca-de-godelleta-ca","tag-godelleta-ca","tag-la-hoya-de-bunol-chiva-ca","post_format-post-format-gallery"],"_links":{"self":[{"href":"https:\/\/tucomarca.whitekongsoftware.com\/ca\/wp-json\/wp\/v2\/posts\/149406","targetHints":{"allow":["GET"]}}],"collection":[{"href":"https:\/\/tucomarca.whitekongsoftware.com\/ca\/wp-json\/wp\/v2\/posts"}],"about":[{"href":"https:\/\/tucomarca.whitekongsoftware.com\/ca\/wp-json\/wp\/v2\/types\/post"}],"author":[{"embeddable":true,"href":"https:\/\/tucomarca.whitekongsoftware.com\/ca\/wp-json\/wp\/v2\/users\/1"}],"replies":[{"embeddable":true,"href":"https:\/\/tucomarca.whitekongsoftware.com\/ca\/wp-json\/wp\/v2\/comments?post=149406"}],"version-history":[{"count":0,"href":"https:\/\/tucomarca.whitekongsoftware.com\/ca\/wp-json\/wp\/v2\/posts\/149406\/revisions"}],"wp:featuredmedia":[{"embeddable":true,"href":"https:\/\/tucomarca.whitekongsoftware.com\/ca\/wp-json\/wp\/v2\/media\/149396"}],"wp:attachment":[{"href":"https:\/\/tucomarca.whitekongsoftware.com\/ca\/wp-json\/wp\/v2\/media?parent=149406"}],"wp:term":[{"taxonomy":"category","embeddable":true,"href":"https:\/\/tucomarca.whitekongsoftware.com\/ca\/wp-json\/wp\/v2\/categories?post=149406"},{"taxonomy":"post_tag","embeddable":true,"href":"https:\/\/tucomarca.whitekongsoftware.com\/ca\/wp-json\/wp\/v2\/tags?post=149406"}],"curies":[{"name":"wp","href":"https:\/\/api.w.org\/{rel}","templated":true}]}}