{"id":149345,"date":"2022-02-17T16:30:00","date_gmt":"2022-02-17T15:30:00","guid":{"rendered":"http:\/\/www.tucomarca.com\/wordpress\/segunda\/?p=149345"},"modified":"2022-02-17T18:34:06","modified_gmt":"2022-02-17T17:34:06","slug":"villar-del-arzobispo-acull-el-primer-congres-de-solucions-per-al-medi-rural-organitzat-per-la-diputacio-de-valencia","status":"publish","type":"post","link":"https:\/\/tucomarca.whitekongsoftware.com\/ca\/villar-del-arzobispo-acull-el-primer-congres-de-solucions-per-al-medi-rural-organitzat-per-la-diputacio-de-valencia\/","title":{"rendered":"Villar del Arzobispo acull el primer congr\u00e9s de solucions per al medi rural organitzat per la Diputaci\u00f3 de Val\u00e8ncia"},"content":{"rendered":"\n<h4 class=\"wp-block-heading\"><strong><strong>La trobada ha reunit emprenedors, institucions p\u00fabliques i mitjans de comunicaci\u00f3 amb l&#8217;objectiu d&#8217;analitzar propostes noves per a fer front al problema demogr\u00e0fic<\/strong><\/strong><\/h4>\n\n\n\n<h4 class=\"wp-block-heading\"><strong><strong>El president Toni Gaspar reclama una legislaci\u00f3 que aborde de manera efectiva la desigualtat territorial i les necessitats dels pobles d&#8217;interior<\/strong><\/strong><\/h4>\n\n\n\n<p class=\"wp-block-paragraph\">La Diputaci\u00f3 de Val\u00e8ncia, a trav\u00e9s de l&#8217;\u00e0rea de Desenvolupament Rural i Pol\u00edtiques contra la Despoblaci\u00f3, ha celebrat este dijous al municipi de Villar del Arzobispo el <em>I Congr\u00e9s de Solucions Intel\u00b7ligents per al Medi rural<\/em>, amb m\u00e9s de 400 inscrits, en el qual s&#8217;han analitzat a fons i s&#8217;han posat en com\u00fa les accions que cal dur a terme des dels diferents sectors per a dinamitzar les economies dels municipis rurals i lluitar aix\u00ed contra la despoblaci\u00f3.<\/p>\n\n\n\n<p class=\"wp-block-paragraph\">Dirigit pel periodista Manuel Campo Vidal, responsable de la <em>C\u00e1tedra de Reto Demogr\u00e1fico y Despoblaci\u00f3n de Next Educaci\u00f3n, <\/em>la trobada ha reunit personalitats procedents de diferents \u00e0mbits com s\u00f3n les institucions, l&#8217;empresa i els mitjans de comunicaci\u00f3, tots ells amb una gran capacitat de veu i experi\u00e8ncia en el camp de la despoblaci\u00f3.<\/p>\n\n\n\n<p class=\"wp-block-paragraph\">La celebraci\u00f3 d&#8217;un congr\u00e9s d&#8217;estes caracter\u00edstiques, en el qual s&#8217;han exposat exemples concrets d&#8217;\u00e8xit, suposa un pas fonamental per a posar en marxa l&#8217;impuls i el desenvolupament d&#8217;aquelles zones castigades pel declivi demogr\u00e0fic. D&#8217;aquesta manera, el president de la Diputaci\u00f3, Toni Gaspar, ha afirmat que \u201c\u00e9s urgent passar de les paraules als fets. Hem d&#8217;impulsar una legislaci\u00f3 que aborde d&#8217;una vegada i de manera efectiva la desigualtat territorial i les necessitats dels pobles d&#8217;interior, i per a aix\u00f2 les institucions hem de coordinar-nos i donar-nos suport per a ser m\u00e9s efectives\u201d.<\/p>\n\n\n\n<p class=\"wp-block-paragraph\">La uni\u00f3 d&#8217;estos factors \u00e9s i ser\u00e0 determinant per a revertir el fenomen de l&#8217;Espa\u00f1a despoblada. Per a aix\u00f2 resulta essencial la cooperaci\u00f3 entre tots els actors implicats, la qual es fomenta amb iniciatives com esta. \u201cCal crear una gran alian\u00e7a entre totes les parts\u201d, ha emfatitzat Campo Vidal. El periodista ha afegit que \u201ccomencem a observar el tema de la despoblaci\u00f3 amb esperan\u00e7a, a la fi forma part de l&#8217;agenda pol\u00edtica i ja es comencen a vore exemples que es poden exportar a altres llocs, per\u00f2 juguem amb el temps en contra\u201d.<\/p>\n\n\n\n<p class=\"wp-block-paragraph\">En eixe sentit, el diputat de Desenvolupament Rural, Ramiro Rivera, ha destacat que \u201canalitzar un fenomen tan complex com el de la despoblaci\u00f3 des de diferents perspectives permet dissenyar accions globals per a donar respostes pr\u00e0ctiques a les necessitats de les persones que habiten estos pobles\u201d.<\/p>\n\n\n\n<p class=\"wp-block-paragraph\">D\u2019altra banda, la secret\u00e0ria auton\u00f2mica de Cohesi\u00f3 Territorial i Pol\u00edtiques contra la Despoblaci\u00f3, Elena Cebri\u00e1n, ha remarcat que \u201cper a la Generalitat el repte demogr\u00e0fic \u00e9s una prioritat transversal de tots els departaments. \u00c9s molt important legislar amb perspectiva rural, i cal fer-ho des de ja\u201d.<\/p>\n\n\n\n<p class=\"wp-block-paragraph\"><strong>Taules de debat<\/strong><\/p>\n\n\n\n<p class=\"wp-block-paragraph\">Un dels conceptes sobre els quals ha girat la jornada ha sigut el de territori rural intel\u00b7ligent. Els municipis que aconseguisquen comptar amb este tret diferenciador tindran moltes m\u00e9s possibilitats d&#8217;atraure persones i empreses que aquells que no l&#8217;obtinguen. Ra\u00fal Santos, de la companyia SWIT, ha definit el concepte basant-se \u201cen tres factors: la connectivitat, els serveis essencials, i el factor hum\u00e0 des del punt de vista de la formaci\u00f3\u201d.<\/p>\n\n\n\n<p class=\"wp-block-paragraph\">La jornada s&#8217;ha iniciat amb una taula en la qual s&#8217;han posat en com\u00fa noves solucions intel\u00b7ligents d&#8217;aplicaci\u00f3 al medi rural. Entre elles ha destacat la proposta de la companyia COMITAS sobre la medicina per sat\u00e8l\u00b7lit. El seu representant, Aquilino Antu\u00f1a, ha subratllat la revoluci\u00f3 que pot suposar el desenvolupament de la medicina per sat\u00e8l\u00b7lit per a pal\u00b7liar l&#8217;abs\u00e8ncia de serveis sanitaris en l&#8217;\u00e0mbit rural.<\/p>\n\n\n\n<p class=\"wp-block-paragraph\">L&#8217;arribada dels fons europeus i les esperances posades en ells com una ajuda que pot suposar un canvi de model econ\u00f2mic per a les poblacions m\u00e9s xicotetes, ha sigut analitzada per les eurodiputades Inmaculada Rodr\u00edguez Pi\u00f1ero, Isabel Benjumea i Susana Sol\u00eds. Saber canalitzar correctament els recursos i aconseguir que els diners s&#8217;injecten de manera directa al medi rural s\u00f3n els dos reptes que comporta el repartiment de les ajudes.<\/p>\n\n\n\n<p class=\"wp-block-paragraph\">A continuaci\u00f3, tres emprenedors rurals valencians han relatat la seua experi\u00e8ncia a l&#8217;hora de tirar endavant els seus negocis en localitats amena\u00e7ades per la despoblaci\u00f3. Juan Jos\u00e9 Mart\u00ednez Palmero, de Bodegas Terra d\u2019Art (Chelva), Davinia G\u00f3mez Arcas, de Nora Norita Nora (Enguera), i Javier Hern\u00e1ndez Bosch i \u00c1lvaro J. P\u00e9rez P\u00e9rez, de la Clandestiler\u00eda (Benifl\u00e0), s\u00f3n clars exemples que \u00e9s possible tindre \u00e8xit en l&#8217;\u00e0mbit rural.<\/p>\n\n\n\n<p class=\"wp-block-paragraph\">Finalment, el paper que juguen els mitjans de comunicaci\u00f3 en la lluita contra la despoblaci\u00f3 s&#8217;ha demostrat clau per a conscienciar a la societat sobre esta problem\u00e0tica i les conseq\u00fc\u00e8ncies que pot tindre per a tota la ciutadania. D&#8217;aix\u00f2 han parlat els periodistes Chema L\u00f3pez Juder\u00edas, de la Xarxa de Periodistes Rurals i Diari de Teruel; Javier Blanco, de La 8 Mediterr\u00e1nea TV; Arturo Checa, de Las Provincias; Isabel Olmo, del Levante; i Iv\u00e1n Esteve, d&#8217;\u00c0 Punt.<\/p>\n\n\n\n<p class=\"wp-block-paragraph\">El <em>I Congr\u00e9s de Solucions Intel\u00b7ligents per al Medi rural<\/em> s&#8217;ha tancat amb la intervenci\u00f3 de Francesc Boya Al\u00f2s, secretari general per al Repte Demogr\u00e0fic al <em>Ministerio de Transici\u00f3n Ecol\u00f3gica<\/em>, que ha llan\u00e7at un missatge d&#8217;optimisme gr\u00e0cies a la gran quantitat d&#8217;iniciatives d&#8217;este tipus que s&#8217;estan duent a terme.<\/p>\n","protected":false},"excerpt":{"rendered":"<div class=\"mh-excerpt\">La trobada ha reunit emprenedors, institucions p\u00fabliques i mitjans de comunicaci\u00f3 amb l&#8217;objectiu d&#8217;analitzar propostes noves per a fer front al problema demogr\u00e0fic El president Toni Gaspar reclama una legislaci\u00f3 que aborde de manera efectiva <a class=\"mh-excerpt-more\" href=\"https:\/\/tucomarca.whitekongsoftware.com\/ca\/villar-del-arzobispo-acull-el-primer-congres-de-solucions-per-al-medi-rural-organitzat-per-la-diputacio-de-valencia\/\" title=\"Villar del Arzobispo acull el primer congr\u00e9s de solucions per al medi rural organitzat per la Diputaci\u00f3 de Val\u00e8ncia\">[+] <\/a><\/div>\n","protected":false},"author":1,"featured_media":149343,"comment_status":"open","ping_status":"open","sticky":false,"template":"","format":"standard","meta":{"footnotes":""},"categories":[10905,10951,11046,10898,10948,10894,10904,10903,10947,10896,11029],"tags":[11246,11199,11928,11080,11119],"class_list":["post-149345","post","type-post","status-publish","format-standard","has-post-thumbnail","category-agricultura-la-comarca-ca","category-ayora-cofrentes-ca","category-los-serranos-ca","category-ventana-ca","category-infraestructuras-ca","category-la-comarca-ca","category-sin-categorizar-ca","category-medio-ambiente-la-comarca-ca","category-politica","category-seccion-ca","category-villar-del-arzobispo-ca","tag-diputacio-de-valencia-ca","tag-la-comunitat-ca","tag-la-serrania-ca","tag-los-serranos-ca","tag-villar-del-arzobispo-ca"],"_links":{"self":[{"href":"https:\/\/tucomarca.whitekongsoftware.com\/ca\/wp-json\/wp\/v2\/posts\/149345","targetHints":{"allow":["GET"]}}],"collection":[{"href":"https:\/\/tucomarca.whitekongsoftware.com\/ca\/wp-json\/wp\/v2\/posts"}],"about":[{"href":"https:\/\/tucomarca.whitekongsoftware.com\/ca\/wp-json\/wp\/v2\/types\/post"}],"author":[{"embeddable":true,"href":"https:\/\/tucomarca.whitekongsoftware.com\/ca\/wp-json\/wp\/v2\/users\/1"}],"replies":[{"embeddable":true,"href":"https:\/\/tucomarca.whitekongsoftware.com\/ca\/wp-json\/wp\/v2\/comments?post=149345"}],"version-history":[{"count":0,"href":"https:\/\/tucomarca.whitekongsoftware.com\/ca\/wp-json\/wp\/v2\/posts\/149345\/revisions"}],"wp:featuredmedia":[{"embeddable":true,"href":"https:\/\/tucomarca.whitekongsoftware.com\/ca\/wp-json\/wp\/v2\/media\/149343"}],"wp:attachment":[{"href":"https:\/\/tucomarca.whitekongsoftware.com\/ca\/wp-json\/wp\/v2\/media?parent=149345"}],"wp:term":[{"taxonomy":"category","embeddable":true,"href":"https:\/\/tucomarca.whitekongsoftware.com\/ca\/wp-json\/wp\/v2\/categories?post=149345"},{"taxonomy":"post_tag","embeddable":true,"href":"https:\/\/tucomarca.whitekongsoftware.com\/ca\/wp-json\/wp\/v2\/tags?post=149345"}],"curies":[{"name":"wp","href":"https:\/\/api.w.org\/{rel}","templated":true}]}}