{"id":149254,"date":"2022-02-16T07:58:00","date_gmt":"2022-02-16T06:58:00","guid":{"rendered":"http:\/\/www.tucomarca.com\/wordpress\/segunda\/?p=149254"},"modified":"2022-02-16T08:38:41","modified_gmt":"2022-02-16T07:38:41","slug":"el-prya-pregunta-en-el-ple-de-requena-per-la-reparacio-de-lenfonsament-del-carrer-de-mira","status":"publish","type":"post","link":"https:\/\/tucomarca.whitekongsoftware.com\/ca\/el-prya-pregunta-en-el-ple-de-requena-per-la-reparacio-de-lenfonsament-del-carrer-de-mira\/","title":{"rendered":"El PRyA pregunta en el ple de Requena per la reparaci\u00f3 de l&#8217;enfonsament del carrer de Mira"},"content":{"rendered":"\n<p class=\"wp-block-paragraph\">Des del Partit de Requena i Llogarets (PRyA) ha recordat que fa mesos que des de la seua formaci\u00f3 porten &#8220;sol\u00b7licitant la reparaci\u00f3 del carrer de Mira, situada al costat del Centre de Salut de Requena&#8221;.<\/p>\n\n\n\n<p class=\"wp-block-paragraph\">&#8220;Des de fa mesos portem des de la nostra formaci\u00f3 sol\u00b7licitant la reparaci\u00f3 del carrer de Mira, situada al costat del Centre de Salut de Requena&#8221;.<br>&#8220;Des de fa anys\u00a0s&#8217;estan enfonsant les llambordes d&#8217;aquest carrer de forma continuada, fins al punt d&#8217;apreciar-se ja diversos cent\u00edmetres de dist\u00e0ncia entre la base de la finca i la cal\u00e7ada, la qual cosa \u00e9s\u00a0un risc per als ve\u00efns pel fet que aquest enfonsament \u00e9s lent per\u00f2 constant&#8221;.<br>&#8220;L&#8217;enfonsament d&#8217;aquest carrer comporta que les llambordes provoquin caigudes entre els ve\u00efns, de les quals ens consten v\u00e0ries. De fet, s\u00f3n els propis ve\u00efns els que acudeixen al Partit de Requena i Llogarets per a traslladar-nos les seves queixes respecte a aquest tema&#8221;.<br>&#8220;Veient que passa el temps i des del govern socialista de Mario S\u00e1nchez no es fa res, des del PRyA preguntem en el ple de la setmana passada per la data d&#8217;inici de les obres de reparaci\u00f3 del carrer de Mira per a poder traslladar als ve\u00efns aquesta informaci\u00f3&#8221;.<br>&#8220;La resposta del govern de PSOE i Podemos va ser que estan pendents de contractar el servei de reparaci\u00f3 del desperfecte, perqu\u00e8 \u00e9s una actuaci\u00f3 massa gran per a la brigada municipal&#8221;.<br>&#8220;\u00c9s curi\u00f3s veure com els passos a seguir per a la compra i rehabilitaci\u00f3 del Cinema Astoria, valorat en aproximadament 2,5 milions d&#8217;euros, avancen sense cap problema, per\u00f2 en el cas d&#8217;una reparaci\u00f3 reclamada pels ve\u00efns, com \u00e9s la de la C\/ de Mira, encara no s&#8217;ha iniciat despr\u00e9s d&#8217;anys de peticions.<br>\u00c9s evident que les prioritats per al govern socialista de Mario S\u00e1nchez no s\u00f3n les dels ve\u00efns&#8221;.<br>Des del Partit de Requena i Llogarets &#8220;continuarem insistint a l&#8217;alcalde socialista Mario S\u00e1nchez en el prioritari de la reparaci\u00f3 del carrer de Mira pel b\u00e9 dels ve\u00efns, perqu\u00e8 \u00e9s intolerable i injustificat una demora tan gran en la soluci\u00f3 d&#8217;aquest problema&#8221;, finalitzen.<\/p>\n","protected":false},"excerpt":{"rendered":"<div class=\"mh-excerpt\">Des del Partit de Requena i Llogarets (PRyA) ha recordat que fa mesos que des de la seua formaci\u00f3 porten &#8220;sol\u00b7licitant la reparaci\u00f3 del carrer de Mira, situada al costat del Centre de Salut de <a class=\"mh-excerpt-more\" href=\"https:\/\/tucomarca.whitekongsoftware.com\/ca\/el-prya-pregunta-en-el-ple-de-requena-per-la-reparacio-de-lenfonsament-del-carrer-de-mira\/\" title=\"El PRyA pregunta en el ple de Requena per la reparaci\u00f3 de l&#8217;enfonsament del carrer de Mira\">[+] <\/a><\/div>\n","protected":false},"author":1,"featured_media":149238,"comment_status":"open","ping_status":"open","sticky":false,"template":"","format":"standard","meta":{"footnotes":""},"categories":[10948,10894,10947,10908,10909,10896],"tags":[12796,10910],"class_list":["post-149254","post","type-post","status-publish","format-standard","has-post-thumbnail","category-infraestructuras-ca","category-la-comarca-ca","category-politica","category-requena-ca","category-requena-utiel-ca","category-seccion-ca","tag-prya-ca","tag-requena-utiel-ca"],"_links":{"self":[{"href":"https:\/\/tucomarca.whitekongsoftware.com\/ca\/wp-json\/wp\/v2\/posts\/149254","targetHints":{"allow":["GET"]}}],"collection":[{"href":"https:\/\/tucomarca.whitekongsoftware.com\/ca\/wp-json\/wp\/v2\/posts"}],"about":[{"href":"https:\/\/tucomarca.whitekongsoftware.com\/ca\/wp-json\/wp\/v2\/types\/post"}],"author":[{"embeddable":true,"href":"https:\/\/tucomarca.whitekongsoftware.com\/ca\/wp-json\/wp\/v2\/users\/1"}],"replies":[{"embeddable":true,"href":"https:\/\/tucomarca.whitekongsoftware.com\/ca\/wp-json\/wp\/v2\/comments?post=149254"}],"version-history":[{"count":0,"href":"https:\/\/tucomarca.whitekongsoftware.com\/ca\/wp-json\/wp\/v2\/posts\/149254\/revisions"}],"wp:featuredmedia":[{"embeddable":true,"href":"https:\/\/tucomarca.whitekongsoftware.com\/ca\/wp-json\/wp\/v2\/media\/149238"}],"wp:attachment":[{"href":"https:\/\/tucomarca.whitekongsoftware.com\/ca\/wp-json\/wp\/v2\/media?parent=149254"}],"wp:term":[{"taxonomy":"category","embeddable":true,"href":"https:\/\/tucomarca.whitekongsoftware.com\/ca\/wp-json\/wp\/v2\/categories?post=149254"},{"taxonomy":"post_tag","embeddable":true,"href":"https:\/\/tucomarca.whitekongsoftware.com\/ca\/wp-json\/wp\/v2\/tags?post=149254"}],"curies":[{"name":"wp","href":"https:\/\/api.w.org\/{rel}","templated":true}]}}