{"id":149207,"date":"2022-02-12T09:06:00","date_gmt":"2022-02-12T08:06:00","guid":{"rendered":"http:\/\/www.tucomarca.com\/wordpress\/segunda\/?p=149207"},"modified":"2022-02-15T12:17:22","modified_gmt":"2022-02-15T11:17:22","slug":"amic-ficcions-aconsegueix-una-participacio-historica-amb-4-493-alumnes-inscrits-mes-de-790-del-pais-valencia","status":"publish","type":"post","link":"https:\/\/tucomarca.whitekongsoftware.com\/ca\/amic-ficcions-aconsegueix-una-participacio-historica-amb-4-493-alumnes-inscrits-mes-de-790-del-pais-valencia\/","title":{"rendered":"AMIC-Ficcions aconsegueix una participaci\u00f3 hist\u00f3rica amb 4.493 alumnes inscrits, m\u00e9s de 790 del Pa\u00eds Valenci\u00e0"},"content":{"rendered":"\n<h4 class=\"wp-block-heading\">La participaci\u00f3 del Pa\u00eds Valenci\u00e0 ha augmentat un 50% respecte a l\u2019any passat<\/h4>\n\n\n\n<p class=\"wp-block-paragraph\">AMIC-Ficcions est\u00e0 de celebraci\u00f3. El concurs literari \u201cAMIC-Ficcions, l\u2019aventura de crear hist\u00f2ries\u201d ha arribat al seu r\u00e8cord de participaci\u00f3 amb un total de 4.493 alumnes registrats de 284 centres educatius de Catalunya, Illes Balears, Pa\u00eds Valenci\u00e0, Arag\u00f3 i Catalunya del Nord.<\/p>\n\n\n\n<p class=\"wp-block-paragraph\">Concretament, al Pa\u00eds Valenci\u00e0 participen un total de 793 alumnes inscrits de 53 centres educatius, augmentant la participaci\u00f3 un 50% respecte a l\u2019any passat. L\u2019IES Cayetano Sempere d\u2019Elx, per tercer any consecutiu, \u00e9s el centre m\u00e9s participatiu dels territoris de parla catalana amb un total de 324 inscrits.<\/p>\n\n\n\n<p class=\"wp-block-paragraph\">Alacant \u00e9s la prov\u00edncia del territori m\u00e9s participativa amb 462 joves de 15 instituts; seguida de Val\u00e8ncia amb 184 inscrits de 23 escoles, augmentant la participaci\u00f3 a la zona en un 309% i; per \u00faltim, Castell\u00f3 amb 147 registres de 15 centres docents diferents.<\/p>\n\n\n\n<p class=\"wp-block-paragraph\"><strong>Distribuci\u00f3 de la resta de participants<\/strong><\/p>\n\n\n\n<p class=\"wp-block-paragraph\">De Catalunya participen a AMIC-Ficcions un total de 3.102 joves, un 45 % m\u00e9s que l\u2019any passat. Si ho desglossem per demarcacions; Barcelona, continua sent la zona on m\u00e9s estudiants participen, arribant als 2.180; seguit de Girona amb 546; Lleida amb 208 i Tarragona amb 168.<\/p>\n\n\n\n<p class=\"wp-block-paragraph\">A les Illes Balears, 463 nois i noies s\u2019han inscrit en el concurs, doblant la participaci\u00f3 respecte a la 13a edici\u00f3. L\u2019illa amb m\u00e9s participaci\u00f3 \u00e9s Eivissa amb 204 alumnes, seguida de Mallorca amb 136 i Menorca amb 123.<\/p>\n\n\n\n<p class=\"wp-block-paragraph\">Tamb\u00e9, s\u2019han unit al concurs literari 110 alumnes d\u2019Arag\u00f3: 77 estudiants d\u2019Osca i 33 de Terol, consolidant la pres\u00e8ncia d\u2019estudiants d\u2019aquesta comunitat aut\u00f2noma al concurs. Sobretot, cal destacar el gran increment en la participaci\u00f3 d \u0301estudiants de la Catalunya del Nord enguany, amb 25 alumnes inscrits en la 14a edici\u00f3 de dos instituts diferents.<\/p>\n\n\n\n<p class=\"wp-block-paragraph\">Les inscripcions per participar en el certamen de creaci\u00f3 liter\u00e0ria es van activar el passat 4 d\u2019octubre i s\u2019han tancat el 7 de febrer amb m\u00e9s de 1.775 hist\u00f2ries publicades. A trav\u00e9s de la p\u00e0gina web www.ficcions.cat qualsevol usuari pot llegir els cap\u00edtols que van publicant els joves participants.<\/p>\n\n\n\n<p class=\"wp-block-paragraph\"><strong>El funcionament<\/strong><\/p>\n\n\n\n<p class=\"wp-block-paragraph\">El concurs \u201cAMIC-Ficcions, l\u2019aventura de crear hist\u00f2ries\u201d est\u00e0 enfocat a alumnes de 14 a 18 anys que cursin 2n cicle d\u2019ESO, Batxillerat o Cicles Formatius de Grau Mitj\u00e0. L\u2019objectiu principal d\u2019aquesta iniciativa, creada per l\u2019Associaci\u00f3 de Mitjans d\u2019Informaci\u00f3 i Comunicaci\u00f3 (AMIC), busca impulsar la creaci\u00f3 liter\u00e0ria i el treball en equip dels estudiants. Aix\u00ed com fomentar l\u2019escriptura i la literatura en catal\u00e0.<\/p>\n\n\n\n<p class=\"wp-block-paragraph\">Prenent cinc inicis de novel\u00b7la: La mem\u00f2ria de l\u2019arbre de Tina Vall\u00e8s, Els desperfectes d\u2019Irene Pujadas, Com ll\u00e0grimes en la pluja de Jordi Sierra i Fabra, Asf\u00edxia de Chuck Palahniuk i La filla del rei d&#8217;Hongria (autor an\u00f2nim); els participants han d\u2019escriure un relat dividit en tres cap\u00edtols i penjar-los a trav\u00e9s del web del concurs seguint el calendari d\u2019entrega. Els alumnes podran participar tant individualment com en grup de fins a tres persones.<\/p>\n\n\n\n<p class=\"wp-block-paragraph\"><strong>Jurat, premis i gran final<\/strong><\/p>\n\n\n\n<p class=\"wp-block-paragraph\">Un jurat format per persones vinculades al m\u00f3n de la literatura i l\u2019educaci\u00f3 ser\u00e0 l\u2019encarregat d\u2019escollir els guanyadors i els finalistes. Es valorar\u00e0 la qualitat liter\u00e0ria dels textos, la coher\u00e8ncia argumental i l\u2019originalitat de les hist\u00f2ries. La segona quinzena del mes d\u2019abril es publicaran els noms dels finalistes, i durant el mes de maig es far\u00e0 l\u2019entrega de premis i diplomes en diversos actes arreu dels territoris de parla catalana.<\/p>\n\n\n\n<p class=\"wp-block-paragraph\">Els premis de l\u2019edici\u00f3 d\u2019enguany s\u00f3n: iPhone, PlayStation, iPad, Smartphone i auriculars sense fils. Tamb\u00e9 es premiaran als professors m\u00e9s motivadors dels diferents territoris que m\u00e9s alumnes hagin presentat al concurs i, entre els quals, m\u00e9s relats hagin arribat a la final. Entre els premis al professorat per prov\u00edncies sortir\u00e0 el Premi al Professor m\u00e9s motivador de cada territori, el qual estar\u00e0 guardonat amb una estada per a dues persones de dos dies amb sopar o esmorzar incl\u00f2s.<\/p>\n\n\n\n<p class=\"wp-block-paragraph\"><strong>Anteriors edicions<\/strong><\/p>\n\n\n\n<p class=\"wp-block-paragraph\">En la darrera edici\u00f3 van participar-hi m\u00e9s de 2.970 estudiants de segon cicle d\u2019ESO, Batxillerat i CFGM de Catalunya, Illes Balears i Pa\u00eds Valenci\u00e0, Andorra, Arag\u00f3 i Catalunya del Nord, provinents de 223 centres educatius diferents.<\/p>\n\n\n\n<p class=\"wp-block-paragraph\"><strong>Organitza AMIC, comprom\u00eds amb l\u2019educaci\u00f3<\/strong><\/p>\n\n\n\n<p class=\"wp-block-paragraph\">L\u2019AMIC, Associaci\u00f3 de Mitjans d\u2019Informaci\u00f3 i Comunicaci\u00f3, representa a m\u00e9s de quatre- centes setanta publicacions en paper i digitals fortament arrelades arreu del nostre \u00e0mbit territorial, que conjuntament arriben a una tirada en premsa escrita en paper d\u20191.200.000 exemplars, mentre que en digital superen els 14.000.000 d\u2019usuaris \u00fanics mensuals.<\/p>\n\n\n\n<p class=\"wp-block-paragraph\">L\u2019Associaci\u00f3 vol donar continu\u00eftat i potenciar aquesta iniciativa a la xarxa que compta amb un gran \u00e8xit de participaci\u00f3 dels joves i que t\u00e9 la voluntat de promoure la creaci\u00f3 liter\u00e0ria, perqu\u00e8 forma part del seu comprom\u00eds amb l\u2019educaci\u00f3, la joventut i la creaci\u00f3.<\/p>\n","protected":false},"excerpt":{"rendered":"<div class=\"mh-excerpt\">La participaci\u00f3 del Pa\u00eds Valenci\u00e0 ha augmentat un 50% respecte a l\u2019any passat AMIC-Ficcions est\u00e0 de celebraci\u00f3. El concurs literari \u201cAMIC-Ficcions, l\u2019aventura de crear hist\u00f2ries\u201d ha arribat al seu r\u00e8cord de participaci\u00f3 amb un total <a class=\"mh-excerpt-more\" href=\"https:\/\/tucomarca.whitekongsoftware.com\/ca\/amic-ficcions-aconsegueix-una-participacio-historica-amb-4-493-alumnes-inscrits-mes-de-790-del-pais-valencia\/\" title=\"AMIC-Ficcions aconsegueix una participaci\u00f3 hist\u00f3rica amb 4.493 alumnes inscrits, m\u00e9s de 790 del Pa\u00eds Valenci\u00e0\">[+] <\/a><\/div>\n","protected":false},"author":12,"featured_media":149203,"comment_status":"open","ping_status":"open","sticky":false,"template":"","format":"standard","meta":{"footnotes":""},"categories":[10894,10904,11007,10896],"tags":[16381,13092],"class_list":["post-149207","post","type-post","status-publish","format-standard","has-post-thumbnail","category-la-comarca-ca","category-sin-categorizar-ca","category-ocio-y-cultura-ca","category-seccion-ca","tag-amic-ca","tag-amic-ficcions-ca"],"_links":{"self":[{"href":"https:\/\/tucomarca.whitekongsoftware.com\/ca\/wp-json\/wp\/v2\/posts\/149207","targetHints":{"allow":["GET"]}}],"collection":[{"href":"https:\/\/tucomarca.whitekongsoftware.com\/ca\/wp-json\/wp\/v2\/posts"}],"about":[{"href":"https:\/\/tucomarca.whitekongsoftware.com\/ca\/wp-json\/wp\/v2\/types\/post"}],"author":[{"embeddable":true,"href":"https:\/\/tucomarca.whitekongsoftware.com\/ca\/wp-json\/wp\/v2\/users\/12"}],"replies":[{"embeddable":true,"href":"https:\/\/tucomarca.whitekongsoftware.com\/ca\/wp-json\/wp\/v2\/comments?post=149207"}],"version-history":[{"count":0,"href":"https:\/\/tucomarca.whitekongsoftware.com\/ca\/wp-json\/wp\/v2\/posts\/149207\/revisions"}],"wp:featuredmedia":[{"embeddable":true,"href":"https:\/\/tucomarca.whitekongsoftware.com\/ca\/wp-json\/wp\/v2\/media\/149203"}],"wp:attachment":[{"href":"https:\/\/tucomarca.whitekongsoftware.com\/ca\/wp-json\/wp\/v2\/media?parent=149207"}],"wp:term":[{"taxonomy":"category","embeddable":true,"href":"https:\/\/tucomarca.whitekongsoftware.com\/ca\/wp-json\/wp\/v2\/categories?post=149207"},{"taxonomy":"post_tag","embeddable":true,"href":"https:\/\/tucomarca.whitekongsoftware.com\/ca\/wp-json\/wp\/v2\/tags?post=149207"}],"curies":[{"name":"wp","href":"https:\/\/api.w.org\/{rel}","templated":true}]}}