{"id":149107,"date":"2022-02-10T14:30:00","date_gmt":"2022-02-10T13:30:00","guid":{"rendered":"http:\/\/www.tucomarca.com\/wordpress\/segunda\/?p=149107"},"modified":"2022-02-14T13:03:54","modified_gmt":"2022-02-14T12:03:54","slug":"la-diputacio-duplica-les-ajudes-a-totes-les-comissions-falleres-de-la-provincia","status":"publish","type":"post","link":"https:\/\/tucomarca.whitekongsoftware.com\/ca\/la-diputacio-duplica-les-ajudes-a-totes-les-comissions-falleres-de-la-provincia\/","title":{"rendered":"La Diputaci\u00f3 duplica les ajudes a totes les comissions falleres de la prov\u00edncia"},"content":{"rendered":"\n<h4 class=\"wp-block-heading\"><strong><strong>Cada comissi\u00f3 rebr\u00e0 500 euros, per a una assignaci\u00f3 global de 450.000 euros destinada a un sector especialment colpejat per la crisi sanit\u00e0ria i que comptar\u00e0 tamb\u00e9 amb ajudes per a artistes fallers, floristes, indumentaristes i pirot\u00e8cnia<\/strong><\/strong><\/h4>\n\n\n\n<h4 class=\"wp-block-heading\"><strong><strong>La convocat\u00f2ria es publicar\u00e0 pr\u00f2ximament al BOP i des d\u2019aleshores, les comissions disposaran de 30 dies per a sol\u00b7licitar l&#8217;ajuda per a despeses relacionades amb l&#8217;activitat fallera<\/strong><\/strong><\/h4>\n\n\n\n<p class=\"wp-block-paragraph\">La Diputaci\u00f3 de Val\u00e8ncia ha duplicat les ajudes destinades al vora un miler de comissions falleres de Val\u00e8ncia i municipis de la prov\u00edncia, amb una l\u00ednia d&#8217;inversi\u00f3 que ha passat dels 230.000 euros de l&#8217;any passat als 450.000 corresponents a este exercici.<\/p>\n\n\n\n<p class=\"wp-block-paragraph\">Les ajudes, que ascendeixen a 500 per a cadascuna de les comissions de la provincia, han sigut acordades amb els representants del col\u00b7lectiu faller, que van traslladar al president Toni Gaspar la necessitat de comptar amb revulsius que ajuden a recuperar la normalitat pr\u00e8via a la crisi sanit\u00e0ria, despr\u00e9s de dos anys de pand\u00e8mia i cancel\u00b7laci\u00f3 d&#8217;actes festius.<\/p>\n\n\n\n<p class=\"wp-block-paragraph\">La Diputaci\u00f3 est\u00e0 perfilant ja les dates per a la tradicional recepci\u00f3 fallera en la Pla\u00e7a de Manises, en la qual estaran convidades totes les comissions de la prov\u00edncia. L&#8217;assist\u00e8ncia de les agrupacions a esta trobada ser\u00e0 volunt\u00e0ria, i no ser\u00e0 necess\u00e0ria la recollida de l&#8217;estendard per a accedir a la subvenci\u00f3.<\/p>\n\n\n\n<p class=\"wp-block-paragraph\">Aix\u00ed, per a accedir a la subvenci\u00f3, que es podr\u00e0 destinar a despeses relacionades amb l&#8217;activitat fallera, les comissions hauran d&#8217;esperar a la publicaci\u00f3 de les ajudes al BOP, la publicaci\u00f3 de les quals est\u00e0 prevista per als pr\u00f2xims dies. Des d\u2019aleshores disposaran de 30 dies per a sol\u00b7licitar els 500 euros assignats, sent compatibles amb qualsevol altra l\u00ednia de subvencions procedent d&#8217;entitats p\u00fabliques o privades.<\/p>\n\n\n\n<p class=\"wp-block-paragraph\">Esta l\u00ednia d&#8217;inversi\u00f3 s&#8217;emmarca en l&#8217;aportaci\u00f3 global que la Diputaci\u00f3 ha destinat per a la reactivaci\u00f3 del sector faller, que en 2021 va ascendir a m\u00e9s d&#8217;un mili\u00f3 d&#8217;euros.<\/p>\n\n\n\n<p class=\"wp-block-paragraph\">D&#8217;esta manera, a m\u00e9s de les ajudes a les comissions falleres, es posaran en marxa subvencions dirigides a altres actors del sector, com artistes fallers, pirot\u00e8cnia, <em>Asociaci\u00f3n Nacional de Floristas<\/em> y el Gremi Artes\u00e0 de Sastres i Modistes.<\/p>\n","protected":false},"excerpt":{"rendered":"<div class=\"mh-excerpt\">Cada comissi\u00f3 rebr\u00e0 500 euros, per a una assignaci\u00f3 global de 450.000 euros destinada a un sector especialment colpejat per la crisi sanit\u00e0ria i que comptar\u00e0 tamb\u00e9 amb ajudes per a artistes fallers, floristes, indumentaristes <a class=\"mh-excerpt-more\" href=\"https:\/\/tucomarca.whitekongsoftware.com\/ca\/la-diputacio-duplica-les-ajudes-a-totes-les-comissions-falleres-de-la-provincia\/\" title=\"La Diputaci\u00f3 duplica les ajudes a totes les comissions falleres de la prov\u00edncia\">[+] <\/a><\/div>\n","protected":false},"author":1,"featured_media":83075,"comment_status":"open","ping_status":"open","sticky":false,"template":"","format":"standard","meta":{"footnotes":""},"categories":[10890,11019,10951,10892,11046,10898,10948,10963,10894,10904,10912,10902,11004,11007,11008,10947,10909,10896],"tags":[11246,11499,16351,11500],"class_list":["post-149107","post","type-post","status-publish","format-standard","has-post-thumbnail","category-ademus","category-agenda-ca","category-ayora-cofrentes-ca","category-camp-de-turia-ca","category-los-serranos-ca","category-ventana-ca","category-infraestructuras-ca","category-la-canal-de-navarres-ca","category-la-comarca-ca","category-sin-categorizar-ca","category-la-hoya-ca","category-la-ribera-ca","category-la-semana-en-imagenes-ca","category-ocio-y-cultura-ca","category-pueblos-en-fiestas-ca","category-politica","category-requena-utiel-ca","category-seccion-ca","tag-diputacio-de-valencia-ca","tag-fallas-ca","tag-fallas-2022-ca","tag-falles-ca"],"_links":{"self":[{"href":"https:\/\/tucomarca.whitekongsoftware.com\/ca\/wp-json\/wp\/v2\/posts\/149107","targetHints":{"allow":["GET"]}}],"collection":[{"href":"https:\/\/tucomarca.whitekongsoftware.com\/ca\/wp-json\/wp\/v2\/posts"}],"about":[{"href":"https:\/\/tucomarca.whitekongsoftware.com\/ca\/wp-json\/wp\/v2\/types\/post"}],"author":[{"embeddable":true,"href":"https:\/\/tucomarca.whitekongsoftware.com\/ca\/wp-json\/wp\/v2\/users\/1"}],"replies":[{"embeddable":true,"href":"https:\/\/tucomarca.whitekongsoftware.com\/ca\/wp-json\/wp\/v2\/comments?post=149107"}],"version-history":[{"count":0,"href":"https:\/\/tucomarca.whitekongsoftware.com\/ca\/wp-json\/wp\/v2\/posts\/149107\/revisions"}],"wp:featuredmedia":[{"embeddable":true,"href":"https:\/\/tucomarca.whitekongsoftware.com\/ca\/wp-json\/wp\/v2\/media\/83075"}],"wp:attachment":[{"href":"https:\/\/tucomarca.whitekongsoftware.com\/ca\/wp-json\/wp\/v2\/media?parent=149107"}],"wp:term":[{"taxonomy":"category","embeddable":true,"href":"https:\/\/tucomarca.whitekongsoftware.com\/ca\/wp-json\/wp\/v2\/categories?post=149107"},{"taxonomy":"post_tag","embeddable":true,"href":"https:\/\/tucomarca.whitekongsoftware.com\/ca\/wp-json\/wp\/v2\/tags?post=149107"}],"curies":[{"name":"wp","href":"https:\/\/api.w.org\/{rel}","templated":true}]}}