{"id":148985,"date":"2022-02-10T16:25:00","date_gmt":"2022-02-10T15:25:00","guid":{"rendered":"http:\/\/www.tucomarca.com\/wordpress\/segunda\/?p=148985"},"modified":"2022-02-14T17:52:16","modified_gmt":"2022-02-14T16:52:16","slug":"ciutadans-constreny-al-consell-a-desenvolupar-el-projecte-del-centre-despecialitats-de-bunyol-xiva","status":"publish","type":"post","link":"https:\/\/tucomarca.whitekongsoftware.com\/ca\/ciutadans-constreny-al-consell-a-desenvolupar-el-projecte-del-centre-despecialitats-de-bunyol-xiva\/","title":{"rendered":"Ciutadans constreny al Consell a desenvolupar el projecte del centre d&#8217;especialitats de Bunyol-Xiva"},"content":{"rendered":"\n<h4 class=\"wp-block-heading\">Fernando Llopis: \u201cEl tripartit continua construint castells en l&#8217;aire en comptes dels centres sanitaris que promet\u201d<\/h4>\n\n\n\n<p class=\"wp-block-paragraph\">El portaveu de Sanitat de Ciutadans (Cs) en Les Corts valencianes,&nbsp;Fernando Llopis, ha exigit al Consell que desenvolupe el projecte del centre d&#8217;especialitats de Bunyol-Xiva i ha denunciat que \u201cel tripartit continua construint castells en l&#8217;aire en comptes dels centres sanitaris que promet\u201d.<\/p>\n\n\n\n<p class=\"wp-block-paragraph\">Llopis ha visitat al costat de la regidora de Cs a l&#8217;Ajuntament de Xiva, Amparo Lapuente, i representants de l&#8217;associaci\u00f3 pro-hospital de la Foia de Bunyol els terrenys on \u201cen teoria\u201d anava a anar situat el futur centred&#8217;especialitats per a \u201ccomprovar que tot segueix igual que fa mesos, sense cap moviment sobre aquest tema\u201d. Per aix\u00f2, el diputat ha avan\u00e7at que \u201cCs ha presentat diverses iniciatives per a con\u00e9ixer si s&#8217;ha iniciat el desenvolupament del projecte de construcci\u00f3 i en el cas que no haja sigut aix\u00ed, com sembla, constr\u00e9nyer al fet que s&#8217;inicie amb urg\u00e8ncia\u201d.<\/p>\n\n\n\n<p class=\"wp-block-paragraph\">\u201cLa manca de dotacions sanit\u00e0ries a la comarca \u00e9s notable i fins i tot ha sigut confirmada per un informe de la Sindicatura de Greuges\u201d, ha explicat Llopis, al mateix temps que ha considerat que \u201c\u00e9s necessari incrementar el nombre d&#8217;especialitats sanit\u00e0ries i de realitzaci\u00f3 de proves diagn\u00f2stiques a la comarca per a evitar molts dels llargs despla\u00e7aments que han de realitzar els ciutadans de la zona\u201d.<\/p>\n\n\n\n<p class=\"wp-block-paragraph\">\u201cPer\u00f2 el tripartit d&#8217;esquerres continua prometent accions, construint castells en l&#8217;aire que embenen als alcaldes dels pobles afectats, per\u00f2 l&#8217;\u00fanica realitat \u00e9s quetot segueix igual que en 2016 quan es va aprovar per unanimitat una proposta en Les Corts per a la construcci\u00f3 d&#8217;aquest centre\u201d, ha afegit. Llopis ha insistit en \u201cla urg\u00e8ncia\u201d de la construcci\u00f3 del centre i ha assenyalat que \u201cdonada la situaci\u00f3 actual, no hauria de demorar-se ni un dia m\u00e9s\u201d.<\/p>\n","protected":false},"excerpt":{"rendered":"<div class=\"mh-excerpt\">Fernando Llopis: \u201cEl tripartit continua construint castells en l&#8217;aire en comptes dels centres sanitaris que promet\u201d El portaveu de Sanitat de Ciutadans (Cs) en Les Corts valencianes,&nbsp;Fernando Llopis, ha exigit al Consell que desenvolupe el <a class=\"mh-excerpt-more\" href=\"https:\/\/tucomarca.whitekongsoftware.com\/ca\/ciutadans-constreny-al-consell-a-desenvolupar-el-projecte-del-centre-despecialitats-de-bunyol-xiva\/\" title=\"Ciutadans constreny al Consell a desenvolupar el projecte del centre d&#8217;especialitats de Bunyol-Xiva\">[+] <\/a><\/div>\n","protected":false},"author":1,"featured_media":148983,"comment_status":"open","ping_status":"open","sticky":false,"template":"","format":"standard","meta":{"footnotes":""},"categories":[10973,10911,11010,10977,10980,10948,10894,10904,10978,10947,10896,10974,10975],"tags":[11619,15376,11358,10914,11392],"class_list":["post-148985","post","type-post","status-publish","format-standard","has-post-thumbnail","category-alborache-ca","category-bunol-ca","category-canal-salud","category-godelleta-ca","category-yatova-ca","category-infraestructuras-ca","category-la-comarca-ca","category-sin-categorizar-ca","category-macastre-ca","category-politica","category-seccion-ca","category-cheste-ca","category-chiva-ca","tag-ciudadanos-ca","tag-ciudadanos-chiva-ca","tag-hospital-comarcal-ca","tag-la-hoya-de-bunol-chiva-ca","tag-plataforma-pro-hospital-comarcal-ca"],"_links":{"self":[{"href":"https:\/\/tucomarca.whitekongsoftware.com\/ca\/wp-json\/wp\/v2\/posts\/148985","targetHints":{"allow":["GET"]}}],"collection":[{"href":"https:\/\/tucomarca.whitekongsoftware.com\/ca\/wp-json\/wp\/v2\/posts"}],"about":[{"href":"https:\/\/tucomarca.whitekongsoftware.com\/ca\/wp-json\/wp\/v2\/types\/post"}],"author":[{"embeddable":true,"href":"https:\/\/tucomarca.whitekongsoftware.com\/ca\/wp-json\/wp\/v2\/users\/1"}],"replies":[{"embeddable":true,"href":"https:\/\/tucomarca.whitekongsoftware.com\/ca\/wp-json\/wp\/v2\/comments?post=148985"}],"version-history":[{"count":0,"href":"https:\/\/tucomarca.whitekongsoftware.com\/ca\/wp-json\/wp\/v2\/posts\/148985\/revisions"}],"wp:featuredmedia":[{"embeddable":true,"href":"https:\/\/tucomarca.whitekongsoftware.com\/ca\/wp-json\/wp\/v2\/media\/148983"}],"wp:attachment":[{"href":"https:\/\/tucomarca.whitekongsoftware.com\/ca\/wp-json\/wp\/v2\/media?parent=148985"}],"wp:term":[{"taxonomy":"category","embeddable":true,"href":"https:\/\/tucomarca.whitekongsoftware.com\/ca\/wp-json\/wp\/v2\/categories?post=148985"},{"taxonomy":"post_tag","embeddable":true,"href":"https:\/\/tucomarca.whitekongsoftware.com\/ca\/wp-json\/wp\/v2\/tags?post=148985"}],"curies":[{"name":"wp","href":"https:\/\/api.w.org\/{rel}","templated":true}]}}