{"id":148937,"date":"2022-02-10T12:00:00","date_gmt":"2022-02-10T11:00:00","guid":{"rendered":"http:\/\/www.tucomarca.com\/wordpress\/segunda\/?p=148937"},"modified":"2022-02-10T12:30:34","modified_gmt":"2022-02-10T11:30:34","slug":"elena-perez-sanz-formalitza-la-seva-candidatura-a-la-secretaria-comarcal-del-pspv-psoe-de-la-foia","status":"publish","type":"post","link":"https:\/\/tucomarca.whitekongsoftware.com\/ca\/elena-perez-sanz-formalitza-la-seva-candidatura-a-la-secretaria-comarcal-del-pspv-psoe-de-la-foia\/","title":{"rendered":"Elena P\u00e9rez Sanz formalitza la seua candidatura a la secretaria comarcal del PSPV-PSOE de la Foia"},"content":{"rendered":"\n<figure class=\"wp-block-image size-large\"><img loading=\"lazy\" decoding=\"async\" width=\"791\" height=\"1024\" src=\"http:\/\/www.tucomarca.com\/wordpress\/segunda\/wp-content\/uploads\/2022\/02\/ElenaPerezSanz-791x1024.jpg\" alt=\"\" class=\"wp-image-148932\" srcset=\"https:\/\/tucomarca.whitekongsoftware.com\/wp-content\/uploads\/2022\/02\/ElenaPerezSanz-791x1024.jpg 791w, https:\/\/tucomarca.whitekongsoftware.com\/wp-content\/uploads\/2022\/02\/ElenaPerezSanz-232x300.jpg 232w, https:\/\/tucomarca.whitekongsoftware.com\/wp-content\/uploads\/2022\/02\/ElenaPerezSanz-768x995.jpg 768w, https:\/\/tucomarca.whitekongsoftware.com\/wp-content\/uploads\/2022\/02\/ElenaPerezSanz.jpg 1013w\" sizes=\"auto, (max-width: 791px) 100vw, 791px\" \/><\/figure>\n\n\n\n<p class=\"wp-block-paragraph\">Elena P\u00e9rez Sanz, militant de l&#8217;Agrupaci\u00f3 socialista d&#8217;I\u00e0tova i membre de l&#8217;actual Comissi\u00f3 Executiva Comarcal, ha formalitzat davant la comissi\u00f3 d&#8217;\u00e8tica i garanties del PSPV la seua voluntat de liderar a les i els socialistes de la comarca de la Foia de Bunyol-Xiva aquest dimecres a la tarda, segons han informat fonts de la formaci\u00f3.<\/p>\n\n\n\n<p class=\"wp-block-paragraph\">&#8220;A partir d&#8217;aquest moment comen\u00e7a el proc\u00e9s amb la recollida i presentaci\u00f3 d&#8217;avals. Despr\u00e9s de la validaci\u00f3 d&#8217;aquests, ser\u00e0 proclamada oficialment candidata. Amb aquest acte es dona principi a una ronda de comunicaci\u00f3 i dialogo amb els i les militants de totes les agrupacions d&#8217;aquesta comarca, tant per a recollir les seves inquietuds com per a recaptar suports. Aquest proc\u00e9s culminar\u00e0 amb la jornada de votaci\u00f3 el pr\u00f2xim 27 de Febrer\u201d, han finalitzat des del PSOE.<\/p>\n","protected":false},"excerpt":{"rendered":"<div class=\"mh-excerpt\">Elena P\u00e9rez Sanz, militant de l&#8217;Agrupaci\u00f3 socialista d&#8217;I\u00e0tova i membre de l&#8217;actual Comissi\u00f3 Executiva Comarcal, ha formalitzat davant la comissi\u00f3 d&#8217;\u00e8tica i garanties del PSPV la seua voluntat de liderar a les i els socialistes <a class=\"mh-excerpt-more\" href=\"https:\/\/tucomarca.whitekongsoftware.com\/ca\/elena-perez-sanz-formalitza-la-seva-candidatura-a-la-secretaria-comarcal-del-pspv-psoe-de-la-foia\/\" title=\"Elena P\u00e9rez Sanz formalitza la seua candidatura a la secretaria comarcal del PSPV-PSOE de la Foia\">[+] <\/a><\/div>\n","protected":false},"author":1,"featured_media":148932,"comment_status":"open","ping_status":"open","sticky":false,"template":"","format":"standard","meta":{"footnotes":""},"categories":[10973,10911,10976,10977,10980,10948,10894,10912,10978,10947,10896,10979,10974,10975],"tags":[10914,11319,16367,11141],"class_list":["post-148937","post","type-post","status-publish","format-standard","has-post-thumbnail","category-alborache-ca","category-bunol-ca","category-dos-aguas-ca","category-godelleta-ca","category-yatova-ca","category-infraestructuras-ca","category-la-comarca-ca","category-la-hoya-ca","category-macastre-ca","category-politica","category-seccion-ca","category-siete-aguas-ca","category-cheste-ca","category-chiva-ca","tag-la-hoya-de-bunol-chiva-ca","tag-pspv-psoe-ca","tag-socialistas-de-la-hoya-de-bunol-chiva-ca","tag-yatova-ca"],"_links":{"self":[{"href":"https:\/\/tucomarca.whitekongsoftware.com\/ca\/wp-json\/wp\/v2\/posts\/148937","targetHints":{"allow":["GET"]}}],"collection":[{"href":"https:\/\/tucomarca.whitekongsoftware.com\/ca\/wp-json\/wp\/v2\/posts"}],"about":[{"href":"https:\/\/tucomarca.whitekongsoftware.com\/ca\/wp-json\/wp\/v2\/types\/post"}],"author":[{"embeddable":true,"href":"https:\/\/tucomarca.whitekongsoftware.com\/ca\/wp-json\/wp\/v2\/users\/1"}],"replies":[{"embeddable":true,"href":"https:\/\/tucomarca.whitekongsoftware.com\/ca\/wp-json\/wp\/v2\/comments?post=148937"}],"version-history":[{"count":0,"href":"https:\/\/tucomarca.whitekongsoftware.com\/ca\/wp-json\/wp\/v2\/posts\/148937\/revisions"}],"wp:featuredmedia":[{"embeddable":true,"href":"https:\/\/tucomarca.whitekongsoftware.com\/ca\/wp-json\/wp\/v2\/media\/148932"}],"wp:attachment":[{"href":"https:\/\/tucomarca.whitekongsoftware.com\/ca\/wp-json\/wp\/v2\/media?parent=148937"}],"wp:term":[{"taxonomy":"category","embeddable":true,"href":"https:\/\/tucomarca.whitekongsoftware.com\/ca\/wp-json\/wp\/v2\/categories?post=148937"},{"taxonomy":"post_tag","embeddable":true,"href":"https:\/\/tucomarca.whitekongsoftware.com\/ca\/wp-json\/wp\/v2\/tags?post=148937"}],"curies":[{"name":"wp","href":"https:\/\/api.w.org\/{rel}","templated":true}]}}