{"id":148872,"date":"2022-02-09T14:15:00","date_gmt":"2022-02-09T13:15:00","guid":{"rendered":"http:\/\/www.tucomarca.com\/wordpress\/segunda\/?p=148872"},"modified":"2022-02-09T14:24:17","modified_gmt":"2022-02-09T13:24:17","slug":"lajuntament-de-bunyol-sollicita-la-participacio-ciutadana-en-lenquesta-en-linia-que-preten-millorar-els-problemes-de-mobilitat-del-municipi","status":"publish","type":"post","link":"https:\/\/tucomarca.whitekongsoftware.com\/ca\/lajuntament-de-bunyol-sollicita-la-participacio-ciutadana-en-lenquesta-en-linia-que-preten-millorar-els-problemes-de-mobilitat-del-municipi\/","title":{"rendered":"L&#8217;Ajuntament de Bunyol sol\u00b7licita la participaci\u00f3 ciutadana en l&#8217;enquesta en l\u00ednia que pret\u00e9n millorar els problemes de mobilitat del municipi"},"content":{"rendered":"\n<p class=\"wp-block-paragraph\">La Regidoria d&#8217;Urbanisme de l&#8217;Ajuntament de Bunyol informa de l&#8217;arrencada del Pla de Mobilitat Urbano Sostenible (PMUS), que tracta de regular tots els assumptes relacionats amb el vianant, i tot tipus de vehicles en el nucli urb\u00e0. Rafa P\u00e9rez, regidor d&#8217;aquesta \u00e0rea en el Consistori bunyolense, confirmava que aquest era un pla prioritari en aquesta legislatura, que acompanyat del Pla Urb\u00e0 d&#8217;Actuaci\u00f3 Municipal (PUAM) que ja es va aprovar en el passat ple, tracta d&#8217;ordenar el municipi a llarg termini en assumptes del dia a dia de tots els ve\u00efns i visitants.<br>P\u00e9rez confirma que en aquests moments s&#8217;est\u00e0 en el proc\u00e9s de redacci\u00f3 d&#8217;aquest pla, amb el diagn\u00f2stic de la situaci\u00f3 de la mobilitat en el municipi: \u201cPer a aix\u00f2 estem mantenint reunions amb persones sensibles i preocupades per millorar la mobilitat, com s\u00f3n aquells ve\u00efns que compten amb mobilitat redu\u00efda i necessiten tenir un poble el m\u00e9s accessible possible\u201d, assenyala l&#8217;edil bunyolense i Tinent d&#8217;Alcalde de l&#8217;Ajuntament de Bunyol.<br>El Pla de Mobilitat Urbana Sostenible de Bunyol pret\u00e9n la identificaci\u00f3 de les necessitats existents i els objectius generals a establir de cara a planificar, programar i coordinar aquelles actuacions que afectin la mobilitat del municipi tenint en compte diversos punts: assegurar i potenciar que el vianant continu\u00ef sent el principal protagonista de la mobilitat a la ciutat; consolidar i afavorir l&#8217;expansi\u00f3 de la bicicleta com a manera de transport general i quotidi\u00e0 dels ciutadans; revisar i redefinir una jerarquia vi\u00e0ria en la poblaci\u00f3 que permeti una millor ordenaci\u00f3 dels fluxos de tr\u00e0nsit per aquesta, de manera que el centre deixi de ser un itinerari de pas i recuperi el seu car\u00e0cter de punt de trobada essencial de la ciutat i els ciutadans; organitzar l&#8217;espai destinat a l&#8217;estacionament en superf\u00edcie; afavorir la descarbonitzaci\u00f3 del sistema de transport; fer de la dissuasi\u00f3 i la prevenci\u00f3 la base de la disciplina circulat\u00f2ria a la ciutat; millorar la seguretat vi\u00e0ria i la conviv\u00e8ncia pac\u00edfica entre tots els usuaris de la via; aconseguir una ciutat accessible per a tots els ciutadans i millorar la gesti\u00f3 de la mobilitat.<br>En definitiva, el Pla de Mobilitat Urbana Sostenible (PMUS) busca donar fonamental import\u00e0ncia a la participaci\u00f3 ciutadana, entesa com la principal eina perqu\u00e8 s&#8217;incorporin les inquietuds, necessitats i visi\u00f3 en general dels habitants del municipi en les diferents fases del pla. Per a aix\u00f2, dins del PMUS es defineix el Pla de Participaci\u00f3 Ciutadana (PPC), la funci\u00f3 espec\u00edfica del qual \u00e9s estructurar el di\u00e0leg amb la ciutadania, el qual \u00e9s clau per a detectar problemes que afligeixen als ve\u00efns, definir el model futur de municipi desitjat i prioritzar actuacions a realitzar. Complint aix\u00ed amb l&#8217;objectiu d&#8217;introduir la participaci\u00f3 p\u00fablica i la implicaci\u00f3 dels agents locals en el proc\u00e9s de planificaci\u00f3 de desenvolupament urb\u00e0 i disseny municipal de futur. S&#8217;estan realitzant ja diverses activitats com les entrevistes i reunions amb els principals agents, per\u00f2 tamb\u00e9 el ciutad\u00e0 pot accedir en la web de l&#8217;Ajuntament de Bunyol i realitzar l&#8217;enquesta en l\u00ednia totalment privada. Tots els que desitgin formar part d&#8217;aquest proc\u00e9s i aix\u00ed opinar sobre el Bunyol qu\u00e8 volem a tots els nivells, com l&#8217;aparcament, l&#8217;accessibilitat, recorreguts de l&#8217;Autob\u00fas Urb\u00e0 Municipal, carrils per a patinets o carrils bici, entre altres q\u00fcestions, han d&#8217;accedir a la web de l&#8217;Ajuntament de Bunyol.<br>Des que va arrencar aquest pla s&#8217;est\u00e0 comunicant constantment a la poblaci\u00f3 en general el desenvolupament d&#8217;aquest pla a trav\u00e9s dels canals dels quals disposi l&#8217;Ajuntament, com ara: p\u00e0gina web, xarxes socials (Facebook, Twitter, Instagram\u2026), aplicacions m\u00f2bils (APP), R\u00e0dio Bunyol Televisi\u00f3, les seues xarxes socials, el seu canal de difusi\u00f3 i el seu lloc web (radiotv.bu\u00f1ol.es) amb la finalitat que els habitants de Bunyol coneguin el proc\u00e9s d&#8217;elaboraci\u00f3 del PMUS i les activitats en les quals podran aportar les seves opinions. Una vegada redactat el document del PMUS, es programar\u00e0 una presentaci\u00f3 p\u00fablica d&#8217;aquest, pr\u00e8via suficient publicitat i convocat\u00f2ria a l&#8217;esdeveniment.<br>El regidor Rafa P\u00e9rez torna a incidir en la import\u00e0ncia que el poble participi en massa en aquesta acci\u00f3, \u201cque pret\u00e9n millorar el nostre municipi a llarg termini i millorar els problemes de mobilitat que tots puguem sofrir en el nostre dia a dia\u201d.<br>&#8220;No et quedes nom\u00e9s en la queixa, Bunyol participa, debat, i proposa solucions&#8221;, finalitzen des d&#8217;el consistorio..<\/p>\n","protected":false},"excerpt":{"rendered":"<div class=\"mh-excerpt\">La Regidoria d&#8217;Urbanisme de l&#8217;Ajuntament de Bunyol informa de l&#8217;arrencada del Pla de Mobilitat Urbano Sostenible (PMUS), que tracta de regular tots els assumptes relacionats amb el vianant, i tot tipus de vehicles en el <a class=\"mh-excerpt-more\" href=\"https:\/\/tucomarca.whitekongsoftware.com\/ca\/lajuntament-de-bunyol-sollicita-la-participacio-ciutadana-en-lenquesta-en-linia-que-preten-millorar-els-problemes-de-mobilitat-del-municipi\/\" title=\"L&#8217;Ajuntament de Bunyol sol\u00b7licita la participaci\u00f3 ciutadana en l&#8217;enquesta en l\u00ednia que pret\u00e9n millorar els problemes de mobilitat del municipi\">[+] <\/a><\/div>\n","protected":false},"author":1,"featured_media":148870,"comment_status":"open","ping_status":"open","sticky":false,"template":"","format":"standard","meta":{"footnotes":""},"categories":[10911,10948,10894,10912,10947,10896],"tags":[10913,10914,13736],"class_list":["post-148872","post","type-post","status-publish","format-standard","has-post-thumbnail","category-bunol-ca","category-infraestructuras-ca","category-la-comarca-ca","category-la-hoya-ca","category-politica","category-seccion-ca","tag-bunol-ca","tag-la-hoya-de-bunol-chiva-ca","tag-pmus-ca"],"_links":{"self":[{"href":"https:\/\/tucomarca.whitekongsoftware.com\/ca\/wp-json\/wp\/v2\/posts\/148872","targetHints":{"allow":["GET"]}}],"collection":[{"href":"https:\/\/tucomarca.whitekongsoftware.com\/ca\/wp-json\/wp\/v2\/posts"}],"about":[{"href":"https:\/\/tucomarca.whitekongsoftware.com\/ca\/wp-json\/wp\/v2\/types\/post"}],"author":[{"embeddable":true,"href":"https:\/\/tucomarca.whitekongsoftware.com\/ca\/wp-json\/wp\/v2\/users\/1"}],"replies":[{"embeddable":true,"href":"https:\/\/tucomarca.whitekongsoftware.com\/ca\/wp-json\/wp\/v2\/comments?post=148872"}],"version-history":[{"count":0,"href":"https:\/\/tucomarca.whitekongsoftware.com\/ca\/wp-json\/wp\/v2\/posts\/148872\/revisions"}],"wp:featuredmedia":[{"embeddable":true,"href":"https:\/\/tucomarca.whitekongsoftware.com\/ca\/wp-json\/wp\/v2\/media\/148870"}],"wp:attachment":[{"href":"https:\/\/tucomarca.whitekongsoftware.com\/ca\/wp-json\/wp\/v2\/media?parent=148872"}],"wp:term":[{"taxonomy":"category","embeddable":true,"href":"https:\/\/tucomarca.whitekongsoftware.com\/ca\/wp-json\/wp\/v2\/categories?post=148872"},{"taxonomy":"post_tag","embeddable":true,"href":"https:\/\/tucomarca.whitekongsoftware.com\/ca\/wp-json\/wp\/v2\/tags?post=148872"}],"curies":[{"name":"wp","href":"https:\/\/api.w.org\/{rel}","templated":true}]}}