{"id":148812,"date":"2022-02-08T16:55:00","date_gmt":"2022-02-08T15:55:00","guid":{"rendered":"http:\/\/www.tucomarca.com\/wordpress\/segunda\/?p=148812"},"modified":"2022-02-08T20:01:31","modified_gmt":"2022-02-08T19:01:31","slug":"lhospital-de-la-ribera-atribueix-a-la-major-afluencia-de-pacients-amb-patologia-respiratoria-greu-lincrement-de-lactivitat-en-urgencies-criticat-per-csif","status":"publish","type":"post","link":"https:\/\/tucomarca.whitekongsoftware.com\/ca\/lhospital-de-la-ribera-atribueix-a-la-major-afluencia-de-pacients-amb-patologia-respiratoria-greu-lincrement-de-lactivitat-en-urgencies-criticat-per-csif\/","title":{"rendered":"L&#8217;Hospital de la Ribera atribueix &#8220;a la major aflu\u00e8ncia de pacients amb patologia respirat\u00f2ria greu&#8221; l&#8217;increment de l&#8217;activitat en Urg\u00e8ncies criticat per CSIF"},"content":{"rendered":"\n<p class=\"wp-block-paragraph\">Des del Departament de Salut de la Ribera han volgut contestar a les acusacions realitzades aquest dimarts des del sindicat CSIF, entitat des de la qual han denunciat &#8220;la saturaci\u00f3 que s&#8217;est\u00e0 produint en el servei d&#8217;Urg\u00e8ncies de l&#8217;hospital d&#8217;Alzira, en el departament de salut de la Ribera&#8221;. La central sindical ha assegurat &#8220;que la decisi\u00f3 de tancar la zona creada per a atendre urg\u00e8ncies respirat\u00f2ries ha provocat que aquest mat\u00ed hi hagu\u00e9s 29 pacients a l&#8217;espera de llit&#8221;.<\/p>\n\n\n\n<p class=\"wp-block-paragraph\">Des de la Direcci\u00f3 de l&#8217;Hospital Universitari de la Ribera han explicat &#8220;que en els \u00faltims dies s&#8217;ha registrat un increment d&#8217;activitat d&#8217;Urg\u00e8ncies i d&#8217;ingressos hospitalaris a l&#8217;Hospital d&#8217;Alzira, a causa de la major aflu\u00e8ncia de pacients amb patologia respirat\u00f2ria greu (covid i no covid), tal com sol oc\u00f3rrer tots els mesos d&#8217;hivern, especialment gener i febrer&#8221;.<\/p>\n\n\n\n<p class=\"wp-block-paragraph\">&#8220;En el dia d&#8217;avui, hi ha 37 pacients en els boxs del Servei d&#8217;Urg\u00e8ncies, perfectament atesos i en adequades condicions de confortabilitat i intimitat; a primera hora del mat\u00ed s&#8217;havia sol\u00b7licitat l&#8217;ingr\u00e9s de 24 d&#8217;aquests pacients, als quals ja se&#8217;ls ha anat assignant llit i que aniran pujant a planta, de manera progressiva, al llarg del dia&#8221;, han afegit des de l&#8217;hospital.<\/p>\n\n\n\n<p class=\"wp-block-paragraph\">La zona de Respiratori a qu\u00e8 fa refer\u00e8ncia el comunicat, &#8220;\u00e9s una \u00e0rea que, des d&#8217;el mes d&#8217;octubre passat, s&#8217;utilitza per a administrar tractaments intravenosos a pacients no oncol\u00f2gics&#8221;, per la qual cosa &#8220;en moments puntuals de major pressi\u00f3 assistencial en Urg\u00e8ncies, s&#8217;utilitza aquesta zona com a sala de preingr\u00e9s per a pacients, amb la finalitat de mantenir les condicions de confortabilitat, intimitat i cures que reben en Urg\u00e8ncies, per\u00f2 es deixa de destinar a aquest \u00fas quan la pressi\u00f3 assistencial decau, mantenint el seu funcionament estructural com a zona de tractaments ambulatoris. La utilitzaci\u00f3 permanent d&#8217;aquesta zona com a subsidi\u00e0ria del Servei d&#8217;Urg\u00e8ncies, tal com se sol\u00b7licita en el comunicat, impossibilitaria administrar correctament els tractaments intravenosos als pacients no oncol\u00f2gics que di\u00e0riament els necessiten i els reben en aquesta \u00e0rea del centre alzireny&#8221;.<\/p>\n\n\n\n<p class=\"wp-block-paragraph\">&#8220;Els tractament intravenosos s\u00f3n procediments m\u00e8dics cada vegada m\u00e9s utilitzats per les diferents especialitats m\u00e8diques (Neurologia, Medicina Digestiva, Cirurgia Vascular, Cardiologia, Pneumologia, Alergolog\u00eda, Dermatologia, Oftalmologia, Endocrinologia, Medicina Interna i Reumatolog\u00eda), el temps de dispensaci\u00f3 de la qual oscil\u00b7la entre els 30 minuts i les 7 hores, per la qual cosa \u00e9s necessari comptar amb un espai adequat per a ells. Nom\u00e9s l&#8217;any 2020, prop de 2.000 pacients van rebre aquest tipus de tractaments intravenosos no oncol\u00f2gics a l&#8217;Hospital de la Ribera&#8221;, han finalitzat des de la direcci\u00f3 de l&#8217;Hospital de la Ribera.<\/p>\n","protected":false},"excerpt":{"rendered":"<div class=\"mh-excerpt\">Des del Departament de Salut de la Ribera han volgut contestar a les acusacions realitzades aquest dimarts des del sindicat CSIF, entitat des de la qual han denunciat &#8220;la saturaci\u00f3 que s&#8217;est\u00e0 produint en el <a class=\"mh-excerpt-more\" href=\"https:\/\/tucomarca.whitekongsoftware.com\/ca\/lhospital-de-la-ribera-atribueix-a-la-major-afluencia-de-pacients-amb-patologia-respiratoria-greu-lincrement-de-lactivitat-en-urgencies-criticat-per-csif\/\" title=\"L&#8217;Hospital de la Ribera atribueix &#8220;a la major aflu\u00e8ncia de pacients amb patologia respirat\u00f2ria greu&#8221; l&#8217;increment de l&#8217;activitat en Urg\u00e8ncies criticat per CSIF\">[+] <\/a><\/div>\n","protected":false},"author":1,"featured_media":71332,"comment_status":"open","ping_status":"open","sticky":false,"template":"","format":"standard","meta":{"footnotes":""},"categories":[10889,11010,10898,10948,10894,10904,10902,10947,10896,10897],"tags":[11192,12491,14701,11077],"class_list":["post-148812","post","type-post","status-publish","format-standard","has-post-thumbnail","category-alzira-cat","category-canal-salud","category-ventana-ca","category-infraestructuras-ca","category-la-comarca-ca","category-sin-categorizar-ca","category-la-ribera-ca","category-politica","category-seccion-ca","category-sucesos-la-comarca-ca","tag-alzira-ca","tag-hospital-de-la-ribera-ca","tag-hospital-universitario-de-la-ribera-ca","tag-la-ribera-alta-ca"],"_links":{"self":[{"href":"https:\/\/tucomarca.whitekongsoftware.com\/ca\/wp-json\/wp\/v2\/posts\/148812","targetHints":{"allow":["GET"]}}],"collection":[{"href":"https:\/\/tucomarca.whitekongsoftware.com\/ca\/wp-json\/wp\/v2\/posts"}],"about":[{"href":"https:\/\/tucomarca.whitekongsoftware.com\/ca\/wp-json\/wp\/v2\/types\/post"}],"author":[{"embeddable":true,"href":"https:\/\/tucomarca.whitekongsoftware.com\/ca\/wp-json\/wp\/v2\/users\/1"}],"replies":[{"embeddable":true,"href":"https:\/\/tucomarca.whitekongsoftware.com\/ca\/wp-json\/wp\/v2\/comments?post=148812"}],"version-history":[{"count":0,"href":"https:\/\/tucomarca.whitekongsoftware.com\/ca\/wp-json\/wp\/v2\/posts\/148812\/revisions"}],"wp:featuredmedia":[{"embeddable":true,"href":"https:\/\/tucomarca.whitekongsoftware.com\/ca\/wp-json\/wp\/v2\/media\/71332"}],"wp:attachment":[{"href":"https:\/\/tucomarca.whitekongsoftware.com\/ca\/wp-json\/wp\/v2\/media?parent=148812"}],"wp:term":[{"taxonomy":"category","embeddable":true,"href":"https:\/\/tucomarca.whitekongsoftware.com\/ca\/wp-json\/wp\/v2\/categories?post=148812"},{"taxonomy":"post_tag","embeddable":true,"href":"https:\/\/tucomarca.whitekongsoftware.com\/ca\/wp-json\/wp\/v2\/tags?post=148812"}],"curies":[{"name":"wp","href":"https:\/\/api.w.org\/{rel}","templated":true}]}}