{"id":148807,"date":"2022-02-08T09:59:00","date_gmt":"2022-02-08T08:59:00","guid":{"rendered":"http:\/\/www.tucomarca.com\/wordpress\/segunda\/?p=148807"},"modified":"2022-02-08T14:44:51","modified_gmt":"2022-02-08T13:44:51","slug":"torna-a-bunyol-la-caravana-humanitaria-per-la-llibertat-del-poble-saharaui-amb-la-finalitat-de-recaptar-aliments-per-als-campaments-de-refugiats-en-tindouf","status":"publish","type":"post","link":"https:\/\/tucomarca.whitekongsoftware.com\/ca\/torna-a-bunyol-la-caravana-humanitaria-per-la-llibertat-del-poble-saharaui-amb-la-finalitat-de-recaptar-aliments-per-als-campaments-de-refugiats-en-tindouf\/","title":{"rendered":"Torna a Bunyol la Caravana Humanit\u00e0ria per la Llibertat del Poble Saharau\u00ed amb la finalitat de recaptar aliments per als campaments de refugiats en Tindouf"},"content":{"rendered":"\n<p class=\"wp-block-paragraph\">La Regidoria de Benestar Social de l&#8217;Ajuntament de Bunyol ha informat que diverses ONG&#8217;s de Val\u00e8ncia i Castell\u00f3, que pertanyen al Moviment valenci\u00e0 d&#8217;associacions pel Poble sahrau\u00ed (<em>MOVAPS), porten organitzant la caravana humanit\u00e0ria al S\u00e0hara, des d&#8217;abans del passat nadal. L&#8217;associaci\u00f3 que treballa en aquesta localitat i en la resta de la comarca, anomenada \u201c<\/em>Ajuda als Pobles\u201d, forma part d&#8217;aquest col\u00b7lectiu que dona vida a aquesta caravana solid\u00e0ria, al costat de la resta.<\/p>\n\n\n\n<p class=\"wp-block-paragraph\">&#8220;La present edici\u00f3 de 2022 es repr\u00e8n amb for\u00e7a, esperan\u00e7a i molta il\u00b7lusi\u00f3 de carregar 2 semiremolcs amb productes de primera necessitat, entre ells i sobretot, aliments no peribles. Es preveu que la c\u00e0rrega, surti el mes de mar\u00e7, per la qual cosa arribaria als campaments de poblaci\u00f3 refugiada sahrau\u00ed en Tindouf, el mes d&#8217;abril, si no hi ha cap contratemps d&#8217;\u00faltima hora. Aquest mes de febrer, s&#8217;ultimen els preparatius per a aconseguir recordar als nostres amics i amigues solidaris, que tenen l&#8217;oportunitat de col\u00b7laborar en aquesta campanya tan humanit\u00e0ria com justa&#8221;, segons informen.<\/p>\n\n\n\n<p class=\"wp-block-paragraph\">&#8220;Pel fet que la pand\u00e8mia no dona treva, continuem tenint habilitada l&#8217;\u00fanic compte oficial per a la caravana al S\u00e0hara al Pa\u00eds Valenci\u00e0, fixada en el cartell. Aqu\u00ed es poden fer donatius, amb la garantia i certesa que els diners seran emprats \u00fanicament en aquesta fi. Els aliments que aportarem enguany s\u00f3n: llegums, pasta, arr\u00f2s, sucre, oli d&#8217;oliva, tonyina i productes sense gl\u00fatens per al col\u00b7lectiu de poblaci\u00f3 afectada de celiaquia. Ja l&#8217;any passat, \u201cvam aconseguir nombroses aportacions amb aquesta f\u00f3rmula arribant a comprar aproximadament uns 6000 euros en aliments. Aix\u00f2 representa una gran part de la c\u00e0rrega a repartir entre les diferents wilayas\u201d, diuen des de l&#8217;associaci\u00f3 \u201cAjuda als Pobles\u201d.<\/p>\n\n\n\n<p class=\"wp-block-paragraph\">Recorden que la poblaci\u00f3 sahrau\u00ed, despla\u00e7ada des de 1975 del S\u00e0hara Occidental, &#8220;a causa de l&#8217;entrada il\u00b7legal del Rei del Marroc, roman en el refugi des de llavors, sense que cap govern de la democr\u00e0cia, hagi fet res per a aconseguir que el territori deix\u00e9s d&#8217;estar ocupat pel r\u00e8gim alauita. Els dos \u00faltims anys, amb l&#8217;explosi\u00f3 de la pand\u00e8mia a tot el m\u00f3n, han estat crucials i s&#8217;ha arribat a una gran crisi aliment\u00e0ria, la qual cosa fa, que els campaments, romanguin en un estat d&#8217;alarma constant. La salut s&#8217;ha deteriorat considerablement, especialment en els sectors m\u00e9s vulnerables: dones i poblaci\u00f3 infantil. S&#8217;han agreujat malalties i cronificado unes altres com l&#8217;an\u00e8mia, desnutrici\u00f3, diabetis o tensi\u00f3&#8221;.<\/p>\n\n\n\n<p class=\"wp-block-paragraph\">&#8220;Aquesta caravana ser\u00e0 la primera de l&#8217;any 2022 que s&#8217;organitza en l&#8217;estat espanyol i totes les comunitats concentren els seus esfor\u00e7os per a omplir els magatzems de la Mitja Lluna Roja Sahrau\u00ed i contribuir al repartiment. La canastra b\u00e0sica que es lliura per persona i mes, cont\u00e9 17,5 kg d&#8217;aliments quantitat que no aconsegueix cobrir la reserva d&#8217;alimentaci\u00f3 d&#8217;un any per a les prop de 200.000 persones refugiades sahrau\u00eds. D&#8217;altra banda, aquesta quantitat tampoc cobreix els nutrients necessaris a causa de l&#8217;escassa varietat i m\u00ednima diferenciaci\u00f3 de productes, la qual cosa fa que es converteixi en una dieta deficit\u00e0ria. L&#8217;aportaci\u00f3 de m\u00e9s aliments en aquesta caravana, aconseguir\u00e0 diversificar l&#8217;alimentaci\u00f3 entre la poblaci\u00f3&#8221;.<\/p>\n\n\n\n<p class=\"wp-block-paragraph\">&#8220;La poblaci\u00f3 no sols ha d&#8217;enfrontar-se al problema de viure en l&#8217;exili sense res, sin\u00f3 que dupliquen la dificultat en aquesta pand\u00e8mia. Crida l&#8217;atenci\u00f3, que mentre en el continent europeu, per exemple, s&#8217;aconsegueix ja les tres dosis de vacunaci\u00f3, per a tota aquella persona que no s&#8217;ha negat a vacunar-se, en els campaments, tan sols un 0,56% de la poblaci\u00f3, ha estat vacunada en 2021. Aix\u00f2 es deu entre altres coses, a la nul\u00b7la col\u00b7laboraci\u00f3 en aquest sentit, de l&#8217;Estat espanyol, perqu\u00e8 no ha donat ni una sola dosi de s\u00e8rum per a la poblaci\u00f3 refugiada sahrau\u00ed. Malgrat ser un sector prioritari en el pla creat a principi de la pand\u00e8mia, el \u201cpla de vacunaci\u00f3 solidari\u201d, la veritat \u00e9s que totes les vacunes solid\u00e0ries d&#8217;Espanya van ser per a onze pa\u00efsos d&#8217;Am\u00e8rica Llatina. Les poques vacunes aconseguides en el Ministeri de Salut sahrau\u00ed, van ser donades, majorit\u00e0riament, per pa\u00efsos com Alg\u00e8ria i Cuba, que tenen un comprom\u00eds solgut amb la poblaci\u00f3 refugiada sahrau\u00ed i el seu Govern representatiu, el Front Polisario. Les xifres de Covid19 l&#8217;any 2021, en els campaments sahrau\u00eds de Tindouf, van anar de 1871 persones positives, de les quals, 78 van morir i 1744 van ser donades d&#8217;alta. A aquests casos, se sumen les persones que no han pogut ser diagnosticades correctament, perqu\u00e8 si no arriben vacunes, tampoc arriben test d&#8217;ant\u00edgens o proves pcr&#8221;.<\/p>\n\n\n\n<p class=\"wp-block-paragraph\">&#8220;Per tots aquests antecedents, us demanem col\u00b7laboraci\u00f3 en aquesta recollida de fons i us donem les gr\u00e0cies per seguir al costat de la causa sahrau\u00ed. Perqu\u00e8 concretament la poblaci\u00f3 de Bunyol, germanada amb una de les dairas dels campaments, ha rom\u00e0s sempre fidel als seus principis inicials de col\u00b7laboraci\u00f3 amb els i les sahrau\u00eds, per a aconseguir la seva llibertat, perqu\u00e8 el convenciment que la causa \u00e9s pol\u00edtica m\u00e9s que humanit\u00e0ria, sempre ha estat present en els membres del consistori, estenent-se aix\u00ed a la poblaci\u00f3 de Bunyol. Cal recordar que per aquest poble han passat multitud de nens i nenes en vacances en pau, i que a m\u00e9s es realitzen projectes de cooperaci\u00f3 en la zona, afavorint de primera m\u00e0 als habitants que resisteixen calor i fred en el desert sahrau\u00ed. Fins quan caldr\u00e0 esperar per a una soluci\u00f3 digna a aquest conflicte? Mentrestant, tu ets \u00fatil en aquesta causa i t&#8217;estem esperant per a ser solidari@&#8221;, finalitzen des del consistori.<\/p>\n","protected":false},"excerpt":{"rendered":"<div class=\"mh-excerpt\">La Regidoria de Benestar Social de l&#8217;Ajuntament de Bunyol ha informat que diverses ONG&#8217;s de Val\u00e8ncia i Castell\u00f3, que pertanyen al Moviment valenci\u00e0 d&#8217;associacions pel Poble sahrau\u00ed (MOVAPS), porten organitzant la caravana humanit\u00e0ria al S\u00e0hara, <a class=\"mh-excerpt-more\" href=\"https:\/\/tucomarca.whitekongsoftware.com\/ca\/torna-a-bunyol-la-caravana-humanitaria-per-la-llibertat-del-poble-saharaui-amb-la-finalitat-de-recaptar-aliments-per-als-campaments-de-refugiats-en-tindouf\/\" title=\"Torna a Bunyol la Caravana Humanit\u00e0ria per la Llibertat del Poble Saharau\u00ed amb la finalitat de recaptar aliments per als campaments de refugiats en Tindouf\">[+] <\/a><\/div>\n","protected":false},"author":1,"featured_media":148804,"comment_status":"open","ping_status":"open","sticky":false,"template":"","format":"standard","meta":{"footnotes":""},"categories":[11019,10911,10948,10894,10912,10947,10896],"tags":[10913,10914,16359],"class_list":["post-148807","post","type-post","status-publish","format-standard","has-post-thumbnail","category-agenda-ca","category-bunol-ca","category-infraestructuras-ca","category-la-comarca-ca","category-la-hoya-ca","category-politica","category-seccion-ca","tag-bunol-ca","tag-la-hoya-de-bunol-chiva-ca","tag-saharauis-ca"],"_links":{"self":[{"href":"https:\/\/tucomarca.whitekongsoftware.com\/ca\/wp-json\/wp\/v2\/posts\/148807","targetHints":{"allow":["GET"]}}],"collection":[{"href":"https:\/\/tucomarca.whitekongsoftware.com\/ca\/wp-json\/wp\/v2\/posts"}],"about":[{"href":"https:\/\/tucomarca.whitekongsoftware.com\/ca\/wp-json\/wp\/v2\/types\/post"}],"author":[{"embeddable":true,"href":"https:\/\/tucomarca.whitekongsoftware.com\/ca\/wp-json\/wp\/v2\/users\/1"}],"replies":[{"embeddable":true,"href":"https:\/\/tucomarca.whitekongsoftware.com\/ca\/wp-json\/wp\/v2\/comments?post=148807"}],"version-history":[{"count":0,"href":"https:\/\/tucomarca.whitekongsoftware.com\/ca\/wp-json\/wp\/v2\/posts\/148807\/revisions"}],"wp:featuredmedia":[{"embeddable":true,"href":"https:\/\/tucomarca.whitekongsoftware.com\/ca\/wp-json\/wp\/v2\/media\/148804"}],"wp:attachment":[{"href":"https:\/\/tucomarca.whitekongsoftware.com\/ca\/wp-json\/wp\/v2\/media?parent=148807"}],"wp:term":[{"taxonomy":"category","embeddable":true,"href":"https:\/\/tucomarca.whitekongsoftware.com\/ca\/wp-json\/wp\/v2\/categories?post=148807"},{"taxonomy":"post_tag","embeddable":true,"href":"https:\/\/tucomarca.whitekongsoftware.com\/ca\/wp-json\/wp\/v2\/tags?post=148807"}],"curies":[{"name":"wp","href":"https:\/\/api.w.org\/{rel}","templated":true}]}}