{"id":148769,"date":"2022-02-08T11:33:00","date_gmt":"2022-02-08T10:33:00","guid":{"rendered":"http:\/\/www.tucomarca.com\/wordpress\/segunda\/?p=148769"},"modified":"2022-02-08T14:05:59","modified_gmt":"2022-02-08T13:05:59","slug":"la-tendencia-a-la-baixa-en-els-contagis-de-covid-en-la-foia-es-mante-despres-de-lultima-actualitzacio-de-sanitat","status":"publish","type":"post","link":"https:\/\/tucomarca.whitekongsoftware.com\/ca\/la-tendencia-a-la-baixa-en-els-contagis-de-covid-en-la-foia-es-mante-despres-de-lultima-actualitzacio-de-sanitat\/","title":{"rendered":"La tend\u00e8ncia a la baixa en els contagis de covid en La Foia es mant\u00e9 despr\u00e9s de l&#8217;\u00faltima actualitzaci\u00f3 de Sanitat"},"content":{"rendered":"\n<p class=\"wp-block-paragraph\">La tend\u00e8ncia a la baixa en el nombre de contagis de covid-19 en la majoria de municipis de la Foia de Bunyol-Xiva es mant\u00e9 despr\u00e9s de l&#8217;\u00faltima actualitzaci\u00f3 realitzada per la Conselleria de Sanitat Universal i Salut P\u00fablica. Concretament, els contagis es redueixen en tots els municipis a excepci\u00f3 de Macastre.<\/p>\n\n\n\n<p class=\"wp-block-paragraph\">Entre els municipis amb major poblaci\u00f3 a la comarca, com <strong>Xiva<\/strong>, que compta amb un cens de 15.123 persones, els contagis disminueixen dels 424 casos fins als 369 i la incid\u00e8ncia acumulada confirmada per PCR se situa en els 2.393,93 casos per cada cent mil habitants, disminuint des de la xifra anterior que es va situar en 2.750,75.<\/p>\n\n\n\n<p class=\"wp-block-paragraph\">A <strong>Bunyol<\/strong> els casos tamb\u00e9 disminueixen des dels 526 fins als 356, la qual cosa ha comportat que la incid\u00e8ncia acumulada baixi tamb\u00e9 des dels 5.538,01 casos per cada cent mil habitants als 3.748,16.<\/p>\n\n\n\n<p class=\"wp-block-paragraph\">Finalment, a <strong>Xest<\/strong> disminueixen els contagis des dels 487 casos fins als 301, situant-se la incid\u00e8ncia acumulada en els 3.445,91 casos per cada cent mil habitants.<\/p>\n\n\n\n<p class=\"wp-block-paragraph\">En la resta de municipis de la Foia, les xifres s\u00f3n les seg\u00fcents:<\/p>\n\n\n\n<ul class=\"wp-block-list\"><li><strong>Alboraig<\/strong>, baixen els contagis des dels 46 positius fins als 27 i fa disminuir la incid\u00e8ncia acumulada dels 3.254,28 casos per cent mil habitants als 2.196,91.<\/li><li><strong>Dosaig\u00fces<\/strong>, baixa dels 18 casos als 10 i d&#8217;una incid\u00e8ncia acumula de 5.504,59 a 2.196,91.<\/li><li><strong>Godelleta<\/strong>, baixa dels 79 positius als 46 i d&#8217;una incid\u00e8ncia acumulada de 2.204,24 a 1.283,48.<\/li><li><strong>Macastre<\/strong>, \u00e9s l&#8217;\u00fanic municipi on els contagis pugen dels 22 casos als 25 i passa d&#8217;una incid\u00e8ncia de 1.692,31 a 1.923,08 casos per cada cent mil habitants.<\/li><li><strong>Setaig\u00fces<\/strong>, compta ara amb 24 positius pel que disminueix des dels 32 positius i la incid\u00e8ncia acumulada passa de 2.761,00 a 2.070,75.<\/li><li><strong>I\u00e0tova<\/strong>, baixa dels 41 positius als 36 i passa d&#8217;una incid\u00e8ncia acumulada de 1.972,10 a 1.731,60.<\/li><\/ul>\n","protected":false},"excerpt":{"rendered":"<div class=\"mh-excerpt\">La tend\u00e8ncia a la baixa en el nombre de contagis de covid-19 en la majoria de municipis de la Foia de Bunyol-Xiva es mant\u00e9 despr\u00e9s de l&#8217;\u00faltima actualitzaci\u00f3 realitzada per la Conselleria de Sanitat Universal <a class=\"mh-excerpt-more\" href=\"https:\/\/tucomarca.whitekongsoftware.com\/ca\/la-tendencia-a-la-baixa-en-els-contagis-de-covid-en-la-foia-es-mante-despres-de-lultima-actualitzacio-de-sanitat\/\" title=\"La tend\u00e8ncia a la baixa en els contagis de covid en La Foia es mant\u00e9 despr\u00e9s de l&#8217;\u00faltima actualitzaci\u00f3 de Sanitat\">[+] <\/a><\/div>\n","protected":false},"author":1,"featured_media":148768,"comment_status":"open","ping_status":"open","sticky":false,"template":"","format":"standard","meta":{"footnotes":""},"categories":[10973,10911,11010,12202,10976,10898,10977,10980,10948,10894,10904,10912,10978,10947,10896,10979,10897,10974,10975],"tags":[11939,11940,10914,13963,13932],"class_list":["post-148769","post","type-post","status-publish","format-standard","has-post-thumbnail","category-alborache-ca","category-bunol-ca","category-canal-salud","category-covid-19-ca","category-dos-aguas-ca","category-ventana-ca","category-godelleta-ca","category-yatova-ca","category-infraestructuras-ca","category-la-comarca-ca","category-sin-categorizar-ca","category-la-hoya-ca","category-macastre-ca","category-politica","category-seccion-ca","category-siete-aguas-ca","category-sucesos-la-comarca-ca","category-cheste-ca","category-chiva-ca","tag-coronavirus-ca","tag-covid-19-ca","tag-la-hoya-de-bunol-chiva-ca","tag-vacunacion-ca","tag-vacunas-ca"],"_links":{"self":[{"href":"https:\/\/tucomarca.whitekongsoftware.com\/ca\/wp-json\/wp\/v2\/posts\/148769","targetHints":{"allow":["GET"]}}],"collection":[{"href":"https:\/\/tucomarca.whitekongsoftware.com\/ca\/wp-json\/wp\/v2\/posts"}],"about":[{"href":"https:\/\/tucomarca.whitekongsoftware.com\/ca\/wp-json\/wp\/v2\/types\/post"}],"author":[{"embeddable":true,"href":"https:\/\/tucomarca.whitekongsoftware.com\/ca\/wp-json\/wp\/v2\/users\/1"}],"replies":[{"embeddable":true,"href":"https:\/\/tucomarca.whitekongsoftware.com\/ca\/wp-json\/wp\/v2\/comments?post=148769"}],"version-history":[{"count":0,"href":"https:\/\/tucomarca.whitekongsoftware.com\/ca\/wp-json\/wp\/v2\/posts\/148769\/revisions"}],"wp:featuredmedia":[{"embeddable":true,"href":"https:\/\/tucomarca.whitekongsoftware.com\/ca\/wp-json\/wp\/v2\/media\/148768"}],"wp:attachment":[{"href":"https:\/\/tucomarca.whitekongsoftware.com\/ca\/wp-json\/wp\/v2\/media?parent=148769"}],"wp:term":[{"taxonomy":"category","embeddable":true,"href":"https:\/\/tucomarca.whitekongsoftware.com\/ca\/wp-json\/wp\/v2\/categories?post=148769"},{"taxonomy":"post_tag","embeddable":true,"href":"https:\/\/tucomarca.whitekongsoftware.com\/ca\/wp-json\/wp\/v2\/tags?post=148769"}],"curies":[{"name":"wp","href":"https:\/\/api.w.org\/{rel}","templated":true}]}}