{"id":148738,"date":"2022-02-07T09:00:00","date_gmt":"2022-02-07T08:00:00","guid":{"rendered":"http:\/\/www.tucomarca.com\/wordpress\/segunda\/?p=148738"},"modified":"2022-02-07T21:11:23","modified_gmt":"2022-02-07T20:11:23","slug":"concentracions-la-foia-la-ribera-requena-utiel-i-la-serrania-per-a-exigir-una-ubicacio-racional-de-les-renovables","status":"publish","type":"post","link":"https:\/\/tucomarca.whitekongsoftware.com\/ca\/concentracions-la-foia-la-ribera-requena-utiel-i-la-serrania-per-a-exigir-una-ubicacio-racional-de-les-renovables\/","title":{"rendered":"Concentracions a La Foia, La Ribera, Requena-Utiel i La Serrania per a exigir una ubicaci\u00f3 racional de les renovables"},"content":{"rendered":"\n<h4 class=\"wp-block-heading\">Les concentracions, convocades per la Coordinadora Valenciana per la Ubicaci\u00f3 Racional de les Energies Renovables, s&#8217;han dut a terme en diversos municipis de les tres prov\u00edncies de la Comunitat, entre ells Bunyol, Xiva, Alzira, Aiora, Camporrobles, Catadau, Xella, Requena, Setaig\u00fces, Utiel i Villar per a exigir una &#8220;ubicaci\u00f3 racional&#8221; de les energies renovables<\/h4>\n\n\n\n<figure class=\"wp-block-gallery columns-1 is-cropped wp-block-gallery-1 is-layout-flex wp-block-gallery-is-layout-flex\"><ul class=\"blocks-gallery-grid\"><li class=\"blocks-gallery-item\"><figure><img loading=\"lazy\" decoding=\"async\" width=\"1024\" height=\"768\" src=\"http:\/\/www.tucomarca.com\/wordpress\/segunda\/wp-content\/uploads\/2022\/02\/CATADAU-1024x768.jpg\" alt=\"\" data-id=\"148729\" data-full-url=\"http:\/\/www.tucomarca.com\/wordpress\/segunda\/wp-content\/uploads\/2022\/02\/CATADAU.jpg\" data-link=\"http:\/\/www.tucomarca.com\/wordpress\/segunda\/?attachment_id=148729\" class=\"wp-image-148729\" srcset=\"https:\/\/tucomarca.whitekongsoftware.com\/wp-content\/uploads\/2022\/02\/CATADAU-1024x768.jpg 1024w, https:\/\/tucomarca.whitekongsoftware.com\/wp-content\/uploads\/2022\/02\/CATADAU-300x225.jpg 300w, https:\/\/tucomarca.whitekongsoftware.com\/wp-content\/uploads\/2022\/02\/CATADAU-768x576.jpg 768w, https:\/\/tucomarca.whitekongsoftware.com\/wp-content\/uploads\/2022\/02\/CATADAU-1536x1152.jpg 1536w, https:\/\/tucomarca.whitekongsoftware.com\/wp-content\/uploads\/2022\/02\/CATADAU-678x509.jpg 678w, https:\/\/tucomarca.whitekongsoftware.com\/wp-content\/uploads\/2022\/02\/CATADAU-326x245.jpg 326w, https:\/\/tucomarca.whitekongsoftware.com\/wp-content\/uploads\/2022\/02\/CATADAU-80x60.jpg 80w, https:\/\/tucomarca.whitekongsoftware.com\/wp-content\/uploads\/2022\/02\/CATADAU.jpg 1600w\" sizes=\"auto, (max-width: 1024px) 100vw, 1024px\" \/><\/figure><\/li><li class=\"blocks-gallery-item\"><figure><img loading=\"lazy\" decoding=\"async\" width=\"1024\" height=\"768\" src=\"http:\/\/www.tucomarca.com\/wordpress\/segunda\/wp-content\/uploads\/2022\/02\/REQUENA-1024x768.jpg\" alt=\"\" data-id=\"148731\" data-full-url=\"http:\/\/www.tucomarca.com\/wordpress\/segunda\/wp-content\/uploads\/2022\/02\/REQUENA.jpg\" data-link=\"http:\/\/www.tucomarca.com\/wordpress\/segunda\/?attachment_id=148731\" class=\"wp-image-148731\" srcset=\"https:\/\/tucomarca.whitekongsoftware.com\/wp-content\/uploads\/2022\/02\/REQUENA-1024x768.jpg 1024w, https:\/\/tucomarca.whitekongsoftware.com\/wp-content\/uploads\/2022\/02\/REQUENA-300x225.jpg 300w, https:\/\/tucomarca.whitekongsoftware.com\/wp-content\/uploads\/2022\/02\/REQUENA-768x576.jpg 768w, https:\/\/tucomarca.whitekongsoftware.com\/wp-content\/uploads\/2022\/02\/REQUENA-678x509.jpg 678w, https:\/\/tucomarca.whitekongsoftware.com\/wp-content\/uploads\/2022\/02\/REQUENA-326x245.jpg 326w, https:\/\/tucomarca.whitekongsoftware.com\/wp-content\/uploads\/2022\/02\/REQUENA-80x60.jpg 80w, https:\/\/tucomarca.whitekongsoftware.com\/wp-content\/uploads\/2022\/02\/REQUENA.jpg 1280w\" sizes=\"auto, (max-width: 1024px) 100vw, 1024px\" \/><\/figure><\/li><\/ul><\/figure>\n\n\n\n<p class=\"wp-block-paragraph\">Aquest passat diumenge en m\u00e9s de 23 municipis valencians s&#8217;ha escoltat un clam per la ubicaci\u00f3 racional de les energies renovables, que passa per a rectificar el decret llei 14\/2020; una normativa que s&#8217;ha evidenciat &#8220;incapa\u00e7 de planificar i ordenar racionalment el desplegament de les renovables en el nostre territori i que condueix a uns resultats contradictoris amb els objectius de la pr\u00f2pia regulaci\u00f3&#8221;, segons els organitzadors.<\/p>\n\n\n\n<p class=\"wp-block-paragraph\">&#8220;\u00c9s un text tan mal fet, que ell mateix s&#8217;acte-contradiu. El resultat \u00e9s qualsevol cosa menys la sostenibilitat. No \u00e9s eficient, no \u00e9s just, no \u00e9s equitatiu, no ordena res i no salvaguarda adequadament ni el medi ambient, ni l&#8217;agricultura, ni el paisatge. En definitiva, \u00e9s un error. Cal rectificar i modificar el decret, cosa realista i factible amb la qual tots i totes guanyar\u00edem, excepte algunes empreses especuladores que, simplement, minvarien el que pretenen guanyar. L&#8217;administraci\u00f3 ha d&#8217;escoltar aquest clam que demana la rectificaci\u00f3 d&#8217;un decret que s&#8217;ha fet amb presses i malament i origina greus inefici\u00e8ncies&#8221;, afegeixen.<\/p>\n\n\n\n<p class=\"wp-block-paragraph\"><br>A les 12.00 h del diumenge en els municipis d&#8217;Alcal\u00e0 de Xivert-<em>Alcossebre, Alzira, Aiora, Borriol, Bunyol, Camporrobles, Carcaixent, Catadau, Xella, Xiva, Elda-Petrer, la Vall d&#8217;<\/em>Uix\u00f2, les Coves de Vinrom\u00e0, Mon\u00f2ver, Montesa-la Costa, Requena, Sant Joan de Mor\u00f3, Setaig\u00fces, Utiel, Vilafam\u00e9s i Villar s&#8217;han concentrat representants de les diferents plataformes locals i comarcals que es &#8220;oposen a aquesta equivocada normativa i p\u00e8ssima regulaci\u00f3, i les seves conseq\u00fc\u00e8ncies amb projectes que destrueixen el territori, per a manifestar el seu rebuig i exigir la seva modificaci\u00f3. Han desplegat pancartes i cartells i han manifestat la necessitat de dialogar i rectificar. Amb l&#8217;acte, la Coordinadora valenciana per la ubicaci\u00f3 racional de les EE RR exigeix del govern valenci\u00e0 que s&#8217;assegui a parla i modificar el decret, en benefici de tots i totes. Volem que les promeses de transpar\u00e8ncia, participaci\u00f3 i di\u00e0leg siguin una realitat&#8221;.<\/p>\n\n\n\n<p class=\"wp-block-paragraph\"><br>La Coordinadora est\u00e0 &#8220;innegablement a favor de la necess\u00e0ria i inajornable transici\u00f3 energ\u00e8tica mitjan\u00e7ant el desplegament de les energies renovables, per\u00f2 que aquesta ha de ser planificada des del p\u00fablic, amb la participaci\u00f3 de la societat i les entitats locals i no des dels interessos especulatius, i ha de ser justa, equitativa i sostenible i \u00fanicament demana que se situ\u00efn all\u00e0 on m\u00e9s consum i necessitat hi ha, d&#8217;una manera ordenada, racional i dimensionada i on menys impactes negatius tinguin, cosa que ara, lamentablement, constatem que no s&#8217;est\u00e0 complint; m\u00e9s aviat tot el contrari&#8221;.<\/p>\n\n\n\n<p class=\"wp-block-paragraph\"><br>&#8220;La mala regulaci\u00f3 del Decret afavoreix que la immensa majoria de projectes presentats, siguin grans instal\u00b7lacions, seguint un model de concentraci\u00f3 i de producci\u00f3 el\u00e8ctrica per a evacuar en la xarxa de transport i no a la de distribuci\u00f3 pr\u00f2xima, i fa que vagin a parar als s\u00f2ls barats i econ\u00f2mics per les empreses promotores. Justament els llocs on m\u00e9s mal poden fer i on menys falta fan, exigint despr\u00e9s la construcci\u00f3 de centenars de km de l\u00ednies el\u00e8ctriques que multipliquin els danys. Aquest model no deixa beneficis en el territori on s&#8217;implanta, de fet, els impactes s\u00f3n molt greus contra l&#8217;agricultura, el paisatge i el medi ambient, per\u00f2 tamb\u00e9 tindran negatives conseq\u00fc\u00e8ncies socials i econ\u00f2miques, que perjudiquen seriosament les possibilitats d&#8217;un desenvolupament sostenible a les comarques d&#8217;interior. A la llarga aix\u00f2 es transformar\u00e0 en m\u00e9s atur, m\u00e9s despoblament, p\u00e8rdues de rendes i degradaci\u00f3 del capital natural del nostre territori, amb greu perjudici de la biodiversitat i la sostenibilitat&#8221;.<\/p>\n\n\n\n<p class=\"wp-block-paragraph\">Els concentrats, en cada cas, han fet arribar aquestes reivindicacions als alcaldes de les respectives poblacions, demanant-los que &#8220;defensin els interessos de la ciutadania i no dels especuladors. Els ajuntaments no han de renunciar a la seva capacitat d&#8217;ordenar el territori i defensar els valors propis. Han d&#8217;estar sempre al costat de la seva gent i demanar tamb\u00e9 millorar un decret ineficient i insolvent, aix\u00ed com presentar mocions sol\u00b7licitant la modificaci\u00f3 d&#8217;aquells articles del decret que vulnerin l&#8217;autonomia municipal&#8221;.<\/p>\n\n\n\n<p class=\"wp-block-paragraph\">A m\u00e9s d&#8217;organitzar actes de protesta com aquest, la Coordinadora continuar\u00e0 &#8220;presentant esmenes a l&#8217;allau de projectes desmesurats, inadequats i impactants que afecten en molts municipis de totes les comarques d&#8217;interior valencianes. A part, s&#8217;est\u00e0 estudiant altres accions de tipus legal i pol\u00edtic per a evitar els danys immensos que s&#8217;originaran de seguir endavant els centenars de projectes que, de manera provisional i incompleta afecten, almenys fins ara a 15,000 Has. Projectes que pretenen instal\u00b7lar-se sempre en S\u00f2l No Urbanitzable, cosa que hauria de ser l&#8217;excepci\u00f3 i s&#8217;ha convertit en la regla i que afecten valors que s&#8217;haurien de preservar i que ara queden totalment agredits, com per exemple terres agr\u00edcoles productives, zones de gran valor ecol\u00f2gic i paisatges d&#8217;alt inter\u00e8s i referents culturals. Tot aix\u00f2 implica segar des de la base les possibilitats de desenvolupament futur per les comarques afectades, a majoria de les m\u00e9s pobres i marginades, en proc\u00e9s de despoblament, i deficit\u00e0ries de serveis i dotacions. Una desigualtat i una injust\u00edcia hist\u00f2rica que cal corregir i rectificar&#8221;.<\/p>\n\n\n\n<p class=\"wp-block-paragraph\"><br>La Coordinadora cursar\u00e0 en breu &#8220;peticions d&#8217;entrevista dirigides a les tres conselleries implicades, Conselleria d&#8217;Agricultura, Conselleria d&#8217;Economia Sostenible i Conselleria de Pol\u00edtica Territorial, demanant una cosa elemental: di\u00e0leg i participaci\u00f3. Coses que han faltat en tot el proc\u00e9s, de manera contradict\u00f2ria amb les grans paraules que s&#8217;emporta el vent. Fins ara: ni participaci\u00f3, ni transpar\u00e8ncia ni di\u00e0leg. Nom\u00e9s imposici\u00f3 d&#8217;una normativa mal feta i manifestament molt millorable. Per una transici\u00f3 energ\u00e8tica veritablement justa i sostenible. Demanem rectificar el decret llei 14\/2020&#8221;.<\/p>\n","protected":false},"excerpt":{"rendered":"<div class=\"mh-excerpt\">Les concentracions, convocades per la Coordinadora Valenciana per la Ubicaci\u00f3 Racional de les Energies Renovables, s&#8217;han dut a terme en diversos municipis de les tres prov\u00edncies de la Comunitat, entre ells Bunyol, Xiva, Alzira, Aiora, <a class=\"mh-excerpt-more\" href=\"https:\/\/tucomarca.whitekongsoftware.com\/ca\/concentracions-la-foia-la-ribera-requena-utiel-i-la-serrania-per-a-exigir-una-ubicacio-racional-de-les-renovables\/\" title=\"Concentracions a La Foia, La Ribera, Requena-Utiel i La Serrania per a exigir una ubicaci\u00f3 racional de les renovables\">[+] <\/a><\/div>\n","protected":false},"author":12,"featured_media":148728,"comment_status":"open","ping_status":"open","sticky":false,"template":"","format":"standard","meta":{"footnotes":""},"categories":[10954,10951,10889,10911,10991,10968,11046,10898,10948,10963,10894,10912,10902,10903,10947,10908,10909,10896,10979,11059,11029,10975],"tags":[10914,11080,16356,10910,11356],"class_list":["post-148738","post","type-post","status-publish","format-standard","has-post-thumbnail","category-ayora-ca","category-ayora-cofrentes-ca","category-alzira-cat","category-bunol-ca","category-catadau-ca","category-chella-ca","category-los-serranos-ca","category-ventana-ca","category-infraestructuras-ca","category-la-canal-de-navarres-ca","category-la-comarca-ca","category-la-hoya-ca","category-la-ribera-ca","category-medio-ambiente-la-comarca-ca","category-politica","category-requena-ca","category-requena-utiel-ca","category-seccion-ca","category-siete-aguas-ca","category-utiel-ca","category-villar-del-arzobispo-ca","category-chiva-ca","tag-la-hoya-de-bunol-chiva-ca","tag-los-serranos-ca","tag-renovables-ca","tag-requena-utiel-ca","tag-ribera-alta-ca"],"_links":{"self":[{"href":"https:\/\/tucomarca.whitekongsoftware.com\/ca\/wp-json\/wp\/v2\/posts\/148738","targetHints":{"allow":["GET"]}}],"collection":[{"href":"https:\/\/tucomarca.whitekongsoftware.com\/ca\/wp-json\/wp\/v2\/posts"}],"about":[{"href":"https:\/\/tucomarca.whitekongsoftware.com\/ca\/wp-json\/wp\/v2\/types\/post"}],"author":[{"embeddable":true,"href":"https:\/\/tucomarca.whitekongsoftware.com\/ca\/wp-json\/wp\/v2\/users\/12"}],"replies":[{"embeddable":true,"href":"https:\/\/tucomarca.whitekongsoftware.com\/ca\/wp-json\/wp\/v2\/comments?post=148738"}],"version-history":[{"count":0,"href":"https:\/\/tucomarca.whitekongsoftware.com\/ca\/wp-json\/wp\/v2\/posts\/148738\/revisions"}],"wp:featuredmedia":[{"embeddable":true,"href":"https:\/\/tucomarca.whitekongsoftware.com\/ca\/wp-json\/wp\/v2\/media\/148728"}],"wp:attachment":[{"href":"https:\/\/tucomarca.whitekongsoftware.com\/ca\/wp-json\/wp\/v2\/media?parent=148738"}],"wp:term":[{"taxonomy":"category","embeddable":true,"href":"https:\/\/tucomarca.whitekongsoftware.com\/ca\/wp-json\/wp\/v2\/categories?post=148738"},{"taxonomy":"post_tag","embeddable":true,"href":"https:\/\/tucomarca.whitekongsoftware.com\/ca\/wp-json\/wp\/v2\/tags?post=148738"}],"curies":[{"name":"wp","href":"https:\/\/api.w.org\/{rel}","templated":true}]}}